{"id":55,"date":"2018-11-27T15:14:16","date_gmt":"2018-11-27T13:14:16","guid":{"rendered":"https:\/\/blogs.uef.fi\/envirolatam\/?p=55"},"modified":"2020-04-17T17:43:59","modified_gmt":"2020-04-17T14:43:59","slug":"first-post-and-a-short-report-from-the-10th-nolan-conference-norway","status":"publish","type":"post","link":"https:\/\/blogs.uef.fi\/envirolatam\/2018\/11\/27\/first-post-and-a-short-report-from-the-10th-nolan-conference-norway\/","title":{"rendered":"First post and a short report from the 10th NOLAN Conference, Norway"},"content":{"rendered":"<p style=\"text-align: justify\"><em>\u00a1Hola! Oi!<\/em><\/p>\n<p style=\"text-align: justify\">This is our first post on ESDLA group\u2019s blog, and we are hoping to stay posting each time we can. There is no better way to start our blog posting doing a short report about the participation of some of the group members in the 10th Nordic Latin American Research Network-NOLAN- Conference, in Oslo, Norway, the last October. In fact, the group organized a thematic panel called: &#8220;Environmental conflicts and socio-ecological transformations: identities, values, and practices in contemporary Latin America&#8221;. Although this conference held every two years is not explicitly about environmental issues, is by no means that there is no space to discuss such issues nor social, political, and cultural concerns are not environmental as well.<\/p>\n<div id=\"attachment_105\" style=\"width: 484px\" class=\"wp-caption aligncenter\"><img loading=\"lazy\" decoding=\"async\" aria-describedby=\"caption-attachment-105\" class=\"wp-image-105 size-large\" src=\"https:\/\/blogs.uef.fi\/envirolatam\/wp-content\/uploads\/sites\/85\/2018\/11\/IMG_20181025_191033987-768x1024.jpg\" alt=\"(Photo: Germ\u00e1n A. Quimbayo Ruiz)\" width=\"474\" height=\"632\" srcset=\"https:\/\/blogs.uef.fi\/envirolatam\/wp-content\/uploads\/sites\/85\/2018\/11\/IMG_20181025_191033987-768x1024.jpg 768w, https:\/\/blogs.uef.fi\/envirolatam\/wp-content\/uploads\/sites\/85\/2018\/11\/IMG_20181025_191033987-225x300.jpg 225w\" sizes=\"auto, (max-width: 474px) 100vw, 474px\" \/><p id=\"caption-attachment-105\" class=\"wp-caption-text\">The Mayor of the city of Oslo, Marianne Borgen, addressing to the participants of NOLAN&#8217;s conference at a reception held in the City Hall.<\/p><\/div>\n<p style=\"text-align: justify\">This 10th version of the NOLAN conference was framed in the topic \u201cEpochal shifts in current Latin America\u201d (for more info about the conference click <a href=\"https:\/\/goo.gl\/quTvJu\">here<\/a>). Our <a href=\"https:\/\/goo.gl\/wLzyBW\">panel<\/a> had the \u201cfull house\u201d, and about 20 attendants listened to our presentations, offering their insights and feedback. All the UEF members\u2019 paper presentations were related to their ongoing doctoral projects in Mexico, Brazil, and Colombia respectively: Violeta Guti\u00e9rrez Zamora (panel convener), Mariana Galv\u00e3o Lyra, and Germ\u00e1n A. Quimbayo Ruiz. The rest of the members of the panel were Anja Nygren (panel chair) and Anna Heikkinen from University of Helsinki, and Gard Fr\u00e6kaland Vangsnes who is an independent scholar from Norway.<\/p>\n<div id=\"attachment_101\" style=\"width: 484px\" class=\"wp-caption aligncenter\"><img loading=\"lazy\" decoding=\"async\" aria-describedby=\"caption-attachment-101\" class=\"wp-image-101 size-large\" src=\"https:\/\/blogs.uef.fi\/envirolatam\/wp-content\/uploads\/sites\/85\/2018\/11\/IMG_20181025_112109357_HDR-1024x768.jpg\" alt=\"\" width=\"474\" height=\"356\" srcset=\"https:\/\/blogs.uef.fi\/envirolatam\/wp-content\/uploads\/sites\/85\/2018\/11\/IMG_20181025_112109357_HDR-1024x768.jpg 1024w, https:\/\/blogs.uef.fi\/envirolatam\/wp-content\/uploads\/sites\/85\/2018\/11\/IMG_20181025_112109357_HDR-300x225.jpg 300w, https:\/\/blogs.uef.fi\/envirolatam\/wp-content\/uploads\/sites\/85\/2018\/11\/IMG_20181025_112109357_HDR-768x576.jpg 768w\" sizes=\"auto, (max-width: 474px) 100vw, 474px\" \/><p id=\"caption-attachment-101\" class=\"wp-caption-text\">People attending the panel organized by ESDLA (Photo: Germ\u00e1n A. Quimbayo Ruiz)<\/p><\/div>\n<p style=\"text-align: justify\">Mexico, Brazil, Colombia, Ecuador, and Per\u00fa, were the countries in the panel. From territorial conflicts, mining, water vulnerability, and urban nature, the presentations in the panel fitted very well with the main ideas along the conference. Issues such as disputes, conflicts, identities, and democracy were in common along the presentations regardless of their different topics or approaches.<\/p>\n<p style=\"text-align: justify\">Latin American complex realities and experiences can also bring learnings to current planetary challenges on democracy, climate change, and humanitarian crisis. Although social justice claims in Latin America are nothing new, environment and climate change are mobilizing old and new struggles for life, dignity, and other ways of social and economic development. In such struggles, there is a pursuing desire on democracy, which such, at the same, it is at stake because of new forms of exploitation (rural and urban) driven by social and environmental injustices, corruption and crime, escalating violence, and the uprising of authoritarian regimes.<\/p>\n<p style=\"text-align: justify\">Unfortunately, Latin America is the deadliest region for environmental activists, and according to <em><a href=\"https:\/\/www.theguardian.com\/environment\/2018\/feb\/02\/almost-four-environmental-defenders-a-week-killed-in-2017\">Global Witness<\/a><\/em> almost four environmental defenders a week were killed in 2017. Despite this desolating panorama, the realities in every day tend to have more nuances that deserve a deep scrutiny from researchers and research activists. In so doing, it can provide not only denouncing social and environmental injustices but stories of hope and innovation towards sustainability transitions.<\/p>\n<p style=\"text-align: justify\">It is very important that research in such frame transcend its place of privilege, and that may be is the greatest learning from NOLAN. For instance, along the conference were highlighted concerns such as the new chapter in the history of dependency of the exploitation of natural resources in the region, the multiple obstacles and threats to peacebuilding in Colombia, humanitarian crisis faced by Venezuelan and Central American refugees, impunity of violence in Mexico, or the outcomes after \u201cthe marathon election\u201d of this year in the region upon a recent weakening of left-wing and progressive forces.<\/p>\n<div id=\"attachment_109\" style=\"width: 484px\" class=\"wp-caption aligncenter\"><img loading=\"lazy\" decoding=\"async\" aria-describedby=\"caption-attachment-109\" class=\"wp-image-109 size-large\" src=\"https:\/\/blogs.uef.fi\/envirolatam\/wp-content\/uploads\/sites\/85\/2018\/11\/IMG-20181025-WA0003-768x1024.jpg\" alt=\"\" width=\"474\" height=\"632\" srcset=\"https:\/\/blogs.uef.fi\/envirolatam\/wp-content\/uploads\/sites\/85\/2018\/11\/IMG-20181025-WA0003-768x1024.jpg 768w, https:\/\/blogs.uef.fi\/envirolatam\/wp-content\/uploads\/sites\/85\/2018\/11\/IMG-20181025-WA0003-225x300.jpg 225w, https:\/\/blogs.uef.fi\/envirolatam\/wp-content\/uploads\/sites\/85\/2018\/11\/IMG-20181025-WA0003.jpg 1200w\" sizes=\"auto, (max-width: 474px) 100vw, 474px\" \/><p id=\"caption-attachment-109\" class=\"wp-caption-text\">One of the keynote speakers: research Professor Monica Serrano (Photo: Violeta Guti\u00e9rrez-Zamora).<\/p><\/div>\n<p style=\"text-align: justify\">In fact, participants signed a call for solidarity with democratic forces in Brazil at the eve of the last presidential elections, where the far-right candidate Jair Bolsonaro was finally elected as a new president on past October 28th.<\/p>\n<p style=\"text-align: justify\">In sum, the experience in NOLAN was fruitful for ESDLA group, and it is a fist but strong step to strengthen ties between and among researchers interested in Latin America and its democratic challenges, which are after all environmental.<\/p>\n<p style=\"text-align: justify\">-\/-<\/p>\n<p style=\"text-align: justify\">If you are interested in contact us or publish in our blog, please, send us an email to\u00a0\u00a0<a href=\"mailto:german.quimbayo@uef.fi\">german.quimbayo@uef.fi<\/a> \u00a0or just click <a href=\"https:\/\/blogs.uef.fi\/envirolatam\/how-to-post\/\">here<\/a>.<\/p>\n","protected":false},"excerpt":{"rendered":"<p>\u00a1Hola! Oi! This is our first post on ESDLA group\u2019s blog, and we are hoping to stay posting each time we can. There is no better way to start our blog posting doing a short report about the participation of some of the group members in the 10th Nordic Latin American Research Network-NOLAN- Conference, in [&hellip;]<\/p>\n","protected":false},"author":233,"featured_media":0,"comment_status":"open","ping_status":"open","sticky":false,"template":"","format":"standard","meta":{"_acf_changed":false,"footnotes":""},"categories":[5],"tags":[3,103,100],"class_list":["post-55","post","type-post","status-publish","format-standard","hentry","category-academic-events","tag-academic-events","tag-nolan2018","tag-research-networks"],"acf":[],"yoast_head":"<!-- This site is optimized with the Yoast SEO plugin v27.3 - https:\/\/yoast.com\/product\/yoast-seo-wordpress\/ -->\n<title>First post and a short report from the 10th NOLAN Conference, Norway - ESDLA blog &amp; research<\/title>\n<meta name=\"robots\" content=\"index, follow, max-snippet:-1, max-image-preview:large, max-video-preview:-1\" \/>\n<link rel=\"canonical\" href=\"https:\/\/blogs.uef.fi\/envirolatam\/2018\/11\/27\/first-post-and-a-short-report-from-the-10th-nolan-conference-norway\/\" \/>\n<meta property=\"og:locale\" content=\"en_US\" \/>\n<meta property=\"og:type\" content=\"article\" \/>\n<meta property=\"og:title\" content=\"First post and a short report from the 10th NOLAN Conference, Norway - ESDLA blog &amp; research\" \/>\n<meta property=\"og:description\" content=\"\u00a1Hola! Oi! This is our first post on ESDLA group\u2019s blog, and we are hoping to stay posting each time we can. There is no better way to start our blog posting doing a short report about the participation of some of the group members in the 10th Nordic Latin American Research Network-NOLAN- Conference, in [&hellip;]\" \/>\n<meta property=\"og:url\" content=\"https:\/\/blogs.uef.fi\/envirolatam\/2018\/11\/27\/first-post-and-a-short-report-from-the-10th-nolan-conference-norway\/\" \/>\n<meta property=\"og:site_name\" content=\"ESDLA blog &amp; research\" \/>\n<meta property=\"article:published_time\" content=\"2018-11-27T13:14:16+00:00\" \/>\n<meta property=\"article:modified_time\" content=\"2020-04-17T14:43:59+00:00\" \/>\n<meta property=\"og:image\" content=\"https:\/\/blogs.uef.fi\/envirolatam\/wp-content\/uploads\/sites\/85\/2018\/11\/IMG_20181025_191033987-768x1024.jpg\" \/>\n<meta name=\"author\" content=\"germanq\" \/>\n<meta name=\"twitter:card\" content=\"summary_large_image\" \/>\n<meta name=\"twitter:label1\" content=\"Written by\" \/>\n\t<meta name=\"twitter:data1\" content=\"germanq\" \/>\n\t<meta name=\"twitter:label2\" content=\"Est. reading time\" \/>\n\t<meta name=\"twitter:data2\" content=\"4 minutes\" \/>\n<script type=\"application\/ld+json\" class=\"yoast-schema-graph\">{\"@context\":\"https:\\\/\\\/schema.org\",\"@graph\":[{\"@type\":\"Article\",\"@id\":\"https:\\\/\\\/blogs.uef.fi\\\/envirolatam\\\/2018\\\/11\\\/27\\\/first-post-and-a-short-report-from-the-10th-nolan-conference-norway\\\/#article\",\"isPartOf\":{\"@id\":\"https:\\\/\\\/blogs.uef.fi\\\/envirolatam\\\/2018\\\/11\\\/27\\\/first-post-and-a-short-report-from-the-10th-nolan-conference-norway\\\/\"},\"author\":{\"name\":\"germanq\",\"@id\":\"https:\\\/\\\/blogs.uef.fi\\\/envirolatam\\\/#\\\/schema\\\/person\\\/584b24897607b8805cbcbb91c65544d3\"},\"headline\":\"First post and a short report from the 10th NOLAN Conference, Norway\",\"datePublished\":\"2018-11-27T13:14:16+00:00\",\"dateModified\":\"2020-04-17T14:43:59+00:00\",\"mainEntityOfPage\":{\"@id\":\"https:\\\/\\\/blogs.uef.fi\\\/envirolatam\\\/2018\\\/11\\\/27\\\/first-post-and-a-short-report-from-the-10th-nolan-conference-norway\\\/\"},\"wordCount\":740,\"commentCount\":0,\"image\":{\"@id\":\"https:\\\/\\\/blogs.uef.fi\\\/envirolatam\\\/2018\\\/11\\\/27\\\/first-post-and-a-short-report-from-the-10th-nolan-conference-norway\\\/#primaryimage\"},\"thumbnailUrl\":\"https:\\\/\\\/blogs.uef.fi\\\/envirolatam\\\/wp-content\\\/uploads\\\/sites\\\/85\\\/2018\\\/11\\\/IMG_20181025_191033987-768x1024.jpg\",\"keywords\":[\"Academic events\",\"NOLAN2018\",\"Research networks\"],\"articleSection\":[\"Academic events\"],\"inLanguage\":\"en-US\",\"potentialAction\":[{\"@type\":\"CommentAction\",\"name\":\"Comment\",\"target\":[\"https:\\\/\\\/blogs.uef.fi\\\/envirolatam\\\/2018\\\/11\\\/27\\\/first-post-and-a-short-report-from-the-10th-nolan-conference-norway\\\/#respond\"]}]},{\"@type\":\"WebPage\",\"@id\":\"https:\\\/\\\/blogs.uef.fi\\\/envirolatam\\\/2018\\\/11\\\/27\\\/first-post-and-a-short-report-from-the-10th-nolan-conference-norway\\\/\",\"url\":\"https:\\\/\\\/blogs.uef.fi\\\/envirolatam\\\/2018\\\/11\\\/27\\\/first-post-and-a-short-report-from-the-10th-nolan-conference-norway\\\/\",\"name\":\"First post and a short report from the 10th NOLAN Conference, Norway - ESDLA blog &amp; research\",\"isPartOf\":{\"@id\":\"https:\\\/\\\/blogs.uef.fi\\\/envirolatam\\\/#website\"},\"primaryImageOfPage\":{\"@id\":\"https:\\\/\\\/blogs.uef.fi\\\/envirolatam\\\/2018\\\/11\\\/27\\\/first-post-and-a-short-report-from-the-10th-nolan-conference-norway\\\/#primaryimage\"},\"image\":{\"@id\":\"https:\\\/\\\/blogs.uef.fi\\\/envirolatam\\\/2018\\\/11\\\/27\\\/first-post-and-a-short-report-from-the-10th-nolan-conference-norway\\\/#primaryimage\"},\"thumbnailUrl\":\"https:\\\/\\\/blogs.uef.fi\\\/envirolatam\\\/wp-content\\\/uploads\\\/sites\\\/85\\\/2018\\\/11\\\/IMG_20181025_191033987-768x1024.jpg\",\"datePublished\":\"2018-11-27T13:14:16+00:00\",\"dateModified\":\"2020-04-17T14:43:59+00:00\",\"author\":{\"@id\":\"https:\\\/\\\/blogs.uef.fi\\\/envirolatam\\\/#\\\/schema\\\/person\\\/584b24897607b8805cbcbb91c65544d3\"},\"breadcrumb\":{\"@id\":\"https:\\\/\\\/blogs.uef.fi\\\/envirolatam\\\/2018\\\/11\\\/27\\\/first-post-and-a-short-report-from-the-10th-nolan-conference-norway\\\/#breadcrumb\"},\"inLanguage\":\"en-US\",\"potentialAction\":[{\"@type\":\"ReadAction\",\"target\":[\"https:\\\/\\\/blogs.uef.fi\\\/envirolatam\\\/2018\\\/11\\\/27\\\/first-post-and-a-short-report-from-the-10th-nolan-conference-norway\\\/\"]}]},{\"@type\":\"ImageObject\",\"inLanguage\":\"en-US\",\"@id\":\"https:\\\/\\\/blogs.uef.fi\\\/envirolatam\\\/2018\\\/11\\\/27\\\/first-post-and-a-short-report-from-the-10th-nolan-conference-norway\\\/#primaryimage\",\"url\":\"https:\\\/\\\/blogs.uef.fi\\\/envirolatam\\\/wp-content\\\/uploads\\\/sites\\\/85\\\/2018\\\/11\\\/IMG_20181025_191033987.jpg\",\"contentUrl\":\"https:\\\/\\\/blogs.uef.fi\\\/envirolatam\\\/wp-content\\\/uploads\\\/sites\\\/85\\\/2018\\\/11\\\/IMG_20181025_191033987.jpg\",\"width\":3120,\"height\":4160},{\"@type\":\"BreadcrumbList\",\"@id\":\"https:\\\/\\\/blogs.uef.fi\\\/envirolatam\\\/2018\\\/11\\\/27\\\/first-post-and-a-short-report-from-the-10th-nolan-conference-norway\\\/#breadcrumb\",\"itemListElement\":[{\"@type\":\"ListItem\",\"position\":1,\"name\":\"Home\",\"item\":\"https:\\\/\\\/blogs.uef.fi\\\/envirolatam\\\/\"},{\"@type\":\"ListItem\",\"position\":2,\"name\":\"First post and a short report from the 10th NOLAN Conference, Norway\"}]},{\"@type\":\"WebSite\",\"@id\":\"https:\\\/\\\/blogs.uef.fi\\\/envirolatam\\\/#website\",\"url\":\"https:\\\/\\\/blogs.uef.fi\\\/envirolatam\\\/\",\"name\":\"ESDLA blog &amp; research\",\"description\":\"\",\"potentialAction\":[{\"@type\":\"SearchAction\",\"target\":{\"@type\":\"EntryPoint\",\"urlTemplate\":\"https:\\\/\\\/blogs.uef.fi\\\/envirolatam\\\/?s={search_term_string}\"},\"query-input\":{\"@type\":\"PropertyValueSpecification\",\"valueRequired\":true,\"valueName\":\"search_term_string\"}}],\"inLanguage\":\"en-US\"},{\"@type\":\"Person\",\"@id\":\"https:\\\/\\\/blogs.uef.fi\\\/envirolatam\\\/#\\\/schema\\\/person\\\/584b24897607b8805cbcbb91c65544d3\",\"name\":\"germanq\",\"url\":\"https:\\\/\\\/blogs.uef.fi\\\/envirolatam\\\/author\\\/germanq\\\/\"}]}<\/script>\n<!-- \/ Yoast SEO plugin. -->","yoast_head_json":{"title":"First post and a short report from the 10th NOLAN Conference, Norway - ESDLA blog &amp; research","robots":{"index":"index","follow":"follow","max-snippet":"max-snippet:-1","max-image-preview":"max-image-preview:large","max-video-preview":"max-video-preview:-1"},"canonical":"https:\/\/blogs.uef.fi\/envirolatam\/2018\/11\/27\/first-post-and-a-short-report-from-the-10th-nolan-conference-norway\/","og_locale":"en_US","og_type":"article","og_title":"First post and a short report from the 10th NOLAN Conference, Norway - ESDLA blog &amp; research","og_description":"\u00a1Hola! Oi! This is our first post on ESDLA group\u2019s blog, and we are hoping to stay posting each time we can. There is no better way to start our blog posting doing a short report about the participation of some of the group members in the 10th Nordic Latin American Research Network-NOLAN- Conference, in [&hellip;]","og_url":"https:\/\/blogs.uef.fi\/envirolatam\/2018\/11\/27\/first-post-and-a-short-report-from-the-10th-nolan-conference-norway\/","og_site_name":"ESDLA blog &amp; research","article_published_time":"2018-11-27T13:14:16+00:00","article_modified_time":"2020-04-17T14:43:59+00:00","og_image":[{"url":"https:\/\/blogs.uef.fi\/envirolatam\/wp-content\/uploads\/sites\/85\/2018\/11\/IMG_20181025_191033987-768x1024.jpg","type":"","width":"","height":""}],"author":"germanq","twitter_card":"summary_large_image","twitter_misc":{"Written by":"germanq","Est. reading time":"4 minutes"},"schema":{"@context":"https:\/\/schema.org","@graph":[{"@type":"Article","@id":"https:\/\/blogs.uef.fi\/envirolatam\/2018\/11\/27\/first-post-and-a-short-report-from-the-10th-nolan-conference-norway\/#article","isPartOf":{"@id":"https:\/\/blogs.uef.fi\/envirolatam\/2018\/11\/27\/first-post-and-a-short-report-from-the-10th-nolan-conference-norway\/"},"author":{"name":"germanq","@id":"https:\/\/blogs.uef.fi\/envirolatam\/#\/schema\/person\/584b24897607b8805cbcbb91c65544d3"},"headline":"First post and a short report from the 10th NOLAN Conference, Norway","datePublished":"2018-11-27T13:14:16+00:00","dateModified":"2020-04-17T14:43:59+00:00","mainEntityOfPage":{"@id":"https:\/\/blogs.uef.fi\/envirolatam\/2018\/11\/27\/first-post-and-a-short-report-from-the-10th-nolan-conference-norway\/"},"wordCount":740,"commentCount":0,"image":{"@id":"https:\/\/blogs.uef.fi\/envirolatam\/2018\/11\/27\/first-post-and-a-short-report-from-the-10th-nolan-conference-norway\/#primaryimage"},"thumbnailUrl":"https:\/\/blogs.uef.fi\/envirolatam\/wp-content\/uploads\/sites\/85\/2018\/11\/IMG_20181025_191033987-768x1024.jpg","keywords":["Academic events","NOLAN2018","Research networks"],"articleSection":["Academic events"],"inLanguage":"en-US","potentialAction":[{"@type":"CommentAction","name":"Comment","target":["https:\/\/blogs.uef.fi\/envirolatam\/2018\/11\/27\/first-post-and-a-short-report-from-the-10th-nolan-conference-norway\/#respond"]}]},{"@type":"WebPage","@id":"https:\/\/blogs.uef.fi\/envirolatam\/2018\/11\/27\/first-post-and-a-short-report-from-the-10th-nolan-conference-norway\/","url":"https:\/\/blogs.uef.fi\/envirolatam\/2018\/11\/27\/first-post-and-a-short-report-from-the-10th-nolan-conference-norway\/","name":"First post and a short report from the 10th NOLAN Conference, Norway - ESDLA blog &amp; research","isPartOf":{"@id":"https:\/\/blogs.uef.fi\/envirolatam\/#website"},"primaryImageOfPage":{"@id":"https:\/\/blogs.uef.fi\/envirolatam\/2018\/11\/27\/first-post-and-a-short-report-from-the-10th-nolan-conference-norway\/#primaryimage"},"image":{"@id":"https:\/\/blogs.uef.fi\/envirolatam\/2018\/11\/27\/first-post-and-a-short-report-from-the-10th-nolan-conference-norway\/#primaryimage"},"thumbnailUrl":"https:\/\/blogs.uef.fi\/envirolatam\/wp-content\/uploads\/sites\/85\/2018\/11\/IMG_20181025_191033987-768x1024.jpg","datePublished":"2018-11-27T13:14:16+00:00","dateModified":"2020-04-17T14:43:59+00:00","author":{"@id":"https:\/\/blogs.uef.fi\/envirolatam\/#\/schema\/person\/584b24897607b8805cbcbb91c65544d3"},"breadcrumb":{"@id":"https:\/\/blogs.uef.fi\/envirolatam\/2018\/11\/27\/first-post-and-a-short-report-from-the-10th-nolan-conference-norway\/#breadcrumb"},"inLanguage":"en-US","potentialAction":[{"@type":"ReadAction","target":["https:\/\/blogs.uef.fi\/envirolatam\/2018\/11\/27\/first-post-and-a-short-report-from-the-10th-nolan-conference-norway\/"]}]},{"@type":"ImageObject","inLanguage":"en-US","@id":"https:\/\/blogs.uef.fi\/envirolatam\/2018\/11\/27\/first-post-and-a-short-report-from-the-10th-nolan-conference-norway\/#primaryimage","url":"https:\/\/blogs.uef.fi\/envirolatam\/wp-content\/uploads\/sites\/85\/2018\/11\/IMG_20181025_191033987.jpg","contentUrl":"https:\/\/blogs.uef.fi\/envirolatam\/wp-content\/uploads\/sites\/85\/2018\/11\/IMG_20181025_191033987.jpg","width":3120,"height":4160},{"@type":"BreadcrumbList","@id":"https:\/\/blogs.uef.fi\/envirolatam\/2018\/11\/27\/first-post-and-a-short-report-from-the-10th-nolan-conference-norway\/#breadcrumb","itemListElement":[{"@type":"ListItem","position":1,"name":"Home","item":"https:\/\/blogs.uef.fi\/envirolatam\/"},{"@type":"ListItem","position":2,"name":"First post and a short report from the 10th NOLAN Conference, Norway"}]},{"@type":"WebSite","@id":"https:\/\/blogs.uef.fi\/envirolatam\/#website","url":"https:\/\/blogs.uef.fi\/envirolatam\/","name":"ESDLA blog &amp; research","description":"","potentialAction":[{"@type":"SearchAction","target":{"@type":"EntryPoint","urlTemplate":"https:\/\/blogs.uef.fi\/envirolatam\/?s={search_term_string}"},"query-input":{"@type":"PropertyValueSpecification","valueRequired":true,"valueName":"search_term_string"}}],"inLanguage":"en-US"},{"@type":"Person","@id":"https:\/\/blogs.uef.fi\/envirolatam\/#\/schema\/person\/584b24897607b8805cbcbb91c65544d3","name":"germanq","url":"https:\/\/blogs.uef.fi\/envirolatam\/author\/germanq\/"}]}},"_links":{"self":[{"href":"https:\/\/blogs.uef.fi\/envirolatam\/wp-json\/wp\/v2\/posts\/55","targetHints":{"allow":["GET"]}}],"collection":[{"href":"https:\/\/blogs.uef.fi\/envirolatam\/wp-json\/wp\/v2\/posts"}],"about":[{"href":"https:\/\/blogs.uef.fi\/envirolatam\/wp-json\/wp\/v2\/types\/post"}],"author":[{"embeddable":true,"href":"https:\/\/blogs.uef.fi\/envirolatam\/wp-json\/wp\/v2\/users\/233"}],"replies":[{"embeddable":true,"href":"https:\/\/blogs.uef.fi\/envirolatam\/wp-json\/wp\/v2\/comments?post=55"}],"version-history":[{"count":2,"href":"https:\/\/blogs.uef.fi\/envirolatam\/wp-json\/wp\/v2\/posts\/55\/revisions"}],"predecessor-version":[{"id":97,"href":"https:\/\/blogs.uef.fi\/envirolatam\/wp-json\/wp\/v2\/posts\/55\/revisions\/97"}],"wp:attachment":[{"href":"https:\/\/blogs.uef.fi\/envirolatam\/wp-json\/wp\/v2\/media?parent=55"}],"wp:term":[{"taxonomy":"category","embeddable":true,"href":"https:\/\/blogs.uef.fi\/envirolatam\/wp-json\/wp\/v2\/categories?post=55"},{"taxonomy":"post_tag","embeddable":true,"href":"https:\/\/blogs.uef.fi\/envirolatam\/wp-json\/wp\/v2\/tags?post=55"}],"curies":[{"name":"wp","href":"https:\/\/api.w.org\/{rel}","templated":true}]}}