{"id":74,"date":"2022-06-15T16:51:48","date_gmt":"2022-06-15T14:51:48","guid":{"rendered":"https:\/\/blogs.uef.fi\/elamerkityksellisesti\/?p=74"},"modified":"2022-06-15T17:34:17","modified_gmt":"2022-06-15T15:34:17","slug":"koti-ei-ole-vain-sydamen-asenne-vaan-ihan-oikea-paikka","status":"publish","type":"post","link":"https:\/\/blogs.uef.fi\/elamerkityksellisesti\/2022\/06\/15\/koti-ei-ole-vain-sydamen-asenne-vaan-ihan-oikea-paikka\/","title":{"rendered":"Koti ei ole vain syd\u00e4men asenne vaan ihan oikea paikka"},"content":{"rendered":"\n<p class=\"has-text-align-left\">T\u00e4ss\u00e4 blogikirjoituksessa Jonna Ojalammi pohtii kodin merkityst\u00e4 konkreettisena paikkana Ukrainan sodan ja ik\u00e4\u00e4ntymisen n\u00e4k\u00f6kulmista.<\/p>\n\n\n\n<figure class=\"wp-block-image size-large\"><img loading=\"lazy\" decoding=\"async\" width=\"1024\" height=\"637\" src=\"https:\/\/blogs.uef.fi\/elamerkityksellisesti\/wp-content\/uploads\/sites\/183\/2022\/06\/Talo_blogi-2-1024x637.jpg\" alt=\"\" class=\"wp-image-98\" srcset=\"https:\/\/blogs.uef.fi\/elamerkityksellisesti\/wp-content\/uploads\/sites\/183\/2022\/06\/Talo_blogi-2-1024x637.jpg 1024w, https:\/\/blogs.uef.fi\/elamerkityksellisesti\/wp-content\/uploads\/sites\/183\/2022\/06\/Talo_blogi-2-300x187.jpg 300w, https:\/\/blogs.uef.fi\/elamerkityksellisesti\/wp-content\/uploads\/sites\/183\/2022\/06\/Talo_blogi-2-768x478.jpg 768w, https:\/\/blogs.uef.fi\/elamerkityksellisesti\/wp-content\/uploads\/sites\/183\/2022\/06\/Talo_blogi-2-1536x956.jpg 1536w, https:\/\/blogs.uef.fi\/elamerkityksellisesti\/wp-content\/uploads\/sites\/183\/2022\/06\/Talo_blogi-2-2048x1275.jpg 2048w\" sizes=\"auto, (max-width: 1024px) 100vw, 1024px\" \/><figcaption>T\u00e4m\u00e4 hajoava autiotalo sijaitsee synnyinseudullani ja siin\u00e4 on viimeksi asuttu 1970-luvulla. Olen usein miettinyt mit\u00e4 kaikkea t\u00e4m\u00e4 koti on merkinnyt asujilleen.<\/figcaption><\/figure>\n\n\n\n<p>Kun olin lapsi, muutimme usein enk\u00e4 koskaan erityisen syv\u00e4sti kiintynyt konkreettisiin koteihin ja paikkoihin, joissa asuimme. My\u00f6hemmin nuorena aikuisena asuin oman perheeni kanssa pitk\u00e4\u00e4n v\u00e4liaikaisissa opiskelija-asunnoissa. Ehk\u00e4 t\u00e4st\u00e4 taustastani johtuen minun on ollut vaikea ymm\u00e4rt\u00e4\u00e4 miksi vaikkapa luonnonkatastrofin tai sodan varoitellessa itsest\u00e4\u00e4n n\u00e4ytt\u00e4\u00e4 silt\u00e4, ett\u00e4 moni l\u00e4htee kotiseudultaan vasta katastrofin todella realisoituessa. Siin\u00e4 vaiheessa arki keskeytyy ik\u00e4\u00e4n kuin yll\u00e4tettyn\u00e4, polttoainetta jonotetaan ja tiet tukkeutuvat valtavan pitkist\u00e4 autojonoista. <\/p>\n\n\n\n<p>T\u00e4m\u00e4 oli my\u00f6s se kuva mik\u00e4 v\u00e4littyi Ukrainasta Ven\u00e4j\u00e4n hy\u00f6k\u00e4tess\u00e4 maahan t\u00e4n\u00e4 vuonna helmikuun 24. p\u00e4iv\u00e4. Vasta t\u00e4m\u00e4n p\u00e4iv\u00e4n j\u00e4lkeen alkoi varsinainen valtavien, lopulta miljooniksi kasvaneiden ukrainalaisten, p\u00e4\u00e4asiassa naisten ja lasten, maastapako. Ihmettelin mieless\u00e4ni miksi hekin, joilla ei ollut esimerkiksi ylitsep\u00e4\u00e4sem\u00e4tt\u00f6mi\u00e4 terveydellisi\u00e4 tai taloudellisia esteit\u00e4 odottivat niin pitk\u00e4\u00e4n.<\/p>\n\n\n\n<p>Ukrainassa moni ik\u00e4ihminen j\u00e4i maahan ja sota-alueelle pakottavista kuten terveydellisist\u00e4 syist\u00e4 vaikka sukulaiset olivat jo l\u00e4hteneet. Mieleeni on kuitenkin j\u00e4\u00e4nyt uutisvideo, jossa i\u00e4k\u00e4s ihminen hymyili kameralle uhmakkaasti ja pelottomasti jotenkin siihen tapaan, ett\u00e4 t\u00e4\u00e4ll\u00e4 h\u00e4n syntyi, t\u00e4\u00e4ll\u00e4 h\u00e4n kuolee ja mihink\u00e4\u00e4n muualle ei en\u00e4\u00e4 t\u00e4ss\u00e4 i\u00e4ss\u00e4 l\u00e4hdet\u00e4. T\u00e4m\u00e4 j\u00e4i erityisesti mieleen, koska se tuntui (omasta n\u00e4k\u00f6kulmastani) turhalta k\u00e4rsimykselt\u00e4, joka saattaisi johtaa my\u00f6s t\u00e4ysin turhaan kuolemaan. Joskus kuulee sanottavan, ett\u00e4 koti ei ole mik\u00e4\u00e4n paikka vaan koti on siell\u00e4 miss\u00e4 syd\u00e4n on: miksi siis j\u00e4\u00e4d\u00e4 vapaaehtoisesti vaikka rakkaat olisivat jo l\u00e4hteneet?<\/p>\n\n\n\n<p><strong>Ukrainan sodan her\u00e4tt\u00e4mi\u00e4 pohdintoja kodista<\/strong><\/p>\n\n\n\n<p>Pian meill\u00e4 Suomessakin alettiin puhua \u00e4\u00e4neen siit\u00e4, onko Ven\u00e4j\u00e4n hy\u00f6kk\u00e4ys t\u00e4nne realistinen pelko; joditabletit loppuivat apteekeista, v\u00e4est\u00f6nsuoja-asiat nousivat mediassa keskustelujen aiheeksi, kehotettiin ker\u00e4\u00e4m\u00e4\u00e4n muutaman p\u00e4iv\u00e4n vesi- ja ruokavarastot sek\u00e4 hankkimaan patteriradio. Seuraavina viikkoina sainkin tarkistettua v\u00e4est\u00f6nsuojan ja hankittua kassillisen 50 % alennuksessa olleita t\u00f6lkkikasviskeittoja (maistettuani yht\u00e4 totesin, ett\u00e4 s\u00e4ilyv\u00e4t varmasti koskemattomina, vaikka sota ei koskaan ja toivon mukaan tulisikaan). <\/p>\n\n\n\n<p>Merkityksellisint\u00e4 n\u00e4iss\u00e4 viikoissa itselleni oli kuitenkin se, ett\u00e4 jonkinlainen pohdintaprosessi l\u00e4hti k\u00e4yntiin ja tajusin ensimm\u00e4ist\u00e4 kertaa el\u00e4m\u00e4ss\u00e4ni olevani syv\u00e4sti kiintynyt kotipaikkaani, jossa olen perheineni asunut kohta 15 vuotta. Aloin h\u00e4m\u00e4r\u00e4sti ymm\u00e4rt\u00e4\u00e4, miksi niin moni l\u00e4htee vasta katastrofin realisoituessa, vaikka en sit\u00e4 oikein osannut tai osaa viel\u00e4k\u00e4\u00e4n selitt\u00e4\u00e4. Kyse on suhteesta omaan kotiin ja kotipaikkaan konkreettisena, my\u00f6s konkreettisesti tuhottavissa olevana paikkana. Koti on oikea paikka, jossa arki kutoutuu yhteen el\u00e4m\u00e4n merkityksellisyyden kysymysten kanssa. Usein n\u00e4m\u00e4 yhteydet nousevat mieleen ja tunteisiin vasta, kun kokee kodin ollessa jotenkin uhattuna.<\/p>\n\n\n\n<p><strong>Kodin merkitys ik\u00e4ihmisille<\/strong><\/p>\n\n\n\n<p>Kodin merkitys konkreettisena paikkana nousi esiin my\u00f6s er\u00e4\u00e4ss\u00e4 ik\u00e4ihmisen haastattelussa, jonka tein pari viikkoa sitten ik\u00e4ihmisten el\u00e4m\u00e4n merkityksellisyyden kokemusta selvitt\u00e4v\u00e4\u00e4n tutkimusprojektiimme. L\u00e4hes 8-kymppinen haastateltava nosti itse esiin Ukrainan tilanteen ja samalla, kodin arvon. Haastateltava oli huolissaan siit\u00e4, ett\u00e4 sodan syttyess\u00e4 koti tuhottaisiin ja sielt\u00e4 olisi l\u00e4hdett\u00e4v\u00e4. Koti ei rajautunut vain omien seinien sis\u00e4\u00e4n vaan k\u00e4sitti my\u00f6s l\u00e4heiset naapurit ja koko asuinyhteis\u00f6n, vieh\u00e4tt\u00e4v\u00e4n pihan ja pihakeinun. Maailma t\u00e4m\u00e4n kotiymp\u00e4rist\u00f6n ulkopuolella n\u00e4ytt\u00e4ytyi uhkaavana; ei vain sotateeman \u00e4\u00e4rell\u00e4 vaan muutenkin; haastateltava kuvasi kokemusta siit\u00e4, miten maailma muuttuu liian nopeasti, tekniikkaa kuten matkapuhelinta on vaikea k\u00e4ytt\u00e4\u00e4 ja virretk\u00e4\u00e4n eiv\u00e4t ole en\u00e4\u00e4 niit\u00e4 tuttuja, joihin voisi yhty\u00e4.<\/p>\n\n\n\n<p>Osallistuin juuri Tanskassa j\u00e4rjestettyyn gerontologian konferenssiin, jossa tarkasteltiin ik\u00e4ihmisten suhdetta toisaalta erilaisiin el\u00e4m\u00e4n muutoksiin, toisaalta pysyvyyteen (\u201dChange and continuity\u201d). Eri esityksiss\u00e4 kyseenalaistettiin sit\u00e4 paljolti vallitsevaa k\u00e4sityst\u00e4, ett\u00e4 ik\u00e4ihmiset haluavat el\u00e4m\u00e4lt\u00e4 vain pysyvyytt\u00e4: n\u00e4ytt\u00e4\u00e4 esimerkiksi silt\u00e4, ett\u00e4 muuttaminen kodista toiseen uuden parisuhteen my\u00f6t\u00e4 on ainakin 60\u201275-vuotiailla yleisemp\u00e4\u00e4 kuin on ajateltu. Toisaalta pohdittiin sit\u00e4kin, onko ilmi\u00f6 kuitenkaan uusi vai kysymmek\u00f6 tutkijoina vain uusia kysymyksi\u00e4.<\/p>\n\n\n\n<p>Itse n\u00e4kisin kuitenkin, ett\u00e4 kodin merkitys my\u00f6s konkreettisena paikkana kasvaa, kun fyysinen toimintakyky varsinkin vanhimmista vanhimmilla (80+) heikkenee. T\u00e4ss\u00e4 vaiheessa asumisesta ei voi v\u00e4ltt\u00e4m\u00e4tt\u00e4 aina edes p\u00e4\u00e4tt\u00e4\u00e4 itse: tutkimuksesta tied\u00e4mme, ett\u00e4 ik\u00e4ihmisille siirtyminen omasta kodista hoivakotiin on yhteydess\u00e4 kohonneeseen masennusriskiin ja eksistentiaaliseen kriisiin. On aivan eri asia l\u00e4hte\u00e4 omasta kodista pakon edess\u00e4 kuin omasta tahdosta.<\/p>\n\n\n\n<p><strong>Koti luo pysyvyytt\u00e4<\/strong><\/p>\n\n\n\n<p>Ehk\u00e4 meid\u00e4n nuorempienkin olisi hyv\u00e4 pohtia kodin merkityst\u00e4 itsellemme konkreettisena paikkana. Jokin aika sitten er\u00e4s yst\u00e4v\u00e4ni oli tavanomaisesti tervehtinyt nuorta naapuripariskuntaa, joka tuli usein pihapiiriss\u00e4 vastaan, ja yht\u00e4kki\u00e4 tajunnutkin, ett\u00e4 pariskunnan toinen osapuoli oli vaihtunut. Parisuhteen p\u00e4\u00e4ttyminen ja uuden alkaminen ei kuitenkaan t\u00e4ss\u00e4 ollut pohdinnan ydin vaan se, ett\u00e4 koti voi joskus olla pysyv\u00e4mpi kuin el\u00e4m\u00e4mme t\u00e4rkeimm\u00e4t ihmissuhteet. Kuten yst\u00e4v\u00e4ni sanoi: puolison vaihtumisesta huolimatta naapurin ikkunassa olivat ne samat kuvioverhot ja amppelikukka. Mit\u00e4 kaikkea ne lopulta merkitsev\u00e4t meille; voisiko n\u00e4iden merkitysten edest\u00e4 jopa k\u00e4rsi\u00e4 ja kuolla?<\/p>\n","protected":false},"excerpt":{"rendered":"<p>T\u00e4ss\u00e4 blogikirjoituksessa Jonna Ojalammi pohtii kodin merkityst\u00e4 konkreettisena paikkana Ukrainan sodan ja ik\u00e4\u00e4ntymisen n\u00e4k\u00f6kulmista. Kun olin lapsi, muutimme usein enk\u00e4 koskaan erityisen syv\u00e4sti kiintynyt konkreettisiin koteihin ja paikkoihin, joissa asuimme. My\u00f6hemmin nuorena aikuisena asuin oman perheeni kanssa pitk\u00e4\u00e4n v\u00e4liaikaisissa opiskelija-asunnoissa. Ehk\u00e4 t\u00e4st\u00e4 taustastani johtuen minun on ollut vaikea ymm\u00e4rt\u00e4\u00e4 miksi vaikkapa luonnonkatastrofin tai sodan varoitellessa [&hellip;]<\/p>\n","protected":false},"author":564,"featured_media":0,"comment_status":"open","ping_status":"open","sticky":false,"template":"","format":"standard","meta":{"_acf_changed":false,"footnotes":""},"categories":[1],"tags":[],"class_list":["post-74","post","type-post","status-publish","format-standard","hentry","category-uncategorized"],"acf":[],"yoast_head":"<!-- This site is optimized with the Yoast SEO plugin v27.3 - https:\/\/yoast.com\/product\/yoast-seo-wordpress\/ -->\n<title>Koti ei ole vain syd\u00e4men asenne vaan ihan oikea paikka - El\u00e4 merkityksellisesti<\/title>\n<meta name=\"robots\" content=\"index, follow, max-snippet:-1, max-image-preview:large, max-video-preview:-1\" \/>\n<link rel=\"canonical\" href=\"https:\/\/blogs.uef.fi\/elamerkityksellisesti\/2022\/06\/15\/koti-ei-ole-vain-sydamen-asenne-vaan-ihan-oikea-paikka\/\" \/>\n<meta property=\"og:locale\" content=\"fi_FI\" \/>\n<meta property=\"og:type\" content=\"article\" \/>\n<meta property=\"og:title\" content=\"Koti ei ole vain syd\u00e4men asenne vaan my\u00f6s oikea paikka\" \/>\n<meta property=\"og:description\" content=\"Ukrainan sota ja tutkimushankkeemme ik\u00e4ihmisten el\u00e4m\u00e4n merkityksellisyyden kokemuksesta taustoittavat t\u00e4t\u00e4 blogia, jossa pohditaan kotin merkityst\u00e4 konkreettisena paikkana. #el\u00e4merkityksellisesti\" \/>\n<meta property=\"og:url\" content=\"https:\/\/blogs.uef.fi\/elamerkityksellisesti\/2022\/06\/15\/koti-ei-ole-vain-sydamen-asenne-vaan-ihan-oikea-paikka\/\" \/>\n<meta property=\"og:site_name\" content=\"El\u00e4 merkityksellisesti\" \/>\n<meta property=\"article:published_time\" content=\"2022-06-15T14:51:48+00:00\" \/>\n<meta property=\"article:modified_time\" content=\"2022-06-15T15:34:17+00:00\" \/>\n<meta property=\"og:image\" content=\"https:\/\/blogs.uef.fi\/elamerkityksellisesti\/wp-content\/uploads\/sites\/183\/2022\/06\/Talo_blogi-2-1024x637.jpg\" \/>\n<meta name=\"author\" content=\"ojalammi\" \/>\n<meta name=\"twitter:card\" content=\"summary_large_image\" \/>\n<meta name=\"twitter:title\" content=\"Koti ei ole vain syd\u00e4men asenne vaan my\u00f6s oikea paikka\" \/>\n<meta name=\"twitter:description\" content=\"Ukrainan sota ja tutkimushankkeemme ik\u00e4ihmisten el\u00e4m\u00e4n merkityksellisyyden kokemuksesta taustoittavat t\u00e4t\u00e4 blogia, jossa pohditaan kotin merkityst\u00e4 konkreettisena paikkana. #el\u00e4merkityksellisesti\" \/>\n<meta name=\"twitter:label1\" content=\"Kirjoittanut\" \/>\n\t<meta name=\"twitter:data1\" content=\"ojalammi\" \/>\n\t<meta name=\"twitter:label2\" content=\"Arvioitu lukuaika\" \/>\n\t<meta name=\"twitter:data2\" content=\"5 minuuttia\" \/>\n<script type=\"application\/ld+json\" class=\"yoast-schema-graph\">{\"@context\":\"https:\\\/\\\/schema.org\",\"@graph\":[{\"@type\":\"Article\",\"@id\":\"https:\\\/\\\/blogs.uef.fi\\\/elamerkityksellisesti\\\/2022\\\/06\\\/15\\\/koti-ei-ole-vain-sydamen-asenne-vaan-ihan-oikea-paikka\\\/#article\",\"isPartOf\":{\"@id\":\"https:\\\/\\\/blogs.uef.fi\\\/elamerkityksellisesti\\\/2022\\\/06\\\/15\\\/koti-ei-ole-vain-sydamen-asenne-vaan-ihan-oikea-paikka\\\/\"},\"author\":{\"name\":\"ojalammi\",\"@id\":\"https:\\\/\\\/blogs.uef.fi\\\/elamerkityksellisesti\\\/#\\\/schema\\\/person\\\/241013333783a597f323222972d44cda\"},\"headline\":\"Koti ei ole vain syd\u00e4men asenne vaan ihan oikea paikka\",\"datePublished\":\"2022-06-15T14:51:48+00:00\",\"dateModified\":\"2022-06-15T15:34:17+00:00\",\"mainEntityOfPage\":{\"@id\":\"https:\\\/\\\/blogs.uef.fi\\\/elamerkityksellisesti\\\/2022\\\/06\\\/15\\\/koti-ei-ole-vain-sydamen-asenne-vaan-ihan-oikea-paikka\\\/\"},\"wordCount\":873,\"commentCount\":0,\"image\":{\"@id\":\"https:\\\/\\\/blogs.uef.fi\\\/elamerkityksellisesti\\\/2022\\\/06\\\/15\\\/koti-ei-ole-vain-sydamen-asenne-vaan-ihan-oikea-paikka\\\/#primaryimage\"},\"thumbnailUrl\":\"https:\\\/\\\/blogs.uef.fi\\\/elamerkityksellisesti\\\/wp-content\\\/uploads\\\/sites\\\/183\\\/2022\\\/06\\\/Talo_blogi-2-1024x637.jpg\",\"articleSection\":[\"Uncategorized\"],\"inLanguage\":\"fi\",\"potentialAction\":[{\"@type\":\"CommentAction\",\"name\":\"Comment\",\"target\":[\"https:\\\/\\\/blogs.uef.fi\\\/elamerkityksellisesti\\\/2022\\\/06\\\/15\\\/koti-ei-ole-vain-sydamen-asenne-vaan-ihan-oikea-paikka\\\/#respond\"]}]},{\"@type\":\"WebPage\",\"@id\":\"https:\\\/\\\/blogs.uef.fi\\\/elamerkityksellisesti\\\/2022\\\/06\\\/15\\\/koti-ei-ole-vain-sydamen-asenne-vaan-ihan-oikea-paikka\\\/\",\"url\":\"https:\\\/\\\/blogs.uef.fi\\\/elamerkityksellisesti\\\/2022\\\/06\\\/15\\\/koti-ei-ole-vain-sydamen-asenne-vaan-ihan-oikea-paikka\\\/\",\"name\":\"Koti ei ole vain syd\u00e4men asenne vaan ihan oikea paikka - El\u00e4 merkityksellisesti\",\"isPartOf\":{\"@id\":\"https:\\\/\\\/blogs.uef.fi\\\/elamerkityksellisesti\\\/#website\"},\"primaryImageOfPage\":{\"@id\":\"https:\\\/\\\/blogs.uef.fi\\\/elamerkityksellisesti\\\/2022\\\/06\\\/15\\\/koti-ei-ole-vain-sydamen-asenne-vaan-ihan-oikea-paikka\\\/#primaryimage\"},\"image\":{\"@id\":\"https:\\\/\\\/blogs.uef.fi\\\/elamerkityksellisesti\\\/2022\\\/06\\\/15\\\/koti-ei-ole-vain-sydamen-asenne-vaan-ihan-oikea-paikka\\\/#primaryimage\"},\"thumbnailUrl\":\"https:\\\/\\\/blogs.uef.fi\\\/elamerkityksellisesti\\\/wp-content\\\/uploads\\\/sites\\\/183\\\/2022\\\/06\\\/Talo_blogi-2-1024x637.jpg\",\"datePublished\":\"2022-06-15T14:51:48+00:00\",\"dateModified\":\"2022-06-15T15:34:17+00:00\",\"author\":{\"@id\":\"https:\\\/\\\/blogs.uef.fi\\\/elamerkityksellisesti\\\/#\\\/schema\\\/person\\\/241013333783a597f323222972d44cda\"},\"breadcrumb\":{\"@id\":\"https:\\\/\\\/blogs.uef.fi\\\/elamerkityksellisesti\\\/2022\\\/06\\\/15\\\/koti-ei-ole-vain-sydamen-asenne-vaan-ihan-oikea-paikka\\\/#breadcrumb\"},\"inLanguage\":\"fi\",\"potentialAction\":[{\"@type\":\"ReadAction\",\"target\":[\"https:\\\/\\\/blogs.uef.fi\\\/elamerkityksellisesti\\\/2022\\\/06\\\/15\\\/koti-ei-ole-vain-sydamen-asenne-vaan-ihan-oikea-paikka\\\/\"]}]},{\"@type\":\"ImageObject\",\"inLanguage\":\"fi\",\"@id\":\"https:\\\/\\\/blogs.uef.fi\\\/elamerkityksellisesti\\\/2022\\\/06\\\/15\\\/koti-ei-ole-vain-sydamen-asenne-vaan-ihan-oikea-paikka\\\/#primaryimage\",\"url\":\"https:\\\/\\\/blogs.uef.fi\\\/elamerkityksellisesti\\\/wp-content\\\/uploads\\\/sites\\\/183\\\/2022\\\/06\\\/Talo_blogi-2-1024x637.jpg\",\"contentUrl\":\"https:\\\/\\\/blogs.uef.fi\\\/elamerkityksellisesti\\\/wp-content\\\/uploads\\\/sites\\\/183\\\/2022\\\/06\\\/Talo_blogi-2-1024x637.jpg\"},{\"@type\":\"BreadcrumbList\",\"@id\":\"https:\\\/\\\/blogs.uef.fi\\\/elamerkityksellisesti\\\/2022\\\/06\\\/15\\\/koti-ei-ole-vain-sydamen-asenne-vaan-ihan-oikea-paikka\\\/#breadcrumb\",\"itemListElement\":[{\"@type\":\"ListItem\",\"position\":1,\"name\":\"Home\",\"item\":\"https:\\\/\\\/blogs.uef.fi\\\/elamerkityksellisesti\\\/\"},{\"@type\":\"ListItem\",\"position\":2,\"name\":\"Koti ei ole vain syd\u00e4men asenne vaan ihan oikea paikka\"}]},{\"@type\":\"WebSite\",\"@id\":\"https:\\\/\\\/blogs.uef.fi\\\/elamerkityksellisesti\\\/#website\",\"url\":\"https:\\\/\\\/blogs.uef.fi\\\/elamerkityksellisesti\\\/\",\"name\":\"El\u00e4 merkityksellisesti\",\"description\":\"\",\"potentialAction\":[{\"@type\":\"SearchAction\",\"target\":{\"@type\":\"EntryPoint\",\"urlTemplate\":\"https:\\\/\\\/blogs.uef.fi\\\/elamerkityksellisesti\\\/?s={search_term_string}\"},\"query-input\":{\"@type\":\"PropertyValueSpecification\",\"valueRequired\":true,\"valueName\":\"search_term_string\"}}],\"inLanguage\":\"fi\"},{\"@type\":\"Person\",\"@id\":\"https:\\\/\\\/blogs.uef.fi\\\/elamerkityksellisesti\\\/#\\\/schema\\\/person\\\/241013333783a597f323222972d44cda\",\"name\":\"ojalammi\",\"image\":{\"@type\":\"ImageObject\",\"inLanguage\":\"fi\",\"@id\":\"https:\\\/\\\/secure.gravatar.com\\\/avatar\\\/3c14686b8da54bccb8db4e75790fdb6e1ce7c9beca7c3fefdb66baff1171e56a?s=96&d=mm&r=g\",\"url\":\"https:\\\/\\\/secure.gravatar.com\\\/avatar\\\/3c14686b8da54bccb8db4e75790fdb6e1ce7c9beca7c3fefdb66baff1171e56a?s=96&d=mm&r=g\",\"contentUrl\":\"https:\\\/\\\/secure.gravatar.com\\\/avatar\\\/3c14686b8da54bccb8db4e75790fdb6e1ce7c9beca7c3fefdb66baff1171e56a?s=96&d=mm&r=g\",\"caption\":\"ojalammi\"},\"url\":\"https:\\\/\\\/blogs.uef.fi\\\/elamerkityksellisesti\\\/author\\\/ojalammi\\\/\"}]}<\/script>\n<!-- \/ Yoast SEO plugin. -->","yoast_head_json":{"title":"Koti ei ole vain syd\u00e4men asenne vaan ihan oikea paikka - El\u00e4 merkityksellisesti","robots":{"index":"index","follow":"follow","max-snippet":"max-snippet:-1","max-image-preview":"max-image-preview:large","max-video-preview":"max-video-preview:-1"},"canonical":"https:\/\/blogs.uef.fi\/elamerkityksellisesti\/2022\/06\/15\/koti-ei-ole-vain-sydamen-asenne-vaan-ihan-oikea-paikka\/","og_locale":"fi_FI","og_type":"article","og_title":"Koti ei ole vain syd\u00e4men asenne vaan my\u00f6s oikea paikka","og_description":"Ukrainan sota ja tutkimushankkeemme ik\u00e4ihmisten el\u00e4m\u00e4n merkityksellisyyden kokemuksesta taustoittavat t\u00e4t\u00e4 blogia, jossa pohditaan kotin merkityst\u00e4 konkreettisena paikkana. #el\u00e4merkityksellisesti","og_url":"https:\/\/blogs.uef.fi\/elamerkityksellisesti\/2022\/06\/15\/koti-ei-ole-vain-sydamen-asenne-vaan-ihan-oikea-paikka\/","og_site_name":"El\u00e4 merkityksellisesti","article_published_time":"2022-06-15T14:51:48+00:00","article_modified_time":"2022-06-15T15:34:17+00:00","og_image":[{"url":"https:\/\/blogs.uef.fi\/elamerkityksellisesti\/wp-content\/uploads\/sites\/183\/2022\/06\/Talo_blogi-2-1024x637.jpg","type":"","width":"","height":""}],"author":"ojalammi","twitter_card":"summary_large_image","twitter_title":"Koti ei ole vain syd\u00e4men asenne vaan my\u00f6s oikea paikka","twitter_description":"Ukrainan sota ja tutkimushankkeemme ik\u00e4ihmisten el\u00e4m\u00e4n merkityksellisyyden kokemuksesta taustoittavat t\u00e4t\u00e4 blogia, jossa pohditaan kotin merkityst\u00e4 konkreettisena paikkana. #el\u00e4merkityksellisesti","twitter_misc":{"Kirjoittanut":"ojalammi","Arvioitu lukuaika":"5 minuuttia"},"schema":{"@context":"https:\/\/schema.org","@graph":[{"@type":"Article","@id":"https:\/\/blogs.uef.fi\/elamerkityksellisesti\/2022\/06\/15\/koti-ei-ole-vain-sydamen-asenne-vaan-ihan-oikea-paikka\/#article","isPartOf":{"@id":"https:\/\/blogs.uef.fi\/elamerkityksellisesti\/2022\/06\/15\/koti-ei-ole-vain-sydamen-asenne-vaan-ihan-oikea-paikka\/"},"author":{"name":"ojalammi","@id":"https:\/\/blogs.uef.fi\/elamerkityksellisesti\/#\/schema\/person\/241013333783a597f323222972d44cda"},"headline":"Koti ei ole vain syd\u00e4men asenne vaan ihan oikea paikka","datePublished":"2022-06-15T14:51:48+00:00","dateModified":"2022-06-15T15:34:17+00:00","mainEntityOfPage":{"@id":"https:\/\/blogs.uef.fi\/elamerkityksellisesti\/2022\/06\/15\/koti-ei-ole-vain-sydamen-asenne-vaan-ihan-oikea-paikka\/"},"wordCount":873,"commentCount":0,"image":{"@id":"https:\/\/blogs.uef.fi\/elamerkityksellisesti\/2022\/06\/15\/koti-ei-ole-vain-sydamen-asenne-vaan-ihan-oikea-paikka\/#primaryimage"},"thumbnailUrl":"https:\/\/blogs.uef.fi\/elamerkityksellisesti\/wp-content\/uploads\/sites\/183\/2022\/06\/Talo_blogi-2-1024x637.jpg","articleSection":["Uncategorized"],"inLanguage":"fi","potentialAction":[{"@type":"CommentAction","name":"Comment","target":["https:\/\/blogs.uef.fi\/elamerkityksellisesti\/2022\/06\/15\/koti-ei-ole-vain-sydamen-asenne-vaan-ihan-oikea-paikka\/#respond"]}]},{"@type":"WebPage","@id":"https:\/\/blogs.uef.fi\/elamerkityksellisesti\/2022\/06\/15\/koti-ei-ole-vain-sydamen-asenne-vaan-ihan-oikea-paikka\/","url":"https:\/\/blogs.uef.fi\/elamerkityksellisesti\/2022\/06\/15\/koti-ei-ole-vain-sydamen-asenne-vaan-ihan-oikea-paikka\/","name":"Koti ei ole vain syd\u00e4men asenne vaan ihan oikea paikka - El\u00e4 merkityksellisesti","isPartOf":{"@id":"https:\/\/blogs.uef.fi\/elamerkityksellisesti\/#website"},"primaryImageOfPage":{"@id":"https:\/\/blogs.uef.fi\/elamerkityksellisesti\/2022\/06\/15\/koti-ei-ole-vain-sydamen-asenne-vaan-ihan-oikea-paikka\/#primaryimage"},"image":{"@id":"https:\/\/blogs.uef.fi\/elamerkityksellisesti\/2022\/06\/15\/koti-ei-ole-vain-sydamen-asenne-vaan-ihan-oikea-paikka\/#primaryimage"},"thumbnailUrl":"https:\/\/blogs.uef.fi\/elamerkityksellisesti\/wp-content\/uploads\/sites\/183\/2022\/06\/Talo_blogi-2-1024x637.jpg","datePublished":"2022-06-15T14:51:48+00:00","dateModified":"2022-06-15T15:34:17+00:00","author":{"@id":"https:\/\/blogs.uef.fi\/elamerkityksellisesti\/#\/schema\/person\/241013333783a597f323222972d44cda"},"breadcrumb":{"@id":"https:\/\/blogs.uef.fi\/elamerkityksellisesti\/2022\/06\/15\/koti-ei-ole-vain-sydamen-asenne-vaan-ihan-oikea-paikka\/#breadcrumb"},"inLanguage":"fi","potentialAction":[{"@type":"ReadAction","target":["https:\/\/blogs.uef.fi\/elamerkityksellisesti\/2022\/06\/15\/koti-ei-ole-vain-sydamen-asenne-vaan-ihan-oikea-paikka\/"]}]},{"@type":"ImageObject","inLanguage":"fi","@id":"https:\/\/blogs.uef.fi\/elamerkityksellisesti\/2022\/06\/15\/koti-ei-ole-vain-sydamen-asenne-vaan-ihan-oikea-paikka\/#primaryimage","url":"https:\/\/blogs.uef.fi\/elamerkityksellisesti\/wp-content\/uploads\/sites\/183\/2022\/06\/Talo_blogi-2-1024x637.jpg","contentUrl":"https:\/\/blogs.uef.fi\/elamerkityksellisesti\/wp-content\/uploads\/sites\/183\/2022\/06\/Talo_blogi-2-1024x637.jpg"},{"@type":"BreadcrumbList","@id":"https:\/\/blogs.uef.fi\/elamerkityksellisesti\/2022\/06\/15\/koti-ei-ole-vain-sydamen-asenne-vaan-ihan-oikea-paikka\/#breadcrumb","itemListElement":[{"@type":"ListItem","position":1,"name":"Home","item":"https:\/\/blogs.uef.fi\/elamerkityksellisesti\/"},{"@type":"ListItem","position":2,"name":"Koti ei ole vain syd\u00e4men asenne vaan ihan oikea paikka"}]},{"@type":"WebSite","@id":"https:\/\/blogs.uef.fi\/elamerkityksellisesti\/#website","url":"https:\/\/blogs.uef.fi\/elamerkityksellisesti\/","name":"El\u00e4 merkityksellisesti","description":"","potentialAction":[{"@type":"SearchAction","target":{"@type":"EntryPoint","urlTemplate":"https:\/\/blogs.uef.fi\/elamerkityksellisesti\/?s={search_term_string}"},"query-input":{"@type":"PropertyValueSpecification","valueRequired":true,"valueName":"search_term_string"}}],"inLanguage":"fi"},{"@type":"Person","@id":"https:\/\/blogs.uef.fi\/elamerkityksellisesti\/#\/schema\/person\/241013333783a597f323222972d44cda","name":"ojalammi","image":{"@type":"ImageObject","inLanguage":"fi","@id":"https:\/\/secure.gravatar.com\/avatar\/3c14686b8da54bccb8db4e75790fdb6e1ce7c9beca7c3fefdb66baff1171e56a?s=96&d=mm&r=g","url":"https:\/\/secure.gravatar.com\/avatar\/3c14686b8da54bccb8db4e75790fdb6e1ce7c9beca7c3fefdb66baff1171e56a?s=96&d=mm&r=g","contentUrl":"https:\/\/secure.gravatar.com\/avatar\/3c14686b8da54bccb8db4e75790fdb6e1ce7c9beca7c3fefdb66baff1171e56a?s=96&d=mm&r=g","caption":"ojalammi"},"url":"https:\/\/blogs.uef.fi\/elamerkityksellisesti\/author\/ojalammi\/"}]}},"_links":{"self":[{"href":"https:\/\/blogs.uef.fi\/elamerkityksellisesti\/wp-json\/wp\/v2\/posts\/74","targetHints":{"allow":["GET"]}}],"collection":[{"href":"https:\/\/blogs.uef.fi\/elamerkityksellisesti\/wp-json\/wp\/v2\/posts"}],"about":[{"href":"https:\/\/blogs.uef.fi\/elamerkityksellisesti\/wp-json\/wp\/v2\/types\/post"}],"author":[{"embeddable":true,"href":"https:\/\/blogs.uef.fi\/elamerkityksellisesti\/wp-json\/wp\/v2\/users\/564"}],"replies":[{"embeddable":true,"href":"https:\/\/blogs.uef.fi\/elamerkityksellisesti\/wp-json\/wp\/v2\/comments?post=74"}],"version-history":[{"count":2,"href":"https:\/\/blogs.uef.fi\/elamerkityksellisesti\/wp-json\/wp\/v2\/posts\/74\/revisions"}],"predecessor-version":[{"id":130,"href":"https:\/\/blogs.uef.fi\/elamerkityksellisesti\/wp-json\/wp\/v2\/posts\/74\/revisions\/130"}],"wp:attachment":[{"href":"https:\/\/blogs.uef.fi\/elamerkityksellisesti\/wp-json\/wp\/v2\/media?parent=74"}],"wp:term":[{"taxonomy":"category","embeddable":true,"href":"https:\/\/blogs.uef.fi\/elamerkityksellisesti\/wp-json\/wp\/v2\/categories?post=74"},{"taxonomy":"post_tag","embeddable":true,"href":"https:\/\/blogs.uef.fi\/elamerkityksellisesti\/wp-json\/wp\/v2\/tags?post=74"}],"curies":[{"name":"wp","href":"https:\/\/api.w.org\/{rel}","templated":true}]}}