{"id":475,"date":"2025-03-26T12:32:04","date_gmt":"2025-03-26T10:32:04","guid":{"rendered":"https:\/\/blogs.uef.fi\/elamerkityksellisesti\/?p=475"},"modified":"2025-03-26T12:50:30","modified_gmt":"2025-03-26T10:50:30","slug":"hyvinvointiteologia-ja-tyoelamataidot-uudesta-oppiaineesta-tukea-merkitykselliseen-elamaan","status":"publish","type":"post","link":"https:\/\/blogs.uef.fi\/elamerkityksellisesti\/2025\/03\/26\/hyvinvointiteologia-ja-tyoelamataidot-uudesta-oppiaineesta-tukea-merkitykselliseen-elamaan\/","title":{"rendered":"Hyvinvointiteologia ja ty\u00f6el\u00e4m\u00e4taidot &#8211; Uudesta oppiaineesta tukea merkitykselliseen el\u00e4m\u00e4\u00e4n"},"content":{"rendered":"\n<p><br>It\u00e4-Suomen yliopiston Filosofisessa tiedekunnassa Hyvinvointiteologian ja ty\u00f6el\u00e4m\u00e4taitojen oppiaine ammentaa muun muassa pastoraaliteologian ja -psykologian ajatuksesta, jonka mukaan ihminen on kokonaisvaltainen kokonaisuus. Kun ihminen kohtaa \u00e4killisen el\u00e4m\u00e4n muutoksen esimerkiksi sairauden tai kuoleman l\u00e4heisyyden, tilanne koskettaa niin fyysist\u00e4, psyykkist\u00e4 kuin eksistentiaalistakin ulottuvuutta. Yhteiskunnalliset muutokset kuten turvallisuuspoliittinen tilanne tai talouden ep\u00e4vakaat n\u00e4kym\u00e4t voivat vaikuttaa yksil\u00f6n kokemukseen siit\u00e4, mik\u00e4 el\u00e4m\u00e4ss\u00e4 on merkityksellist\u00e4. Hyvinvointiteologiassa puredutaan niin merkityksellisyyden kysymyksiin kuin ihmisyyden eksistentiaalisiin ulottuvuuksiinkin. Oppiaineessa ei tarkastella ainoastaan hengellisi\u00e4 tai uskonnollisia kysymyksi\u00e4, vaan jokaisen yksil\u00f6llist\u00e4 merkitysj\u00e4rjestelm\u00e4\u00e4, arvoja ja el\u00e4m\u00e4nkatsomuksia.<br><br>Monitieteisyys on hyvinvointiteologian erityinen vahvuus. Teologia yhdistyy mm. (uskonto)psykologian ja sosiologisten tulokulmien kanssa ja auttaa ymm\u00e4rt\u00e4m\u00e4\u00e4n, miten arvot, kulttuuri ja yhteiskunta vaikuttavat yksil\u00f6iden kokemuksiin ja hyvinvointiin. N\u00e4in syntyy kyky\u00e4 kohdata ja ymm\u00e4rt\u00e4\u00e4 my\u00f6s yhteiskunnan haavoittuvimpia ryhmi\u00e4 ja rakentaa yhteiskuntaa, jossa jokaisella on mahdollisuus merkitykselliseen el\u00e4m\u00e4\u00e4n.<\/p>\n\n\n\n<h2 class=\"wp-block-heading\"><br>Ty\u00f6el\u00e4m\u00e4taidot osana hyvinvointiteologiaa<\/h2>\n\n\n\n<p>Hyvinvointiteologian oppiaineeseen liittyv\u00e4t kiinte\u00e4sti my\u00f6s ty\u00f6el\u00e4m\u00e4taidot ja niiden kehitt\u00e4minen. Eksistentiaaliset kysymykset, kuten merkityksen kokemus, yksin\u00e4isyys ja kuoleman l\u00e4heisyys, ovat asioita, joita eri alojen ammattilaiset kohtaavat jatkuvasti. Ammattilaisten osaaminen n\u00e4iden kysymysten \u00e4\u00e4rell\u00e4 vaikuttaa olennaisesti heid\u00e4n jaksamiseensa ja ty\u00f6ss\u00e4 koettuun merkityksellisyyteen.<br><br>Eksistentiaalisten kysymysten kohtaaminen vaatii teologien lis\u00e4ksi taitoa esimerkiksi kasvatuksen, opetuksen sek\u00e4 sosiaali- ja hoiva-alojen konteksteissa. Esimerkiksi opettajat ja kasvattajat ovat t\u00e4rke\u00e4ss\u00e4 roolissa tukemassa lasten ja nuorten merkityksellisyyden kokemuksia sek\u00e4 rakentamassa turvallisia ymp\u00e4rist\u00f6j\u00e4, joissa vaikeitakin kysymyksi\u00e4 voidaan k\u00e4sitell\u00e4 avoimesti. Samoin sosiaalialan ty\u00f6ntekij\u00e4t kohtaavat asiakkaita erilaisten el\u00e4m\u00e4nmurrosten \u00e4\u00e4rell\u00e4, jolloin kohtaamistaitojen merkitys korostuu entisest\u00e4\u00e4n. T\u00e4ll\u00e4 hetkell\u00e4 eksistentiaalisten kysymysten keskeisyys on l\u00e4hinn\u00e4 kuitenkin huomioitu el\u00e4m\u00e4n loppuvaiheen hoidossa ja hoivassa. Esimerkiksi saattohoidon kansallisissa suosituksissa korostetaan, ett\u00e4 potilaan fyysisten ja psyykkisten tarpeiden lis\u00e4ksi on huomioitava my\u00f6s eksistentiaaliset tarpeet.<br><br>Eksistentiaaliset kysymykset ovat hyvin yleisinhimillisi\u00e4: ihmisen osaan kuuluu el\u00e4m\u00e4n rajallisuuden todellisuus. Siksi jokainen meist\u00e4 kohtaa merkityksellisyyteen, tarkoitukseen ja niiden horjumiseen liittyvi\u00e4 kokemuksia el\u00e4m\u00e4n aikana.  Jotta ymm\u00e4rryksemme eksistentiaalisesta hyvinvoinnista ja sen tukemisesta voi kehitty\u00e4, on olennaista tunnistaa, ett\u00e4 eksistentiaalisten tarpeiden ilmentyminen el\u00e4m\u00e4n eri vaiheissa ja taitekohdissa.<br><\/p>\n\n\n\n<h2 class=\"wp-block-heading\">Hyvinvointi kuuluu kaikille <\/h2>\n\n\n\n<p>Hyvinvointiteologia haastaa ajattelemaan hyvinvointia uudesta n\u00e4k\u00f6kulmasta. Kyse ei ole vain parempiosaisten mahdollisuuksista, vaan hyvinvoinnin tulee olla kaikkien ihmisten perusoikeus. Siksi hyvinvointiteologinen tutkimus nostaa esille erityisesti niiden \u00e4\u00e4ni\u00e4, jotka ovat helposti syrj\u00e4ytyneet tai j\u00e4\u00e4neet yhteiskunnan marginaaliin.<br><br>Eksistentiaalisten kysymysten kohtaaminen vaatii erityisi\u00e4 ty\u00f6el\u00e4m\u00e4taitoja, joita voi ja pit\u00e4\u00e4 kehitt\u00e4\u00e4. Hyvinvointiteologia tarjoaa t\u00e4h\u00e4n mahdollisuuden, pyrkien luomaan yhteiskuntaa, jossa jokaisen ihmisen hyvinvointi ja arvot tulevat kohdatuksi ja huomioiduksi kaikissa el\u00e4m\u00e4n vaiheissa. Se on vastaus kasvavaan tarpeeseen rakentaa kest\u00e4v\u00e4\u00e4, inhimillist\u00e4 ja merkityksellist\u00e4 tulevaisuutta.<\/p>\n\n\n\n<figure class=\"wp-block-image size-full\"><img loading=\"lazy\" decoding=\"async\" width=\"1024\" height=\"1024\" src=\"https:\/\/blogs.uef.fi\/elamerkityksellisesti\/wp-content\/uploads\/sites\/183\/2025\/03\/image.png\" alt=\"\" class=\"wp-image-478\" srcset=\"https:\/\/blogs.uef.fi\/elamerkityksellisesti\/wp-content\/uploads\/sites\/183\/2025\/03\/image.png 1024w, https:\/\/blogs.uef.fi\/elamerkityksellisesti\/wp-content\/uploads\/sites\/183\/2025\/03\/image-300x300.png 300w, https:\/\/blogs.uef.fi\/elamerkityksellisesti\/wp-content\/uploads\/sites\/183\/2025\/03\/image-150x150.png 150w, https:\/\/blogs.uef.fi\/elamerkityksellisesti\/wp-content\/uploads\/sites\/183\/2025\/03\/image-768x768.png 768w\" sizes=\"auto, (max-width: 1024px) 100vw, 1024px\" \/><figcaption class=\"wp-element-caption\"><em>Henkil\u00f6 katselee auringon nousua, edess\u00e4 ristelevi\u00e4 polkuja. Kuva: ChatGPT 4.5.<\/em><\/figcaption><\/figure>\n\n\n\n<p><\/p>\n","protected":false},"excerpt":{"rendered":"<p>It\u00e4-Suomen yliopiston Filosofisessa tiedekunnassa Hyvinvointiteologian ja ty\u00f6el\u00e4m\u00e4taitojen oppiaine ammentaa muun muassa pastoraaliteologian ja -psykologian ajatuksesta, jonka mukaan ihminen on kokonaisvaltainen kokonaisuus. Kun ihminen kohtaa \u00e4killisen el\u00e4m\u00e4n muutoksen esimerkiksi sairauden tai kuoleman l\u00e4heisyyden, tilanne koskettaa niin fyysist\u00e4, psyykkist\u00e4 kuin eksistentiaalistakin ulottuvuutta. Yhteiskunnalliset muutokset kuten turvallisuuspoliittinen tilanne tai talouden ep\u00e4vakaat n\u00e4kym\u00e4t voivat vaikuttaa yksil\u00f6n kokemukseen siit\u00e4, mik\u00e4 [&hellip;]<\/p>\n","protected":false},"author":565,"featured_media":0,"comment_status":"open","ping_status":"open","sticky":false,"template":"","format":"standard","meta":{"_acf_changed":false,"footnotes":""},"categories":[1],"tags":[17,16,15,18],"class_list":["post-475","post","type-post","status-publish","format-standard","hentry","category-uncategorized","tag-eksistentiaalinen-hyvinvointi","tag-hyvinvointi","tag-hyvinvointiteologia","tag-opiskelu"],"acf":[],"yoast_head":"<!-- This site is optimized with the Yoast SEO plugin v27.3 - https:\/\/yoast.com\/product\/yoast-seo-wordpress\/ -->\n<title>Hyvinvointiteologia ja ty\u00f6el\u00e4m\u00e4taidot - Uudesta oppiaineesta tukea merkitykselliseen el\u00e4m\u00e4\u00e4n - El\u00e4 merkityksellisesti<\/title>\n<meta name=\"robots\" content=\"index, follow, max-snippet:-1, max-image-preview:large, max-video-preview:-1\" \/>\n<link rel=\"canonical\" href=\"https:\/\/blogs.uef.fi\/elamerkityksellisesti\/2025\/03\/26\/hyvinvointiteologia-ja-tyoelamataidot-uudesta-oppiaineesta-tukea-merkitykselliseen-elamaan\/\" \/>\n<meta property=\"og:locale\" content=\"fi_FI\" \/>\n<meta property=\"og:type\" content=\"article\" \/>\n<meta property=\"og:title\" content=\"Hyvinvointiteologia ja ty\u00f6el\u00e4m\u00e4taidot - Uudesta oppiaineesta tukea merkitykselliseen el\u00e4m\u00e4\u00e4n - El\u00e4 merkityksellisesti\" \/>\n<meta property=\"og:description\" content=\"It\u00e4-Suomen yliopiston Filosofisessa tiedekunnassa Hyvinvointiteologian ja ty\u00f6el\u00e4m\u00e4taitojen oppiaine ammentaa muun muassa pastoraaliteologian ja -psykologian ajatuksesta, jonka mukaan ihminen on kokonaisvaltainen kokonaisuus. Kun ihminen kohtaa \u00e4killisen el\u00e4m\u00e4n muutoksen esimerkiksi sairauden tai kuoleman l\u00e4heisyyden, tilanne koskettaa niin fyysist\u00e4, psyykkist\u00e4 kuin eksistentiaalistakin ulottuvuutta. Yhteiskunnalliset muutokset kuten turvallisuuspoliittinen tilanne tai talouden ep\u00e4vakaat n\u00e4kym\u00e4t voivat vaikuttaa yksil\u00f6n kokemukseen siit\u00e4, mik\u00e4 [&hellip;]\" \/>\n<meta property=\"og:url\" content=\"https:\/\/blogs.uef.fi\/elamerkityksellisesti\/2025\/03\/26\/hyvinvointiteologia-ja-tyoelamataidot-uudesta-oppiaineesta-tukea-merkitykselliseen-elamaan\/\" \/>\n<meta property=\"og:site_name\" content=\"El\u00e4 merkityksellisesti\" \/>\n<meta property=\"article:published_time\" content=\"2025-03-26T10:32:04+00:00\" \/>\n<meta property=\"article:modified_time\" content=\"2025-03-26T10:50:30+00:00\" \/>\n<meta property=\"og:image\" content=\"https:\/\/blogs.uef.fi\/elamerkityksellisesti\/wp-content\/uploads\/sites\/183\/2025\/03\/image.png\" \/>\n\t<meta property=\"og:image:width\" content=\"1024\" \/>\n\t<meta property=\"og:image:height\" content=\"1024\" \/>\n\t<meta property=\"og:image:type\" content=\"image\/png\" \/>\n<meta name=\"author\" content=\"suvims\" \/>\n<meta name=\"twitter:card\" content=\"summary_large_image\" \/>\n<meta name=\"twitter:label1\" content=\"Kirjoittanut\" \/>\n\t<meta name=\"twitter:data1\" content=\"suvims\" \/>\n\t<meta name=\"twitter:label2\" content=\"Arvioitu lukuaika\" \/>\n\t<meta name=\"twitter:data2\" content=\"3 minuuttia\" \/>\n<script type=\"application\/ld+json\" class=\"yoast-schema-graph\">{\"@context\":\"https:\\\/\\\/schema.org\",\"@graph\":[{\"@type\":\"Article\",\"@id\":\"https:\\\/\\\/blogs.uef.fi\\\/elamerkityksellisesti\\\/2025\\\/03\\\/26\\\/hyvinvointiteologia-ja-tyoelamataidot-uudesta-oppiaineesta-tukea-merkitykselliseen-elamaan\\\/#article\",\"isPartOf\":{\"@id\":\"https:\\\/\\\/blogs.uef.fi\\\/elamerkityksellisesti\\\/2025\\\/03\\\/26\\\/hyvinvointiteologia-ja-tyoelamataidot-uudesta-oppiaineesta-tukea-merkitykselliseen-elamaan\\\/\"},\"author\":{\"name\":\"suvims\",\"@id\":\"https:\\\/\\\/blogs.uef.fi\\\/elamerkityksellisesti\\\/#\\\/schema\\\/person\\\/da019b01e38aa73582dde8177f0e7bfe\"},\"headline\":\"Hyvinvointiteologia ja ty\u00f6el\u00e4m\u00e4taidot &#8211; Uudesta oppiaineesta tukea merkitykselliseen el\u00e4m\u00e4\u00e4n\",\"datePublished\":\"2025-03-26T10:32:04+00:00\",\"dateModified\":\"2025-03-26T10:50:30+00:00\",\"mainEntityOfPage\":{\"@id\":\"https:\\\/\\\/blogs.uef.fi\\\/elamerkityksellisesti\\\/2025\\\/03\\\/26\\\/hyvinvointiteologia-ja-tyoelamataidot-uudesta-oppiaineesta-tukea-merkitykselliseen-elamaan\\\/\"},\"wordCount\":477,\"commentCount\":0,\"image\":{\"@id\":\"https:\\\/\\\/blogs.uef.fi\\\/elamerkityksellisesti\\\/2025\\\/03\\\/26\\\/hyvinvointiteologia-ja-tyoelamataidot-uudesta-oppiaineesta-tukea-merkitykselliseen-elamaan\\\/#primaryimage\"},\"thumbnailUrl\":\"https:\\\/\\\/blogs.uef.fi\\\/elamerkityksellisesti\\\/wp-content\\\/uploads\\\/sites\\\/183\\\/2025\\\/03\\\/image.png\",\"keywords\":[\"eksistentiaalinen hyvinvointi\",\"hyvinvointi\",\"hyvinvointiteologia\",\"opiskelu\"],\"articleSection\":[\"Uncategorized\"],\"inLanguage\":\"fi\",\"potentialAction\":[{\"@type\":\"CommentAction\",\"name\":\"Comment\",\"target\":[\"https:\\\/\\\/blogs.uef.fi\\\/elamerkityksellisesti\\\/2025\\\/03\\\/26\\\/hyvinvointiteologia-ja-tyoelamataidot-uudesta-oppiaineesta-tukea-merkitykselliseen-elamaan\\\/#respond\"]}]},{\"@type\":\"WebPage\",\"@id\":\"https:\\\/\\\/blogs.uef.fi\\\/elamerkityksellisesti\\\/2025\\\/03\\\/26\\\/hyvinvointiteologia-ja-tyoelamataidot-uudesta-oppiaineesta-tukea-merkitykselliseen-elamaan\\\/\",\"url\":\"https:\\\/\\\/blogs.uef.fi\\\/elamerkityksellisesti\\\/2025\\\/03\\\/26\\\/hyvinvointiteologia-ja-tyoelamataidot-uudesta-oppiaineesta-tukea-merkitykselliseen-elamaan\\\/\",\"name\":\"Hyvinvointiteologia ja ty\u00f6el\u00e4m\u00e4taidot - Uudesta oppiaineesta tukea merkitykselliseen el\u00e4m\u00e4\u00e4n - El\u00e4 merkityksellisesti\",\"isPartOf\":{\"@id\":\"https:\\\/\\\/blogs.uef.fi\\\/elamerkityksellisesti\\\/#website\"},\"primaryImageOfPage\":{\"@id\":\"https:\\\/\\\/blogs.uef.fi\\\/elamerkityksellisesti\\\/2025\\\/03\\\/26\\\/hyvinvointiteologia-ja-tyoelamataidot-uudesta-oppiaineesta-tukea-merkitykselliseen-elamaan\\\/#primaryimage\"},\"image\":{\"@id\":\"https:\\\/\\\/blogs.uef.fi\\\/elamerkityksellisesti\\\/2025\\\/03\\\/26\\\/hyvinvointiteologia-ja-tyoelamataidot-uudesta-oppiaineesta-tukea-merkitykselliseen-elamaan\\\/#primaryimage\"},\"thumbnailUrl\":\"https:\\\/\\\/blogs.uef.fi\\\/elamerkityksellisesti\\\/wp-content\\\/uploads\\\/sites\\\/183\\\/2025\\\/03\\\/image.png\",\"datePublished\":\"2025-03-26T10:32:04+00:00\",\"dateModified\":\"2025-03-26T10:50:30+00:00\",\"author\":{\"@id\":\"https:\\\/\\\/blogs.uef.fi\\\/elamerkityksellisesti\\\/#\\\/schema\\\/person\\\/da019b01e38aa73582dde8177f0e7bfe\"},\"breadcrumb\":{\"@id\":\"https:\\\/\\\/blogs.uef.fi\\\/elamerkityksellisesti\\\/2025\\\/03\\\/26\\\/hyvinvointiteologia-ja-tyoelamataidot-uudesta-oppiaineesta-tukea-merkitykselliseen-elamaan\\\/#breadcrumb\"},\"inLanguage\":\"fi\",\"potentialAction\":[{\"@type\":\"ReadAction\",\"target\":[\"https:\\\/\\\/blogs.uef.fi\\\/elamerkityksellisesti\\\/2025\\\/03\\\/26\\\/hyvinvointiteologia-ja-tyoelamataidot-uudesta-oppiaineesta-tukea-merkitykselliseen-elamaan\\\/\"]}]},{\"@type\":\"ImageObject\",\"inLanguage\":\"fi\",\"@id\":\"https:\\\/\\\/blogs.uef.fi\\\/elamerkityksellisesti\\\/2025\\\/03\\\/26\\\/hyvinvointiteologia-ja-tyoelamataidot-uudesta-oppiaineesta-tukea-merkitykselliseen-elamaan\\\/#primaryimage\",\"url\":\"https:\\\/\\\/blogs.uef.fi\\\/elamerkityksellisesti\\\/wp-content\\\/uploads\\\/sites\\\/183\\\/2025\\\/03\\\/image.png\",\"contentUrl\":\"https:\\\/\\\/blogs.uef.fi\\\/elamerkityksellisesti\\\/wp-content\\\/uploads\\\/sites\\\/183\\\/2025\\\/03\\\/image.png\",\"width\":1024,\"height\":1024},{\"@type\":\"BreadcrumbList\",\"@id\":\"https:\\\/\\\/blogs.uef.fi\\\/elamerkityksellisesti\\\/2025\\\/03\\\/26\\\/hyvinvointiteologia-ja-tyoelamataidot-uudesta-oppiaineesta-tukea-merkitykselliseen-elamaan\\\/#breadcrumb\",\"itemListElement\":[{\"@type\":\"ListItem\",\"position\":1,\"name\":\"Home\",\"item\":\"https:\\\/\\\/blogs.uef.fi\\\/elamerkityksellisesti\\\/\"},{\"@type\":\"ListItem\",\"position\":2,\"name\":\"Hyvinvointiteologia ja ty\u00f6el\u00e4m\u00e4taidot &#8211; Uudesta oppiaineesta tukea merkitykselliseen el\u00e4m\u00e4\u00e4n\"}]},{\"@type\":\"WebSite\",\"@id\":\"https:\\\/\\\/blogs.uef.fi\\\/elamerkityksellisesti\\\/#website\",\"url\":\"https:\\\/\\\/blogs.uef.fi\\\/elamerkityksellisesti\\\/\",\"name\":\"El\u00e4 merkityksellisesti\",\"description\":\"\",\"potentialAction\":[{\"@type\":\"SearchAction\",\"target\":{\"@type\":\"EntryPoint\",\"urlTemplate\":\"https:\\\/\\\/blogs.uef.fi\\\/elamerkityksellisesti\\\/?s={search_term_string}\"},\"query-input\":{\"@type\":\"PropertyValueSpecification\",\"valueRequired\":true,\"valueName\":\"search_term_string\"}}],\"inLanguage\":\"fi\"},{\"@type\":\"Person\",\"@id\":\"https:\\\/\\\/blogs.uef.fi\\\/elamerkityksellisesti\\\/#\\\/schema\\\/person\\\/da019b01e38aa73582dde8177f0e7bfe\",\"name\":\"suvims\",\"image\":{\"@type\":\"ImageObject\",\"inLanguage\":\"fi\",\"@id\":\"https:\\\/\\\/secure.gravatar.com\\\/avatar\\\/2af4b429be7b7076383619d059ae1b4f7c41eb471c5f92c041754581a5ea5c22?s=96&d=mm&r=g\",\"url\":\"https:\\\/\\\/secure.gravatar.com\\\/avatar\\\/2af4b429be7b7076383619d059ae1b4f7c41eb471c5f92c041754581a5ea5c22?s=96&d=mm&r=g\",\"contentUrl\":\"https:\\\/\\\/secure.gravatar.com\\\/avatar\\\/2af4b429be7b7076383619d059ae1b4f7c41eb471c5f92c041754581a5ea5c22?s=96&d=mm&r=g\",\"caption\":\"suvims\"},\"url\":\"https:\\\/\\\/blogs.uef.fi\\\/elamerkityksellisesti\\\/author\\\/suvims\\\/\"}]}<\/script>\n<!-- \/ Yoast SEO plugin. -->","yoast_head_json":{"title":"Hyvinvointiteologia ja ty\u00f6el\u00e4m\u00e4taidot - Uudesta oppiaineesta tukea merkitykselliseen el\u00e4m\u00e4\u00e4n - El\u00e4 merkityksellisesti","robots":{"index":"index","follow":"follow","max-snippet":"max-snippet:-1","max-image-preview":"max-image-preview:large","max-video-preview":"max-video-preview:-1"},"canonical":"https:\/\/blogs.uef.fi\/elamerkityksellisesti\/2025\/03\/26\/hyvinvointiteologia-ja-tyoelamataidot-uudesta-oppiaineesta-tukea-merkitykselliseen-elamaan\/","og_locale":"fi_FI","og_type":"article","og_title":"Hyvinvointiteologia ja ty\u00f6el\u00e4m\u00e4taidot - Uudesta oppiaineesta tukea merkitykselliseen el\u00e4m\u00e4\u00e4n - El\u00e4 merkityksellisesti","og_description":"It\u00e4-Suomen yliopiston Filosofisessa tiedekunnassa Hyvinvointiteologian ja ty\u00f6el\u00e4m\u00e4taitojen oppiaine ammentaa muun muassa pastoraaliteologian ja -psykologian ajatuksesta, jonka mukaan ihminen on kokonaisvaltainen kokonaisuus. Kun ihminen kohtaa \u00e4killisen el\u00e4m\u00e4n muutoksen esimerkiksi sairauden tai kuoleman l\u00e4heisyyden, tilanne koskettaa niin fyysist\u00e4, psyykkist\u00e4 kuin eksistentiaalistakin ulottuvuutta. Yhteiskunnalliset muutokset kuten turvallisuuspoliittinen tilanne tai talouden ep\u00e4vakaat n\u00e4kym\u00e4t voivat vaikuttaa yksil\u00f6n kokemukseen siit\u00e4, mik\u00e4 [&hellip;]","og_url":"https:\/\/blogs.uef.fi\/elamerkityksellisesti\/2025\/03\/26\/hyvinvointiteologia-ja-tyoelamataidot-uudesta-oppiaineesta-tukea-merkitykselliseen-elamaan\/","og_site_name":"El\u00e4 merkityksellisesti","article_published_time":"2025-03-26T10:32:04+00:00","article_modified_time":"2025-03-26T10:50:30+00:00","og_image":[{"url":"https:\/\/blogs.uef.fi\/elamerkityksellisesti\/wp-content\/uploads\/sites\/183\/2025\/03\/image.png","width":1024,"height":1024,"type":"image\/png"}],"author":"suvims","twitter_card":"summary_large_image","twitter_misc":{"Kirjoittanut":"suvims","Arvioitu lukuaika":"3 minuuttia"},"schema":{"@context":"https:\/\/schema.org","@graph":[{"@type":"Article","@id":"https:\/\/blogs.uef.fi\/elamerkityksellisesti\/2025\/03\/26\/hyvinvointiteologia-ja-tyoelamataidot-uudesta-oppiaineesta-tukea-merkitykselliseen-elamaan\/#article","isPartOf":{"@id":"https:\/\/blogs.uef.fi\/elamerkityksellisesti\/2025\/03\/26\/hyvinvointiteologia-ja-tyoelamataidot-uudesta-oppiaineesta-tukea-merkitykselliseen-elamaan\/"},"author":{"name":"suvims","@id":"https:\/\/blogs.uef.fi\/elamerkityksellisesti\/#\/schema\/person\/da019b01e38aa73582dde8177f0e7bfe"},"headline":"Hyvinvointiteologia ja ty\u00f6el\u00e4m\u00e4taidot &#8211; Uudesta oppiaineesta tukea merkitykselliseen el\u00e4m\u00e4\u00e4n","datePublished":"2025-03-26T10:32:04+00:00","dateModified":"2025-03-26T10:50:30+00:00","mainEntityOfPage":{"@id":"https:\/\/blogs.uef.fi\/elamerkityksellisesti\/2025\/03\/26\/hyvinvointiteologia-ja-tyoelamataidot-uudesta-oppiaineesta-tukea-merkitykselliseen-elamaan\/"},"wordCount":477,"commentCount":0,"image":{"@id":"https:\/\/blogs.uef.fi\/elamerkityksellisesti\/2025\/03\/26\/hyvinvointiteologia-ja-tyoelamataidot-uudesta-oppiaineesta-tukea-merkitykselliseen-elamaan\/#primaryimage"},"thumbnailUrl":"https:\/\/blogs.uef.fi\/elamerkityksellisesti\/wp-content\/uploads\/sites\/183\/2025\/03\/image.png","keywords":["eksistentiaalinen hyvinvointi","hyvinvointi","hyvinvointiteologia","opiskelu"],"articleSection":["Uncategorized"],"inLanguage":"fi","potentialAction":[{"@type":"CommentAction","name":"Comment","target":["https:\/\/blogs.uef.fi\/elamerkityksellisesti\/2025\/03\/26\/hyvinvointiteologia-ja-tyoelamataidot-uudesta-oppiaineesta-tukea-merkitykselliseen-elamaan\/#respond"]}]},{"@type":"WebPage","@id":"https:\/\/blogs.uef.fi\/elamerkityksellisesti\/2025\/03\/26\/hyvinvointiteologia-ja-tyoelamataidot-uudesta-oppiaineesta-tukea-merkitykselliseen-elamaan\/","url":"https:\/\/blogs.uef.fi\/elamerkityksellisesti\/2025\/03\/26\/hyvinvointiteologia-ja-tyoelamataidot-uudesta-oppiaineesta-tukea-merkitykselliseen-elamaan\/","name":"Hyvinvointiteologia ja ty\u00f6el\u00e4m\u00e4taidot - Uudesta oppiaineesta tukea merkitykselliseen el\u00e4m\u00e4\u00e4n - El\u00e4 merkityksellisesti","isPartOf":{"@id":"https:\/\/blogs.uef.fi\/elamerkityksellisesti\/#website"},"primaryImageOfPage":{"@id":"https:\/\/blogs.uef.fi\/elamerkityksellisesti\/2025\/03\/26\/hyvinvointiteologia-ja-tyoelamataidot-uudesta-oppiaineesta-tukea-merkitykselliseen-elamaan\/#primaryimage"},"image":{"@id":"https:\/\/blogs.uef.fi\/elamerkityksellisesti\/2025\/03\/26\/hyvinvointiteologia-ja-tyoelamataidot-uudesta-oppiaineesta-tukea-merkitykselliseen-elamaan\/#primaryimage"},"thumbnailUrl":"https:\/\/blogs.uef.fi\/elamerkityksellisesti\/wp-content\/uploads\/sites\/183\/2025\/03\/image.png","datePublished":"2025-03-26T10:32:04+00:00","dateModified":"2025-03-26T10:50:30+00:00","author":{"@id":"https:\/\/blogs.uef.fi\/elamerkityksellisesti\/#\/schema\/person\/da019b01e38aa73582dde8177f0e7bfe"},"breadcrumb":{"@id":"https:\/\/blogs.uef.fi\/elamerkityksellisesti\/2025\/03\/26\/hyvinvointiteologia-ja-tyoelamataidot-uudesta-oppiaineesta-tukea-merkitykselliseen-elamaan\/#breadcrumb"},"inLanguage":"fi","potentialAction":[{"@type":"ReadAction","target":["https:\/\/blogs.uef.fi\/elamerkityksellisesti\/2025\/03\/26\/hyvinvointiteologia-ja-tyoelamataidot-uudesta-oppiaineesta-tukea-merkitykselliseen-elamaan\/"]}]},{"@type":"ImageObject","inLanguage":"fi","@id":"https:\/\/blogs.uef.fi\/elamerkityksellisesti\/2025\/03\/26\/hyvinvointiteologia-ja-tyoelamataidot-uudesta-oppiaineesta-tukea-merkitykselliseen-elamaan\/#primaryimage","url":"https:\/\/blogs.uef.fi\/elamerkityksellisesti\/wp-content\/uploads\/sites\/183\/2025\/03\/image.png","contentUrl":"https:\/\/blogs.uef.fi\/elamerkityksellisesti\/wp-content\/uploads\/sites\/183\/2025\/03\/image.png","width":1024,"height":1024},{"@type":"BreadcrumbList","@id":"https:\/\/blogs.uef.fi\/elamerkityksellisesti\/2025\/03\/26\/hyvinvointiteologia-ja-tyoelamataidot-uudesta-oppiaineesta-tukea-merkitykselliseen-elamaan\/#breadcrumb","itemListElement":[{"@type":"ListItem","position":1,"name":"Home","item":"https:\/\/blogs.uef.fi\/elamerkityksellisesti\/"},{"@type":"ListItem","position":2,"name":"Hyvinvointiteologia ja ty\u00f6el\u00e4m\u00e4taidot &#8211; Uudesta oppiaineesta tukea merkitykselliseen el\u00e4m\u00e4\u00e4n"}]},{"@type":"WebSite","@id":"https:\/\/blogs.uef.fi\/elamerkityksellisesti\/#website","url":"https:\/\/blogs.uef.fi\/elamerkityksellisesti\/","name":"El\u00e4 merkityksellisesti","description":"","potentialAction":[{"@type":"SearchAction","target":{"@type":"EntryPoint","urlTemplate":"https:\/\/blogs.uef.fi\/elamerkityksellisesti\/?s={search_term_string}"},"query-input":{"@type":"PropertyValueSpecification","valueRequired":true,"valueName":"search_term_string"}}],"inLanguage":"fi"},{"@type":"Person","@id":"https:\/\/blogs.uef.fi\/elamerkityksellisesti\/#\/schema\/person\/da019b01e38aa73582dde8177f0e7bfe","name":"suvims","image":{"@type":"ImageObject","inLanguage":"fi","@id":"https:\/\/secure.gravatar.com\/avatar\/2af4b429be7b7076383619d059ae1b4f7c41eb471c5f92c041754581a5ea5c22?s=96&d=mm&r=g","url":"https:\/\/secure.gravatar.com\/avatar\/2af4b429be7b7076383619d059ae1b4f7c41eb471c5f92c041754581a5ea5c22?s=96&d=mm&r=g","contentUrl":"https:\/\/secure.gravatar.com\/avatar\/2af4b429be7b7076383619d059ae1b4f7c41eb471c5f92c041754581a5ea5c22?s=96&d=mm&r=g","caption":"suvims"},"url":"https:\/\/blogs.uef.fi\/elamerkityksellisesti\/author\/suvims\/"}]}},"_links":{"self":[{"href":"https:\/\/blogs.uef.fi\/elamerkityksellisesti\/wp-json\/wp\/v2\/posts\/475","targetHints":{"allow":["GET"]}}],"collection":[{"href":"https:\/\/blogs.uef.fi\/elamerkityksellisesti\/wp-json\/wp\/v2\/posts"}],"about":[{"href":"https:\/\/blogs.uef.fi\/elamerkityksellisesti\/wp-json\/wp\/v2\/types\/post"}],"author":[{"embeddable":true,"href":"https:\/\/blogs.uef.fi\/elamerkityksellisesti\/wp-json\/wp\/v2\/users\/565"}],"replies":[{"embeddable":true,"href":"https:\/\/blogs.uef.fi\/elamerkityksellisesti\/wp-json\/wp\/v2\/comments?post=475"}],"version-history":[{"count":1,"href":"https:\/\/blogs.uef.fi\/elamerkityksellisesti\/wp-json\/wp\/v2\/posts\/475\/revisions"}],"predecessor-version":[{"id":483,"href":"https:\/\/blogs.uef.fi\/elamerkityksellisesti\/wp-json\/wp\/v2\/posts\/475\/revisions\/483"}],"wp:attachment":[{"href":"https:\/\/blogs.uef.fi\/elamerkityksellisesti\/wp-json\/wp\/v2\/media?parent=475"}],"wp:term":[{"taxonomy":"category","embeddable":true,"href":"https:\/\/blogs.uef.fi\/elamerkityksellisesti\/wp-json\/wp\/v2\/categories?post=475"},{"taxonomy":"post_tag","embeddable":true,"href":"https:\/\/blogs.uef.fi\/elamerkityksellisesti\/wp-json\/wp\/v2\/tags?post=475"}],"curies":[{"name":"wp","href":"https:\/\/api.w.org\/{rel}","templated":true}]}}