{"id":3,"date":"2022-06-06T11:43:51","date_gmt":"2022-06-06T11:43:51","guid":{"rendered":"https:\/\/blogs.uef.fi\/elamerkityksellisesti\/?p=1"},"modified":"2022-06-07T06:53:23","modified_gmt":"2022-06-07T04:53:23","slug":"hello-world","status":"publish","type":"post","link":"https:\/\/blogs.uef.fi\/elamerkityksellisesti\/2022\/06\/06\/hello-world\/","title":{"rendered":"El\u00e4 merkityksellisesti \u2013 Tutkimusta ja pohdintoja merkityksest\u00e4 ja tarkoituksesta"},"content":{"rendered":"\nKokemus el\u00e4m\u00e4n merkityksest\u00e4 voidaan jakaa (positiiviseen) merkityksellisyyden kokemukseen ja (negatiiviseen) merkityksen kriisiin: positiivisessa kokemuksessa el\u00e4m\u00e4n merkitysl\u00e4hteet ovat tasapainossa, negatiivisessa kokemuksessa merkitysl\u00e4hteet ovat uhattuina tai horjuneet.\n\n\n\n\n\n\n<p><strong>El\u00e4m\u00e4n merkitysl\u00e4hteet ovat osa ihmisen persoonallisuutta<\/strong>. Merkitysl\u00e4hteet muodostuvat henkil\u00f6kohtaisista arvoista ja maailmankuvasta, keskeisist\u00e4 uskomuksista ja rituaaleista, joiden kautta merkityksellisyyden kokemusta vahvistetaan. Merkitysl\u00e4hteet ovat osin tietoisia ja osin tiedostamattomia tekij\u00f6it\u00e4, joiden avulla ihminen pyrkii rakentamaan el\u00e4m\u00e4s-s\u00e4\u00e4n merkityksellisyyden kokemusta. Henkil\u00f6kohtaisesti muodostetut merkitysl\u00e4hteet neuvotellaan yhdess\u00e4 l\u00e4heisten ihmisten kanssa, osana kulttuurista ymp\u00e4rist\u00f6\u00e4: merkityksen rakentaminen sis\u00e4lt\u00e4\u00e4 inter-subjektiivisen ulottuvuuden.<\/p>\n\n\n\n<p><em>Mik\u00e4 sitten tekee el\u00e4m\u00e4st\u00e4 merkityksellist\u00e4 silloin kun erilaiset kriisit tai muutokset uhkaavat?<\/em><\/p>\n\n\n\n<p>Muutoksen ja el\u00e4m\u00e4n merkityksen teemat ovat kiehtoneet minua v\u00e4it\u00f6skirjastani (2017) alkaen. Silloin sain kurkistaa, miten nuoret sy\u00f6p\u00e4\u00e4 sairastavat aikuiset rakentavat kokemusta merkityksellisest\u00e4 el\u00e4m\u00e4st\u00e4 ja millaisia merkityksi\u00e4 itse sairaudelle annettaan.<\/p>\n\n\n\n<p><strong>Emil Aaltosen s\u00e4\u00e4ti\u00f6n<\/strong> my\u00f6nt\u00e4m\u00e4 projektiapuraha mahdollistaa el\u00e4m\u00e4n merkityksen ja tarkoituksen tutkimuksen nyt laajemmin. Yhdess\u00e4 projektin tutkijoiden kanssa olemme ker\u00e4nneet aineistoja, joissa tarkastellaan, miten merkityksen ja tarkoituksen kokemukset n\u00e4ytt\u00e4ytyv\u00e4t. Tutkimushankkeen keski\u00f6ss\u00e4 ovat ik\u00e4\u00e4ntyvien ihmisten kokemukset. T\u00e4ss\u00e4 blogissa jaamme laajemminkin ajatuksiamme ja kokemuksiamme tutkijoina sek\u00e4 raportoimme hankkeemme l\u00f6yd\u00f6ksist\u00e4 ja edistymisest\u00e4.<\/p>\n\n\n\n<p>T\u00e4m\u00e4n blogin kirjoituksia jaamme Facebookissa osana sivustoa <strong>Merkityksellist\u00e4 el\u00e4m\u00e4\u00e4 ik\u00e4\u00e4ntyess\u00e4<\/strong>. Twitterist\u00e4 l\u00f6yd\u00e4t esimerkiksi minut @SaarelainenSuvi sek\u00e4 hankkeen postauksia <strong>#El\u00e4Merkityksellisesti<\/strong><\/p>\n\n\n\n<figure class=\"wp-block-image size-large\"><img loading=\"lazy\" decoding=\"async\" width=\"1024\" height=\"768\" src=\"https:\/\/blogs.uef.fi\/elamerkityksellisesti\/wp-content\/uploads\/sites\/183\/2022\/06\/blog-gec4b13900_1920-1024x768.jpg\" alt=\"\" class=\"wp-image-28\" srcset=\"https:\/\/blogs.uef.fi\/elamerkityksellisesti\/wp-content\/uploads\/sites\/183\/2022\/06\/blog-gec4b13900_1920-1024x768.jpg 1024w, https:\/\/blogs.uef.fi\/elamerkityksellisesti\/wp-content\/uploads\/sites\/183\/2022\/06\/blog-gec4b13900_1920-300x225.jpg 300w, https:\/\/blogs.uef.fi\/elamerkityksellisesti\/wp-content\/uploads\/sites\/183\/2022\/06\/blog-gec4b13900_1920-768x576.jpg 768w, https:\/\/blogs.uef.fi\/elamerkityksellisesti\/wp-content\/uploads\/sites\/183\/2022\/06\/blog-gec4b13900_1920-1536x1152.jpg 1536w, https:\/\/blogs.uef.fi\/elamerkityksellisesti\/wp-content\/uploads\/sites\/183\/2022\/06\/blog-gec4b13900_1920.jpg 1920w\" sizes=\"auto, (max-width: 1024px) 100vw, 1024px\" \/><\/figure>\n","protected":false},"excerpt":{"rendered":"<p>Kokemus el\u00e4m\u00e4n merkityksest\u00e4 voidaan jakaa (positiiviseen) merkityksellisyyden kokemukseen ja (negatiiviseen) merkityksen kriisiin: positiivisessa kokemuksessa el\u00e4m\u00e4n merkitysl\u00e4hteet ovat tasapainossa, negatiivisessa kokemuksessa merkitysl\u00e4hteet ovat uhattuina tai horjuneet. El\u00e4m\u00e4n merkitysl\u00e4hteet ovat osa ihmisen persoonallisuutta. Merkitysl\u00e4hteet muodostuvat henkil\u00f6kohtaisista arvoista ja maailmankuvasta, keskeisist\u00e4 uskomuksista ja rituaaleista, joiden kautta merkityksellisyyden kokemusta vahvistetaan. Merkitysl\u00e4hteet ovat osin tietoisia ja osin tiedostamattomia tekij\u00f6it\u00e4, joiden [&hellip;]<\/p>\n","protected":false},"author":565,"featured_media":0,"comment_status":"open","ping_status":"open","sticky":false,"template":"","format":"standard","meta":{"_acf_changed":false,"footnotes":""},"categories":[1],"tags":[],"class_list":["post-3","post","type-post","status-publish","format-standard","hentry","category-uncategorized"],"acf":[],"yoast_head":"<!-- This site is optimized with the Yoast SEO plugin v27.3 - https:\/\/yoast.com\/product\/yoast-seo-wordpress\/ -->\n<title>El\u00e4 merkityksellisesti \u2013 Tutkimusta ja pohdintoja merkityksest\u00e4 ja tarkoituksesta - El\u00e4 merkityksellisesti<\/title>\n<meta name=\"robots\" content=\"index, follow, max-snippet:-1, max-image-preview:large, max-video-preview:-1\" \/>\n<link rel=\"canonical\" href=\"https:\/\/blogs.uef.fi\/elamerkityksellisesti\/2022\/06\/06\/hello-world\/\" \/>\n<meta property=\"og:locale\" content=\"fi_FI\" \/>\n<meta property=\"og:type\" content=\"article\" \/>\n<meta property=\"og:title\" content=\"El\u00e4 merkityksellisesti \u2013 Tutkimusta ja pohdintoja merkityksest\u00e4 ja tarkoituksesta - El\u00e4 merkityksellisesti\" \/>\n<meta property=\"og:description\" content=\"Kokemus el\u00e4m\u00e4n merkityksest\u00e4 voidaan jakaa (positiiviseen) merkityksellisyyden kokemukseen ja (negatiiviseen) merkityksen kriisiin: positiivisessa kokemuksessa el\u00e4m\u00e4n merkitysl\u00e4hteet ovat tasapainossa, negatiivisessa kokemuksessa merkitysl\u00e4hteet ovat uhattuina tai horjuneet. El\u00e4m\u00e4n merkitysl\u00e4hteet ovat osa ihmisen persoonallisuutta. Merkitysl\u00e4hteet muodostuvat henkil\u00f6kohtaisista arvoista ja maailmankuvasta, keskeisist\u00e4 uskomuksista ja rituaaleista, joiden kautta merkityksellisyyden kokemusta vahvistetaan. Merkitysl\u00e4hteet ovat osin tietoisia ja osin tiedostamattomia tekij\u00f6it\u00e4, joiden [&hellip;]\" \/>\n<meta property=\"og:url\" content=\"https:\/\/blogs.uef.fi\/elamerkityksellisesti\/2022\/06\/06\/hello-world\/\" \/>\n<meta property=\"og:site_name\" content=\"El\u00e4 merkityksellisesti\" \/>\n<meta property=\"article:published_time\" content=\"2022-06-06T11:43:51+00:00\" \/>\n<meta property=\"article:modified_time\" content=\"2022-06-07T04:53:23+00:00\" \/>\n<meta property=\"og:image\" content=\"https:\/\/blogs.uef.fi\/elamerkityksellisesti\/wp-content\/uploads\/sites\/183\/2022\/06\/blog-gec4b13900_1920-1024x768.jpg\" \/>\n<meta name=\"author\" content=\"suvims\" \/>\n<meta name=\"twitter:card\" content=\"summary_large_image\" \/>\n<meta name=\"twitter:label1\" content=\"Kirjoittanut\" \/>\n\t<meta name=\"twitter:data1\" content=\"suvims\" \/>\n\t<meta name=\"twitter:label2\" content=\"Arvioitu lukuaika\" \/>\n\t<meta name=\"twitter:data2\" content=\"2 minuuttia\" \/>\n<script type=\"application\/ld+json\" class=\"yoast-schema-graph\">{\"@context\":\"https:\\\/\\\/schema.org\",\"@graph\":[{\"@type\":\"Article\",\"@id\":\"https:\\\/\\\/blogs.uef.fi\\\/elamerkityksellisesti\\\/2022\\\/06\\\/06\\\/hello-world\\\/#article\",\"isPartOf\":{\"@id\":\"https:\\\/\\\/blogs.uef.fi\\\/elamerkityksellisesti\\\/2022\\\/06\\\/06\\\/hello-world\\\/\"},\"author\":{\"name\":\"suvims\",\"@id\":\"https:\\\/\\\/blogs.uef.fi\\\/elamerkityksellisesti\\\/#\\\/schema\\\/person\\\/da019b01e38aa73582dde8177f0e7bfe\"},\"headline\":\"El\u00e4 merkityksellisesti \u2013 Tutkimusta ja pohdintoja merkityksest\u00e4 ja tarkoituksesta\",\"datePublished\":\"2022-06-06T11:43:51+00:00\",\"dateModified\":\"2022-06-07T04:53:23+00:00\",\"mainEntityOfPage\":{\"@id\":\"https:\\\/\\\/blogs.uef.fi\\\/elamerkityksellisesti\\\/2022\\\/06\\\/06\\\/hello-world\\\/\"},\"wordCount\":245,\"commentCount\":1,\"image\":{\"@id\":\"https:\\\/\\\/blogs.uef.fi\\\/elamerkityksellisesti\\\/2022\\\/06\\\/06\\\/hello-world\\\/#primaryimage\"},\"thumbnailUrl\":\"https:\\\/\\\/blogs.uef.fi\\\/elamerkityksellisesti\\\/wp-content\\\/uploads\\\/sites\\\/183\\\/2022\\\/06\\\/blog-gec4b13900_1920-1024x768.jpg\",\"articleSection\":[\"Uncategorized\"],\"inLanguage\":\"fi\",\"potentialAction\":[{\"@type\":\"CommentAction\",\"name\":\"Comment\",\"target\":[\"https:\\\/\\\/blogs.uef.fi\\\/elamerkityksellisesti\\\/2022\\\/06\\\/06\\\/hello-world\\\/#respond\"]}]},{\"@type\":\"WebPage\",\"@id\":\"https:\\\/\\\/blogs.uef.fi\\\/elamerkityksellisesti\\\/2022\\\/06\\\/06\\\/hello-world\\\/\",\"url\":\"https:\\\/\\\/blogs.uef.fi\\\/elamerkityksellisesti\\\/2022\\\/06\\\/06\\\/hello-world\\\/\",\"name\":\"El\u00e4 merkityksellisesti \u2013 Tutkimusta ja pohdintoja merkityksest\u00e4 ja tarkoituksesta - El\u00e4 merkityksellisesti\",\"isPartOf\":{\"@id\":\"https:\\\/\\\/blogs.uef.fi\\\/elamerkityksellisesti\\\/#website\"},\"primaryImageOfPage\":{\"@id\":\"https:\\\/\\\/blogs.uef.fi\\\/elamerkityksellisesti\\\/2022\\\/06\\\/06\\\/hello-world\\\/#primaryimage\"},\"image\":{\"@id\":\"https:\\\/\\\/blogs.uef.fi\\\/elamerkityksellisesti\\\/2022\\\/06\\\/06\\\/hello-world\\\/#primaryimage\"},\"thumbnailUrl\":\"https:\\\/\\\/blogs.uef.fi\\\/elamerkityksellisesti\\\/wp-content\\\/uploads\\\/sites\\\/183\\\/2022\\\/06\\\/blog-gec4b13900_1920-1024x768.jpg\",\"datePublished\":\"2022-06-06T11:43:51+00:00\",\"dateModified\":\"2022-06-07T04:53:23+00:00\",\"author\":{\"@id\":\"https:\\\/\\\/blogs.uef.fi\\\/elamerkityksellisesti\\\/#\\\/schema\\\/person\\\/da019b01e38aa73582dde8177f0e7bfe\"},\"breadcrumb\":{\"@id\":\"https:\\\/\\\/blogs.uef.fi\\\/elamerkityksellisesti\\\/2022\\\/06\\\/06\\\/hello-world\\\/#breadcrumb\"},\"inLanguage\":\"fi\",\"potentialAction\":[{\"@type\":\"ReadAction\",\"target\":[\"https:\\\/\\\/blogs.uef.fi\\\/elamerkityksellisesti\\\/2022\\\/06\\\/06\\\/hello-world\\\/\"]}]},{\"@type\":\"ImageObject\",\"inLanguage\":\"fi\",\"@id\":\"https:\\\/\\\/blogs.uef.fi\\\/elamerkityksellisesti\\\/2022\\\/06\\\/06\\\/hello-world\\\/#primaryimage\",\"url\":\"https:\\\/\\\/blogs.uef.fi\\\/elamerkityksellisesti\\\/wp-content\\\/uploads\\\/sites\\\/183\\\/2022\\\/06\\\/blog-gec4b13900_1920.jpg\",\"contentUrl\":\"https:\\\/\\\/blogs.uef.fi\\\/elamerkityksellisesti\\\/wp-content\\\/uploads\\\/sites\\\/183\\\/2022\\\/06\\\/blog-gec4b13900_1920.jpg\",\"width\":1920,\"height\":1440},{\"@type\":\"BreadcrumbList\",\"@id\":\"https:\\\/\\\/blogs.uef.fi\\\/elamerkityksellisesti\\\/2022\\\/06\\\/06\\\/hello-world\\\/#breadcrumb\",\"itemListElement\":[{\"@type\":\"ListItem\",\"position\":1,\"name\":\"Home\",\"item\":\"https:\\\/\\\/blogs.uef.fi\\\/elamerkityksellisesti\\\/\"},{\"@type\":\"ListItem\",\"position\":2,\"name\":\"El\u00e4 merkityksellisesti \u2013 Tutkimusta ja pohdintoja merkityksest\u00e4 ja tarkoituksesta\"}]},{\"@type\":\"WebSite\",\"@id\":\"https:\\\/\\\/blogs.uef.fi\\\/elamerkityksellisesti\\\/#website\",\"url\":\"https:\\\/\\\/blogs.uef.fi\\\/elamerkityksellisesti\\\/\",\"name\":\"El\u00e4 merkityksellisesti\",\"description\":\"\",\"potentialAction\":[{\"@type\":\"SearchAction\",\"target\":{\"@type\":\"EntryPoint\",\"urlTemplate\":\"https:\\\/\\\/blogs.uef.fi\\\/elamerkityksellisesti\\\/?s={search_term_string}\"},\"query-input\":{\"@type\":\"PropertyValueSpecification\",\"valueRequired\":true,\"valueName\":\"search_term_string\"}}],\"inLanguage\":\"fi\"},{\"@type\":\"Person\",\"@id\":\"https:\\\/\\\/blogs.uef.fi\\\/elamerkityksellisesti\\\/#\\\/schema\\\/person\\\/da019b01e38aa73582dde8177f0e7bfe\",\"name\":\"suvims\",\"image\":{\"@type\":\"ImageObject\",\"inLanguage\":\"fi\",\"@id\":\"https:\\\/\\\/secure.gravatar.com\\\/avatar\\\/2af4b429be7b7076383619d059ae1b4f7c41eb471c5f92c041754581a5ea5c22?s=96&d=mm&r=g\",\"url\":\"https:\\\/\\\/secure.gravatar.com\\\/avatar\\\/2af4b429be7b7076383619d059ae1b4f7c41eb471c5f92c041754581a5ea5c22?s=96&d=mm&r=g\",\"contentUrl\":\"https:\\\/\\\/secure.gravatar.com\\\/avatar\\\/2af4b429be7b7076383619d059ae1b4f7c41eb471c5f92c041754581a5ea5c22?s=96&d=mm&r=g\",\"caption\":\"suvims\"},\"url\":\"https:\\\/\\\/blogs.uef.fi\\\/elamerkityksellisesti\\\/author\\\/suvims\\\/\"}]}<\/script>\n<!-- \/ Yoast SEO plugin. -->","yoast_head_json":{"title":"El\u00e4 merkityksellisesti \u2013 Tutkimusta ja pohdintoja merkityksest\u00e4 ja tarkoituksesta - El\u00e4 merkityksellisesti","robots":{"index":"index","follow":"follow","max-snippet":"max-snippet:-1","max-image-preview":"max-image-preview:large","max-video-preview":"max-video-preview:-1"},"canonical":"https:\/\/blogs.uef.fi\/elamerkityksellisesti\/2022\/06\/06\/hello-world\/","og_locale":"fi_FI","og_type":"article","og_title":"El\u00e4 merkityksellisesti \u2013 Tutkimusta ja pohdintoja merkityksest\u00e4 ja tarkoituksesta - El\u00e4 merkityksellisesti","og_description":"Kokemus el\u00e4m\u00e4n merkityksest\u00e4 voidaan jakaa (positiiviseen) merkityksellisyyden kokemukseen ja (negatiiviseen) merkityksen kriisiin: positiivisessa kokemuksessa el\u00e4m\u00e4n merkitysl\u00e4hteet ovat tasapainossa, negatiivisessa kokemuksessa merkitysl\u00e4hteet ovat uhattuina tai horjuneet. El\u00e4m\u00e4n merkitysl\u00e4hteet ovat osa ihmisen persoonallisuutta. Merkitysl\u00e4hteet muodostuvat henkil\u00f6kohtaisista arvoista ja maailmankuvasta, keskeisist\u00e4 uskomuksista ja rituaaleista, joiden kautta merkityksellisyyden kokemusta vahvistetaan. Merkitysl\u00e4hteet ovat osin tietoisia ja osin tiedostamattomia tekij\u00f6it\u00e4, joiden [&hellip;]","og_url":"https:\/\/blogs.uef.fi\/elamerkityksellisesti\/2022\/06\/06\/hello-world\/","og_site_name":"El\u00e4 merkityksellisesti","article_published_time":"2022-06-06T11:43:51+00:00","article_modified_time":"2022-06-07T04:53:23+00:00","og_image":[{"url":"https:\/\/blogs.uef.fi\/elamerkityksellisesti\/wp-content\/uploads\/sites\/183\/2022\/06\/blog-gec4b13900_1920-1024x768.jpg","type":"","width":"","height":""}],"author":"suvims","twitter_card":"summary_large_image","twitter_misc":{"Kirjoittanut":"suvims","Arvioitu lukuaika":"2 minuuttia"},"schema":{"@context":"https:\/\/schema.org","@graph":[{"@type":"Article","@id":"https:\/\/blogs.uef.fi\/elamerkityksellisesti\/2022\/06\/06\/hello-world\/#article","isPartOf":{"@id":"https:\/\/blogs.uef.fi\/elamerkityksellisesti\/2022\/06\/06\/hello-world\/"},"author":{"name":"suvims","@id":"https:\/\/blogs.uef.fi\/elamerkityksellisesti\/#\/schema\/person\/da019b01e38aa73582dde8177f0e7bfe"},"headline":"El\u00e4 merkityksellisesti \u2013 Tutkimusta ja pohdintoja merkityksest\u00e4 ja tarkoituksesta","datePublished":"2022-06-06T11:43:51+00:00","dateModified":"2022-06-07T04:53:23+00:00","mainEntityOfPage":{"@id":"https:\/\/blogs.uef.fi\/elamerkityksellisesti\/2022\/06\/06\/hello-world\/"},"wordCount":245,"commentCount":1,"image":{"@id":"https:\/\/blogs.uef.fi\/elamerkityksellisesti\/2022\/06\/06\/hello-world\/#primaryimage"},"thumbnailUrl":"https:\/\/blogs.uef.fi\/elamerkityksellisesti\/wp-content\/uploads\/sites\/183\/2022\/06\/blog-gec4b13900_1920-1024x768.jpg","articleSection":["Uncategorized"],"inLanguage":"fi","potentialAction":[{"@type":"CommentAction","name":"Comment","target":["https:\/\/blogs.uef.fi\/elamerkityksellisesti\/2022\/06\/06\/hello-world\/#respond"]}]},{"@type":"WebPage","@id":"https:\/\/blogs.uef.fi\/elamerkityksellisesti\/2022\/06\/06\/hello-world\/","url":"https:\/\/blogs.uef.fi\/elamerkityksellisesti\/2022\/06\/06\/hello-world\/","name":"El\u00e4 merkityksellisesti \u2013 Tutkimusta ja pohdintoja merkityksest\u00e4 ja tarkoituksesta - El\u00e4 merkityksellisesti","isPartOf":{"@id":"https:\/\/blogs.uef.fi\/elamerkityksellisesti\/#website"},"primaryImageOfPage":{"@id":"https:\/\/blogs.uef.fi\/elamerkityksellisesti\/2022\/06\/06\/hello-world\/#primaryimage"},"image":{"@id":"https:\/\/blogs.uef.fi\/elamerkityksellisesti\/2022\/06\/06\/hello-world\/#primaryimage"},"thumbnailUrl":"https:\/\/blogs.uef.fi\/elamerkityksellisesti\/wp-content\/uploads\/sites\/183\/2022\/06\/blog-gec4b13900_1920-1024x768.jpg","datePublished":"2022-06-06T11:43:51+00:00","dateModified":"2022-06-07T04:53:23+00:00","author":{"@id":"https:\/\/blogs.uef.fi\/elamerkityksellisesti\/#\/schema\/person\/da019b01e38aa73582dde8177f0e7bfe"},"breadcrumb":{"@id":"https:\/\/blogs.uef.fi\/elamerkityksellisesti\/2022\/06\/06\/hello-world\/#breadcrumb"},"inLanguage":"fi","potentialAction":[{"@type":"ReadAction","target":["https:\/\/blogs.uef.fi\/elamerkityksellisesti\/2022\/06\/06\/hello-world\/"]}]},{"@type":"ImageObject","inLanguage":"fi","@id":"https:\/\/blogs.uef.fi\/elamerkityksellisesti\/2022\/06\/06\/hello-world\/#primaryimage","url":"https:\/\/blogs.uef.fi\/elamerkityksellisesti\/wp-content\/uploads\/sites\/183\/2022\/06\/blog-gec4b13900_1920.jpg","contentUrl":"https:\/\/blogs.uef.fi\/elamerkityksellisesti\/wp-content\/uploads\/sites\/183\/2022\/06\/blog-gec4b13900_1920.jpg","width":1920,"height":1440},{"@type":"BreadcrumbList","@id":"https:\/\/blogs.uef.fi\/elamerkityksellisesti\/2022\/06\/06\/hello-world\/#breadcrumb","itemListElement":[{"@type":"ListItem","position":1,"name":"Home","item":"https:\/\/blogs.uef.fi\/elamerkityksellisesti\/"},{"@type":"ListItem","position":2,"name":"El\u00e4 merkityksellisesti \u2013 Tutkimusta ja pohdintoja merkityksest\u00e4 ja tarkoituksesta"}]},{"@type":"WebSite","@id":"https:\/\/blogs.uef.fi\/elamerkityksellisesti\/#website","url":"https:\/\/blogs.uef.fi\/elamerkityksellisesti\/","name":"El\u00e4 merkityksellisesti","description":"","potentialAction":[{"@type":"SearchAction","target":{"@type":"EntryPoint","urlTemplate":"https:\/\/blogs.uef.fi\/elamerkityksellisesti\/?s={search_term_string}"},"query-input":{"@type":"PropertyValueSpecification","valueRequired":true,"valueName":"search_term_string"}}],"inLanguage":"fi"},{"@type":"Person","@id":"https:\/\/blogs.uef.fi\/elamerkityksellisesti\/#\/schema\/person\/da019b01e38aa73582dde8177f0e7bfe","name":"suvims","image":{"@type":"ImageObject","inLanguage":"fi","@id":"https:\/\/secure.gravatar.com\/avatar\/2af4b429be7b7076383619d059ae1b4f7c41eb471c5f92c041754581a5ea5c22?s=96&d=mm&r=g","url":"https:\/\/secure.gravatar.com\/avatar\/2af4b429be7b7076383619d059ae1b4f7c41eb471c5f92c041754581a5ea5c22?s=96&d=mm&r=g","contentUrl":"https:\/\/secure.gravatar.com\/avatar\/2af4b429be7b7076383619d059ae1b4f7c41eb471c5f92c041754581a5ea5c22?s=96&d=mm&r=g","caption":"suvims"},"url":"https:\/\/blogs.uef.fi\/elamerkityksellisesti\/author\/suvims\/"}]}},"_links":{"self":[{"href":"https:\/\/blogs.uef.fi\/elamerkityksellisesti\/wp-json\/wp\/v2\/posts\/3","targetHints":{"allow":["GET"]}}],"collection":[{"href":"https:\/\/blogs.uef.fi\/elamerkityksellisesti\/wp-json\/wp\/v2\/posts"}],"about":[{"href":"https:\/\/blogs.uef.fi\/elamerkityksellisesti\/wp-json\/wp\/v2\/types\/post"}],"author":[{"embeddable":true,"href":"https:\/\/blogs.uef.fi\/elamerkityksellisesti\/wp-json\/wp\/v2\/users\/565"}],"replies":[{"embeddable":true,"href":"https:\/\/blogs.uef.fi\/elamerkityksellisesti\/wp-json\/wp\/v2\/comments?post=3"}],"version-history":[{"count":1,"href":"https:\/\/blogs.uef.fi\/elamerkityksellisesti\/wp-json\/wp\/v2\/posts\/3\/revisions"}],"predecessor-version":[{"id":73,"href":"https:\/\/blogs.uef.fi\/elamerkityksellisesti\/wp-json\/wp\/v2\/posts\/3\/revisions\/73"}],"wp:attachment":[{"href":"https:\/\/blogs.uef.fi\/elamerkityksellisesti\/wp-json\/wp\/v2\/media?parent=3"}],"wp:term":[{"taxonomy":"category","embeddable":true,"href":"https:\/\/blogs.uef.fi\/elamerkityksellisesti\/wp-json\/wp\/v2\/categories?post=3"},{"taxonomy":"post_tag","embeddable":true,"href":"https:\/\/blogs.uef.fi\/elamerkityksellisesti\/wp-json\/wp\/v2\/tags?post=3"}],"curies":[{"name":"wp","href":"https:\/\/api.w.org\/{rel}","templated":true}]}}