{"id":189,"date":"2022-09-01T09:34:00","date_gmt":"2022-09-01T07:34:00","guid":{"rendered":"https:\/\/blogs.uef.fi\/elamerkityksellisesti\/?p=189"},"modified":"2022-08-31T09:37:50","modified_gmt":"2022-08-31T07:37:50","slug":"merkityksellisyystiedon-arvo-hyodyntamismahdollisuudet-ja-kaytannon-sovellutuksia-tehostetun-palveluasumisen-organisaatioissa%ef%bf%bc","status":"publish","type":"post","link":"https:\/\/blogs.uef.fi\/elamerkityksellisesti\/2022\/09\/01\/merkityksellisyystiedon-arvo-hyodyntamismahdollisuudet-ja-kaytannon-sovellutuksia-tehostetun-palveluasumisen-organisaatioissa%ef%bf%bc\/","title":{"rendered":"Merkityksellisyystiedon arvo, hy\u00f6dynt\u00e4mismahdollisuudet ja k\u00e4yt\u00e4nn\u00f6n sovellutuksia tehostetun palveluasumisen organisaatioissa\ufffc"},"content":{"rendered":"\n<p><em>Kirjoittaja: Johanna Listola<\/em><\/p>\n\n\n\n<p><a href=\"https:\/\/blogs.uef.fi\/elamerkityksellisesti\/2022\/08\/18\/merkityksellisyystiedon-hyodyntamisen-mahdollisuudet-terveys-ja-hyvinvointipalvelujen-seka-hoiva-alan-organisaatioiden-kehittamisessa\/?fbclid=IwAR1TpKDMrNCcTSmr0kHzsEkQnNU81EEflLS_JPkL3cow5KdVTIys158GrOc\">Kirjoitussarjan ensimm\u00e4inen osa<\/a> hahmotteli yleiskuvaa merkityksellisyystiedon hy\u00f6dynt\u00e4misen mahdollisuuksista ik\u00e4\u00e4ntyvien hyvinvoinnin tukemisessa ja hyvinvointipalvelujen kehitt\u00e4misess\u00e4. <a href=\"https:\/\/blogs.uef.fi\/elamerkityksellisesti\/2022\/08\/25\/merkityksellisyystiedon-hyodyntamismahdollisuudet-pitkan-kotona-asumisen-seka-hyvan-terveyden-ja-toimintakyvyn-tukena\/\">Sarjan toinen osio<\/a> kiinnittyi syvemm\u00e4lle kotona asuvan n\u00e4k\u00f6kulmaan ja etenkin merkityksellisyystiedon hy\u00f6dynt\u00e4mismahdollisuuksiin pitk\u00e4n kotona asumisen, hyv\u00e4n terveyden ja toimintakyvyn tukena. Sarjan kolmas osio pureutuu merkityksellisyystiedon hy\u00f6dynt\u00e4mismahdollisuuksiin ja merkityksellisen el\u00e4m\u00e4n edist\u00e4misen keinoihin tehostetun palveluasumisen piiriss\u00e4.<\/p>\n\n\n\n<h2 class=\"wp-block-heading\">Kun toimintakyky heikkenee ja palveluasumiseen siirtyminen on v\u00e4ist\u00e4m\u00e4t\u00f6nt\u00e4<\/h2>\n\n\n\n<p>Kotona asuvien ik\u00e4\u00e4ntyvien haastatteluista p\u00e4\u00e4tellen kodin ymp\u00e4rist\u00f6 on ik\u00e4\u00e4ntyneelle merkityksellinen osa el\u00e4m\u00e4\u00e4 ja kotona selvi\u00e4misen toive on vahva. Kotona asuminen vahvistaa toimijuutta ja osallisuutta, oman el\u00e4m\u00e4n hallintaa ja toimintakyky\u00e4.<strong> Lopulta toimintakyky kuitenkin sanelee mahdollisuudet omaehtoiseen asumiseen.<\/strong><\/p>\n\n\n\n<p>Siit\u00e4 huolimatta, ett\u00e4 jokainen haastateltava ja ik\u00e4\u00e4ntynyt toivoo ensisijaisesti tervett\u00e4 ja toimintakykyist\u00e4 el\u00e4m\u00e4\u00e4 kotona, kohtaa osa el\u00e4m\u00e4n loppuvaiheilla sen tosiasian, ett\u00e4 heikentynyt toimintakyky tekee itsen\u00e4isest\u00e4 kotona selvi\u00e4misest\u00e4 vaikeaa, pelottavaa ja jopa mahdotonta. <strong>Kotona selvi\u00e4mist\u00e4 haastaa usein fyysinen ja kognitiivinen terveys ja toimintakyky, mutta my\u00f6s yksin\u00e4isyys,<\/strong> puuttuva sosiaalinen verkosto, pelko arjessa selvi\u00e4misest\u00e4 ja voimattomuus selvit\u00e4 ihmisarvoisen el\u00e4m\u00e4n edellytt\u00e4m\u00e4st\u00e4 arjesta.<\/p>\n\n\n\n<p>Tehostetun palveluasumisen piiriin p\u00e4\u00e4tyv\u00e4n yksil\u00f6n toimintakyky on usein merkitt\u00e4v\u00e4sti heikentynyt. <strong>Kotona asuminen tilanteessa, jossa ik\u00e4\u00e4ntynyt on toimintakykyns\u00e4 puolesta menett\u00e4nyt edellytykset selviyty\u00e4 <\/strong>perustavanlaatuisista p\u00e4ivitt\u00e4isist\u00e4 toimistaan (ravitsemus, turvallisuus, hygienia) itsen\u00e4isesti tai kevyemmin tuetuiden palvelujen voimin, ei en\u00e4\u00e4 tue yksil\u00f6n hyvinvointia. Tehostettuun palveluasumiseen p\u00e4\u00e4tyess\u00e4\u00e4n ik\u00e4\u00e4ntyneen fyysinen ja kognitiivinen toimintakyky on p\u00e4\u00e4s\u00e4\u00e4nt\u00f6isesti heikentynyt siin\u00e4 m\u00e4\u00e4rin, ett\u00e4 ymp\u00e4rivuorokautisen hoivan ja turvallisuuden takaamisen tarve on v\u00e4ist\u00e4m\u00e4t\u00f6n.<\/p>\n\n\n\n<figure class=\"wp-block-image size-full\"><img loading=\"lazy\" decoding=\"async\" width=\"409\" height=\"272\" src=\"https:\/\/blogs.uef.fi\/elamerkityksellisesti\/wp-content\/uploads\/sites\/183\/2022\/08\/image-2.png\" alt=\"\" class=\"wp-image-192\" srcset=\"https:\/\/blogs.uef.fi\/elamerkityksellisesti\/wp-content\/uploads\/sites\/183\/2022\/08\/image-2.png 409w, https:\/\/blogs.uef.fi\/elamerkityksellisesti\/wp-content\/uploads\/sites\/183\/2022\/08\/image-2-300x200.png 300w\" sizes=\"auto, (max-width: 409px) 100vw, 409px\" \/><\/figure>\n\n\n\n<p>Viimeist\u00e4\u00e4n tehostetun palveluasumisen parissa huomaa, ett\u00e4 asuinymp\u00e4rist\u00f6ll\u00e4 on selv\u00e4 vaikutus ik\u00e4\u00e4ntyneen toimijuuteen ja osallisuuteen sek\u00e4 tekemisen mahdollisuuksiin ja merkityksellisen el\u00e4m\u00e4n toteuttamiseen. Kohtaamme olosuhteet, jossa yksil\u00f6llisen, omann\u00e4k\u00f6isen merkityksellisen el\u00e4m\u00e4n mahdollistamiseksi on teht\u00e4v\u00e4 t\u00f6it\u00e4 asiakasl\u00e4ht\u00f6isesti ja moniammatillisesti, jokaisen tuottamaa tietoa ja osaamista hy\u00f6dynt\u00e4en.<\/p>\n\n\n\n<p>Tehostetun palveluasumisen puitteet poikkeavat merkitt\u00e4v\u00e4sti oman kodin ymp\u00e4rist\u00f6st\u00e4 niin hyv\u00e4ss\u00e4 kuin pahassakin. Turva, hoiva ja palvelut ovat ymp\u00e4rivuorokautisia, mutta yksil\u00f6n oma tila muuttuu ja p\u00e4\u00e4t\u00f6svalta omista asioista kaventuu.&nbsp; <a href=\"https:\/\/blogs.helsinki.fi\/elamaa-kuoleman-aarella\/2021\/01\/15\/kohti-syvempaa-ymmarrysta-ikaantyvien-eksistentiaalisista-kysymyksista-kirjoittajana-suvi-maria-saarelainen\/\">Tuettuun asumiseen muuttamisen my\u00f6t\u00e4 ik\u00e4\u00e4ntyneen fyysinen ja kognitiivinen kapasiteetti taipuvat laskemaan entisest\u00e4\u00e4n<\/a>.<\/p>\n\n\n\n<p>Tehostetun palveluasumisen systeemist\u00e4 ja sen toimintamalleista johtuvaa negatiivista ja jokseenkin itsest\u00e4\u00e4n selv\u00e4n\u00e4 pidett\u00e4v\u00e4\u00e4 passivoitumiseen ja yksil\u00f6im\u00e4tt\u00f6myyteen johtavaa kulkua on kuitenkin mahdollista k\u00e4\u00e4nt\u00e4\u00e4 tietyin rakentein ja toimintamallein, jotka tukevat sek\u00e4 asukkaiden hyvinvointia, ett\u00e4 ty\u00f6ntekij\u00f6iden kokemuksia geriatrisen ty\u00f6n merkityksellisyydest\u00e4.<\/p>\n\n\n\n<h2 class=\"wp-block-heading\">Merkityksellisen el\u00e4m\u00e4n ja osallisuuden edist\u00e4minen tehostetun palveluasumisen piiriss\u00e4<\/h2>\n\n\n\n<p>Kuten oman kodin ymp\u00e4rist\u00f6ss\u00e4, my\u00f6s tehostetun palveluasumisen piiriss\u00e4 toimijuus, tekeminen ja osallisuus tukevat asukkaan toimintakyky\u00e4 ja p\u00e4invastoin \u2013 hyv\u00e4 toimintakyky vahvistaa omann\u00e4k\u00f6ist\u00e4 osallisuutta ja mahdollistaa merkityksellist\u00e4 arkea.<\/p>\n\n\n\n<p>Molempien ennaltaehk\u00e4isyn ja hidastamisen mahdollisuuksista huolimatta, fyysisen toimintakyvyn heikkenemisen lis\u00e4ksi muistisairaudet ovat tehostettuun palvelutarpeeseen ja ymp\u00e4rivuorokautiseen hoivaan johtava yleinen ik\u00e4\u00e4ntyneen sairaus.<\/p>\n\n\n\n<p>Merkityksellisen el\u00e4m\u00e4n ja n\u00e4it\u00e4 tukevien palvelujen ja hoivan kehitt\u00e4misen ja perusteiden kannalta voidaan aloittaa kiinnitt\u00e4m\u00e4ll\u00e4 huomio <a href=\"https:\/\/www.muistiliitto.fi\/fi\/etuudet-ja-oikeudet\/muistisairaan-ihmisen-oikeudet\">muistisairaan oikeuksiin<\/a>. Oikeudet kuvaavat erinomaisesti tehostetun palveluasumisen piiriss\u00e4 olevan asukkaan hyv\u00e4\u00e4 hoivaa ja merkityksellisen el\u00e4m\u00e4n l\u00e4ht\u00f6kohtia, vaikkei muistisairautta olisikaan. <strong>Tehostetun palveluasumisen asukkaan tulisi voida el\u00e4\u00e4 merkityksellist\u00e4 arkea, <\/strong>kokea olevansa merkityksellinen osa yhteis\u00f6\u00e4\u00e4n ja yhteiskuntaa sek\u00e4 saada viett\u00e4\u00e4 aikaa sellaisten ihmisten seurassa, jotka tuntevat h\u00e4nen el\u00e4m\u00e4nhistoriaansa sek\u00e4 kulttuurisia ja hengellisi\u00e4 tarpeita ja toiveitaan.<\/p>\n\n\n\n<p>Yksi ik\u00e4\u00e4ntynyt voi kokea tehostetun palveluasumisen piirin <strong>p\u00e4\u00e4syn<\/strong> helpotuksena toimintakykyyn n\u00e4hden liian vaativaan kotiarkeen. Toisaalta v\u00e4hint\u00e4\u00e4nkin yht\u00e4 lailla toinen ik\u00e4\u00e4ntynyt kokee <strong>joutuneensa<\/strong> valvonnan ja hoivan kohteeksi ja menett\u00e4neens\u00e4 tutun oman ymp\u00e4rist\u00f6ns\u00e4, mahdollisuudet el\u00e4m\u00e4nhallintaan sek\u00e4 itsem\u00e4\u00e4r\u00e4\u00e4misoikeutensa.<\/p>\n\n\n\n<p>Tiettyjen vapauksien menetykseen havahdutaan vasta palveluasumisen piiriss\u00e4. Oman tilan v\u00e4hyys, oman aikataulun hallinta sek\u00e4 vapaan liikkumiseen rajoittamien tulee toisinaan yll\u00e4tyksen\u00e4 uudelle asukkaalle. Mik\u00e4li asukas muutokset kognitiivisesti tiedostaa, <strong>muutto el\u00e4m\u00e4n viimeiseen asumukseen ja ymp\u00e4rivuorokautisen tuen piiriin johtaa v\u00e4hint\u00e4\u00e4n jossain m\u00e4\u00e4rin merkityksen kriisiin ja merkityksen kokemuksen uudelleenrakentamisen tarpeeseen. <\/strong>T\u00e4ss\u00e4 kohtaa el\u00e4m\u00e4nkaarta hyvin heikossa asemassa ja toimintakyvyss\u00e4 olevaa ik\u00e4\u00e4ntynytt\u00e4 voidaan edelleen tukea.<\/p>\n\n\n\n<figure class=\"wp-block-image size-full\"><img loading=\"lazy\" decoding=\"async\" width=\"409\" height=\"272\" src=\"https:\/\/blogs.uef.fi\/elamerkityksellisesti\/wp-content\/uploads\/sites\/183\/2022\/08\/image-3.png\" alt=\"\" class=\"wp-image-195\" srcset=\"https:\/\/blogs.uef.fi\/elamerkityksellisesti\/wp-content\/uploads\/sites\/183\/2022\/08\/image-3.png 409w, https:\/\/blogs.uef.fi\/elamerkityksellisesti\/wp-content\/uploads\/sites\/183\/2022\/08\/image-3-300x200.png 300w\" sizes=\"auto, (max-width: 409px) 100vw, 409px\" \/><\/figure>\n\n\n\n<p>Keskeist\u00e4 on muistaa, ett\u00e4 my\u00f6s tehostetun palveluasumisen piiriss\u00e4 olevalla yksil\u00f6ll\u00e4 on oma <a href=\"https:\/\/blogs.helsinki.fi\/elamaa-kuoleman-aarella\/category\/ihmissuhteet\/\">identiteetti, joka muodostuu vuorovaikutuksessa muiden kanssa ja muotoutuu el\u00e4m\u00e4n loppuun saakka<\/a>. <strong>Identiteetti, joka rakentuu itselle menneisyydess\u00e4 ja nykyisyydess\u00e4 ja tulevaisuudessa merkitykselliseksi koetuista asioista sek\u00e4 suhteesta muihin ymp\u00e4r\u00f6iviin ihmisiin. <\/strong>Identiteetti, joka edelleen ik\u00e4\u00e4ntyv\u00e4ll\u00e4 kuvaa sen, mink\u00e4 muissakin ik\u00e4vaiheessa &#8211; kuka min\u00e4 olen ja miten min\u00e4 eroan muista. Tieto piirtyy olennaiseksi tehostetun palveluasumisen yksik\u00f6iss\u00e4 sek\u00e4 kuntoutukseen ja hoivaan liittyv\u00e4ss\u00e4 ty\u00f6ss\u00e4, jossa <a href=\"https:\/\/blogs.helsinki.fi\/elamaa-kuoleman-aarella\/2021\/01\/28\/syrjaytyminen-sosiaalisista-suhteista-kuoleman-lahestyessa\/\">palveluasumisen piiriss\u00e4 olevan ik\u00e4\u00e4ntyneen ihmissuhteita alkaa v\u00e4ritt\u00e4\u00e4 helposti asetelma yksinomaan hoivasuhteina<\/a> niin suhteessa henkil\u00f6st\u00f6\u00f6n, kun omaisiinkin.<\/p>\n\n\n\n<h2 class=\"wp-block-heading\">Ik\u00e4\u00e4ntyneen minuus muodostuu eletyn el\u00e4m\u00e4n, historian sek\u00e4 itselle merkityksellisten teemojen ja n\u00e4iden arkitoiminnassa hy\u00f6dynt\u00e4misen kautta<\/h2>\n\n\n\n<p>Yksil\u00f6n el\u00e4m\u00e4nhistorian ja siihen liittyvien valintojen ja mieltymysten kautta tehostetunkin palveluasumisen piiriss\u00e4 asuvasta ik\u00e4\u00e4ntyneest\u00e4 kuoriutuu ainutlaatuinen yksil\u00f6 menneisyyksineen, unelmineen ja muuttuvine merkitysl\u00e4hteineen. N\u00e4iden pohjalta muodostuu my\u00f6s yksil\u00f6n motivaatio toimia ja osallistua. Palveluasumisen piiriss\u00e4 el\u00e4v\u00e4n ik\u00e4\u00e4ntyneen tulevaisuuden n\u00e4kymien, tavoitteiden ja unelmien ollessa el\u00e4m\u00e4nkaaren loppua kohden hillittyj\u00e4, keskeiseksi arvoa tuottavaksi asiaksi piirtyy <strong>ik\u00e4\u00e4ntyneen minuuden muodostuminen ja vahvistaminen eletyn el\u00e4m\u00e4n, historian ja omien merkityksellisten teemojen ja n\u00e4iden arkitoiminnassa hy\u00f6dynt\u00e4misen kautta.<\/strong><\/p>\n\n\n\n<p>Hyvinkin muistisairaalla, ja etenkin heill\u00e4 aktiivinen keskustelu merkityksellisyyden teemoista ja t\u00e4t\u00e4 kautta syntyv\u00e4 ymm\u00e4rrys yksil\u00f6n taustoista tukee omann\u00e4k\u00f6isen arjen yll\u00e4pit\u00e4mist\u00e4 palveluasumisen piiriss\u00e4 ja lis\u00e4\u00e4 merkityksellisyytt\u00e4 my\u00f6s hoivan tuottajan ty\u00f6h\u00f6n. Hoivan tuottajan ymm\u00e4rrys yksil\u00f6n merkityksellisyyden kokemuksista ja uusien merkityksellisyyden kokemusten muodostuminen on olennaista niin palveluasumisen piiriin siirrytt\u00e4ess\u00e4, kuin my\u00f6s terveydentilan kehittyess\u00e4 ja muuttuessa.<\/p>\n\n\n\n<p><strong>Itselle merkityksellisten asioiden muistelu vahvistaa ik\u00e4\u00e4ntyneen merkityksellisyyden tunnetta ja koherenttia kokemusta omasta itsest\u00e4\u00e4n, tukien my\u00f6s hyvinkin dementoituneen yksil\u00f6n identiteetti\u00e4.<\/strong> My\u00f6s ik\u00e4\u00e4ntyv\u00e4ll\u00e4 ja muistisairaalla merkitysl\u00e4hteit\u00e4 voidaan kaivaa syv\u00e4lt\u00e4kin historiasta tai pyrki\u00e4 luomaan uusia, uudenlaisesta arjesta nousevia merkityksellisyyden kokemuksen mahdollisuuksia. Tieto yksil\u00f6n merkitysl\u00e4hteist\u00e4 voidaan tallentaa t\u00e4n\u00e4 p\u00e4iv\u00e4n\u00e4 ongelmitta k\u00e4ytett\u00e4viin tietoj\u00e4rjestelmiin, josta se on hoitoverkoston hy\u00f6dynnett\u00e4viss\u00e4 jokaisessa kohtaamisessa tukien ik\u00e4\u00e4ntyneen yksil\u00f6llist\u00e4 hoivaa ja kuntoutusta.&nbsp;<\/p>\n\n\n\n<p><strong>Tehostetun palveluasumisen asukkaan itselle merkityksellisten asioiden ja toimintakyvyn tuntemuksen avulla voidaan moniammatillisesti tukea my\u00f6s ik\u00e4\u00e4ntyv\u00e4n asukkaan osallisuutta omassa toimintaymp\u00e4rist\u00f6ss\u00e4\u00e4n.<\/strong> Laadukkaan hoidon ja hoivan turvaamisessa voidaan nojata monipuolisesti erilaisiin menetelmiin, joilla voidaan parantaa sek\u00e4 asukkaiden, ett\u00e4 henkil\u00f6st\u00f6n hyvinvointia.<\/p>\n\n\n\n<figure class=\"wp-block-image size-full\"><img loading=\"lazy\" decoding=\"async\" width=\"506\" height=\"424\" src=\"https:\/\/blogs.uef.fi\/elamerkityksellisesti\/wp-content\/uploads\/sites\/183\/2022\/08\/image-4.png\" alt=\"\" class=\"wp-image-198\" srcset=\"https:\/\/blogs.uef.fi\/elamerkityksellisesti\/wp-content\/uploads\/sites\/183\/2022\/08\/image-4.png 506w, https:\/\/blogs.uef.fi\/elamerkityksellisesti\/wp-content\/uploads\/sites\/183\/2022\/08\/image-4-300x251.png 300w\" sizes=\"auto, (max-width: 506px) 100vw, 506px\" \/><figcaption><strong>Wilhelmiinan palvelutalossa Eilalle on l\u00f6ytynyt t\u00e4rke\u00e4 rooli ja mieluinen teht\u00e4v\u00e4.<\/strong><br>Kuva Kirsi Tirronen<\/figcaption><\/figure>\n\n\n\n<p>Lupaavaa suuntaa toimintaan voidaan etsi\u00e4 esimerkiksi <a href=\"https:\/\/www.muistiliitto.fi\/fi\/muistiliitto\/ajankohtaista\/muistiliiton-blogi\/blogikirjoitukset\/montessori-muistisairaiden-hoidossa\">Montessori-filosofian<\/a> kaltaisista l\u00e4hestymistavoista. T\u00e4ss\u00e4 pedagogisessa l\u00e4hestymistavassa keski\u00f6ss\u00e4 on ihmisen toimintakyvyn sek\u00e4 historian ja mieltymysten tuntemus. N\u00e4iden kautta asukas voidaan osallistaa h\u00e4nelle merkitykselliseen tekemiseen, toimintaan osana itselleen t\u00e4rke\u00e4\u00e4 yhteis\u00f6\u00e4 sek\u00e4 yhteisen hyv\u00e4n tuottamiseen. Palataan siis siihen, kuinka my\u00f6s palveluasumisen kontekstissa <a href=\"https:\/\/thl.fi\/fi\/web\/hyvinvoinnin-ja-terveyden-edistamisen-johtaminen\/osallisuuden-edistaminen\/heikoimmassa-asemassa-olevien-osallisuus\/osallisuuden-osa-alueet-ja-osallisuuden-edistamisen-periaatteet\"><strong>kokemus osallisuudesta <\/strong>lis\u00e4\u00e4 hyvinvointia, turvallisuutta sek\u00e4 uskoa tulevaisuuteen ja omiin mahdollisuuksiin.<\/a><\/p>\n\n\n\n<h2 class=\"wp-block-heading\">Geriatrisessa ty\u00f6ss\u00e4 on mahdollisuudet ja velvollisuus tukea koherenttia ja merkityksellist\u00e4 kokemusta eletyst\u00e4 el\u00e4m\u00e4st\u00e4<\/h2>\n\n\n\n<p><strong>Merkityksellisen el\u00e4m\u00e4n tukeminen aivan el\u00e4m\u00e4nkaaren loppuvaiheilla muodostaa tavoitteellisen, palkitsevan sek\u00e4 laaja-alaista ja moniammatillista ymm\u00e4rryst\u00e4 edellytt\u00e4v\u00e4n kokonaisuuden.<\/strong> Ihmisel\u00e4m\u00e4 voidaan saattaa tuntemattoman rajalle yksil\u00f6n eletty\u00e4 el\u00e4m\u00e4\u00e4 kunnioittaen ja h\u00e4nen mielenterveytt\u00e4ns\u00e4 ja mielenrauhaa loppuun saakka tukien.<\/p>\n\n\n\n<p>Palveluasumisen piiriss\u00e4 olevan ik\u00e4\u00e4ntyneen hoiva edellytt\u00e4\u00e4 moniammatillista yhteisty\u00f6t\u00e4, jossa terapia, kuntoutus ja hoiva lomittuvat toisiinsa pyrkien yhteiseen tavoitteeseen. Yksinkertaisillakin muutoksilla palveluasumisen arkeen, erilaisilla pedagogisilla l\u00e4hestymistavoilla, terapeuttisilla menetelmill\u00e4 ja moniammatillisella yhteisty\u00f6ll\u00e4 voidaan luoda palveluasumisen arkeen toimintamalleja, jotka tukevat ik\u00e4\u00e4ntyneen osallisuutta, toimijuutta ja merkityksellisyyden kokemuksia.<\/p>\n\n\n\n<p>Kaikessa geriatrisessa ty\u00f6ss\u00e4 on mahdollisuudet ja velvollisuus tukea koherenttia ja merkityksellist\u00e4 kokemusta eletyst\u00e4 el\u00e4m\u00e4st\u00e4. <strong>On erityinen teht\u00e4v\u00e4 kuulua ik\u00e4\u00e4ntyneen viimeisiin l\u00e4heisiin ja p\u00e4ivitt\u00e4iseen arkeen kuuluviin ihmiskontakteihin.<\/strong> Teht\u00e4v\u00e4 edellytt\u00e4\u00e4 laaja-alaista erityisosaamista ja kiinnostusta ik\u00e4\u00e4ntymiseen ja el\u00e4m\u00e4n loppuvaiheeseen liittyviin teemoihin. Teht\u00e4v\u00e4\u00e4n soveltuvuutta tulisi rekrytoinnissa punnita huolellisesti.<\/p>\n\n\n\n<p><strong>Geriatrisen ty\u00f6n tarkoituksen ja sis\u00e4ll\u00f6n laajuutta ymm\u00e4rt\u00e4m\u00e4ll\u00e4 voidaan ulottaa positiivisia vaikutuksia aina geriatrisessa ty\u00f6ss\u00e4 koettavaan merkityksellisyyteen sek\u00e4 lis\u00e4t\u00e4 ymm\u00e4rryst\u00e4 geriatrisen ty\u00f6n tavoitteellisuudesta ja vaativuudesta.<\/strong> Geriatrisessa ty\u00f6ss\u00e4 tapahtuva yhteisty\u00f6 ja tavoitteellisuus, toiminnan onnistumisen seuraaminen ja mittaaminen sek\u00e4 ty\u00f6t\u00e4 kehitt\u00e4v\u00e4 luonne, mahdollisuudet ty\u00f6ss\u00e4 oppimiseen ja oman osaamisen kehitt\u00e4miseen voivat vaikuttaa positiivisesti geriatriseen ty\u00f6ntekijyyteen vahvistaen my\u00f6s alan veto- ja pitovoimaa.<\/p>\n\n\n\n<p><\/p>\n\n\n\n<p><\/p>\n\n\n\n<figure class=\"wp-block-gallery has-nested-images columns-default is-cropped wp-block-gallery-1 is-layout-flex wp-block-gallery-is-layout-flex\">\n<figure class=\"wp-block-image size-large\"><img loading=\"lazy\" decoding=\"async\" width=\"2560\" height=\"2558\" data-id=\"204\" src=\"https:\/\/blogs.uef.fi\/elamerkityksellisesti\/wp-content\/uploads\/sites\/183\/2022\/08\/Johanna-2-edited-scaled.jpg\" alt=\"\" class=\"wp-image-204\" srcset=\"https:\/\/blogs.uef.fi\/elamerkityksellisesti\/wp-content\/uploads\/sites\/183\/2022\/08\/Johanna-2-edited-scaled.jpg 2560w, https:\/\/blogs.uef.fi\/elamerkityksellisesti\/wp-content\/uploads\/sites\/183\/2022\/08\/Johanna-2-edited-300x300.jpg 300w, https:\/\/blogs.uef.fi\/elamerkityksellisesti\/wp-content\/uploads\/sites\/183\/2022\/08\/Johanna-2-edited-1024x1024.jpg 1024w, https:\/\/blogs.uef.fi\/elamerkityksellisesti\/wp-content\/uploads\/sites\/183\/2022\/08\/Johanna-2-edited-150x150.jpg 150w, https:\/\/blogs.uef.fi\/elamerkityksellisesti\/wp-content\/uploads\/sites\/183\/2022\/08\/Johanna-2-edited-768x767.jpg 768w, https:\/\/blogs.uef.fi\/elamerkityksellisesti\/wp-content\/uploads\/sites\/183\/2022\/08\/Johanna-2-edited-1536x1536.jpg 1536w, https:\/\/blogs.uef.fi\/elamerkityksellisesti\/wp-content\/uploads\/sites\/183\/2022\/08\/Johanna-2-edited-2048x2046.jpg 2048w, https:\/\/blogs.uef.fi\/elamerkityksellisesti\/wp-content\/uploads\/sites\/183\/2022\/08\/Johanna-2-edited-100x100.jpg 100w\" sizes=\"auto, (max-width: 2560px) 100vw, 2560px\" \/><\/figure>\n<\/figure>\n\n\n\n<p><em>Kirjoittaja Johanna Listola on fysioterapeutti ja yhteiskuntatieteiden maisteri. Fysioterapeuttina Johanna tausta ulottuu ty\u00f6ik\u00e4isist\u00e4 urheilijoihin ja h\u00e4n ty\u00f6skentelee t\u00e4ll\u00e4 hetkell\u00e4 Fysios Mehil\u00e4isess\u00e4 erityisesti geriatrisen fysioterapian parissa. Sosiaali- ja terveyshallintotieteen maisteriopinnoissaan Johanna tarkasteli sote-palveluj\u00e4rjestelm\u00e4n ja sote-organisaatioiden kehitt\u00e4mist\u00e4 ja johtamista. El\u00e4 merkityksellisesti hankkeen tutkimusavustajana Johanna ker\u00e4si p\u00e4\u00e4kaupunkiseudulta merkitt\u00e4v\u00e4n osan hankkeen haastatteluaineistoista.<\/em><\/p>\n","protected":false},"excerpt":{"rendered":"<p>Kirjoittaja: Johanna Listola Kirjoitussarjan ensimm\u00e4inen osa hahmotteli yleiskuvaa merkityksellisyystiedon hy\u00f6dynt\u00e4misen mahdollisuuksista ik\u00e4\u00e4ntyvien hyvinvoinnin tukemisessa ja hyvinvointipalvelujen kehitt\u00e4misess\u00e4. Sarjan toinen osio kiinnittyi syvemm\u00e4lle kotona asuvan n\u00e4k\u00f6kulmaan ja etenkin merkityksellisyystiedon hy\u00f6dynt\u00e4mismahdollisuuksiin pitk\u00e4n kotona asumisen, hyv\u00e4n terveyden ja toimintakyvyn tukena. Sarjan kolmas osio pureutuu merkityksellisyystiedon hy\u00f6dynt\u00e4mismahdollisuuksiin ja merkityksellisen el\u00e4m\u00e4n edist\u00e4misen keinoihin tehostetun palveluasumisen piiriss\u00e4. Kun toimintakyky heikkenee ja [&hellip;]<\/p>\n","protected":false},"author":565,"featured_media":0,"comment_status":"open","ping_status":"open","sticky":false,"template":"","format":"standard","meta":{"_acf_changed":false,"footnotes":""},"categories":[1],"tags":[],"class_list":["post-189","post","type-post","status-publish","format-standard","hentry","category-uncategorized"],"acf":[],"yoast_head":"<!-- This site is optimized with the Yoast SEO plugin v27.3 - https:\/\/yoast.com\/product\/yoast-seo-wordpress\/ -->\n<title>Merkityksellisyystiedon arvo, hy\u00f6dynt\u00e4mismahdollisuudet ja k\u00e4yt\u00e4nn\u00f6n sovellutuksia tehostetun palveluasumisen organisaatioissa\ufffc - El\u00e4 merkityksellisesti<\/title>\n<meta name=\"robots\" content=\"index, follow, max-snippet:-1, max-image-preview:large, max-video-preview:-1\" \/>\n<link rel=\"canonical\" href=\"https:\/\/blogs.uef.fi\/elamerkityksellisesti\/2022\/09\/01\/merkityksellisyystiedon-arvo-hyodyntamismahdollisuudet-ja-kaytannon-sovellutuksia-tehostetun-palveluasumisen-organisaatioissa\ufffc\/\" \/>\n<meta property=\"og:locale\" content=\"fi_FI\" \/>\n<meta property=\"og:type\" content=\"article\" \/>\n<meta property=\"og:title\" content=\"Merkityksellisyystiedon arvo, hy\u00f6dynt\u00e4mismahdollisuudet ja k\u00e4yt\u00e4nn\u00f6n sovellutuksia tehostetun palveluasumisen organisaatioissa\ufffc - El\u00e4 merkityksellisesti\" \/>\n<meta property=\"og:description\" content=\"Kirjoittaja: Johanna Listola Kirjoitussarjan ensimm\u00e4inen osa hahmotteli yleiskuvaa merkityksellisyystiedon hy\u00f6dynt\u00e4misen mahdollisuuksista ik\u00e4\u00e4ntyvien hyvinvoinnin tukemisessa ja hyvinvointipalvelujen kehitt\u00e4misess\u00e4. Sarjan toinen osio kiinnittyi syvemm\u00e4lle kotona asuvan n\u00e4k\u00f6kulmaan ja etenkin merkityksellisyystiedon hy\u00f6dynt\u00e4mismahdollisuuksiin pitk\u00e4n kotona asumisen, hyv\u00e4n terveyden ja toimintakyvyn tukena. Sarjan kolmas osio pureutuu merkityksellisyystiedon hy\u00f6dynt\u00e4mismahdollisuuksiin ja merkityksellisen el\u00e4m\u00e4n edist\u00e4misen keinoihin tehostetun palveluasumisen piiriss\u00e4. Kun toimintakyky heikkenee ja [&hellip;]\" \/>\n<meta property=\"og:url\" content=\"https:\/\/blogs.uef.fi\/elamerkityksellisesti\/2022\/09\/01\/merkityksellisyystiedon-arvo-hyodyntamismahdollisuudet-ja-kaytannon-sovellutuksia-tehostetun-palveluasumisen-organisaatioissa\ufffc\/\" \/>\n<meta property=\"og:site_name\" content=\"El\u00e4 merkityksellisesti\" \/>\n<meta property=\"article:published_time\" content=\"2022-09-01T07:34:00+00:00\" \/>\n<meta property=\"og:image\" content=\"https:\/\/blogs.uef.fi\/elamerkityksellisesti\/wp-content\/uploads\/sites\/183\/2022\/08\/image-2.png\" \/>\n<meta name=\"author\" content=\"suvims\" \/>\n<meta name=\"twitter:card\" content=\"summary_large_image\" \/>\n<meta name=\"twitter:label1\" content=\"Kirjoittanut\" \/>\n\t<meta name=\"twitter:data1\" content=\"suvims\" \/>\n\t<meta name=\"twitter:label2\" content=\"Arvioitu lukuaika\" \/>\n\t<meta name=\"twitter:data2\" content=\"9 minuuttia\" \/>\n<script type=\"application\/ld+json\" class=\"yoast-schema-graph\">{\"@context\":\"https:\\\/\\\/schema.org\",\"@graph\":[{\"@type\":\"Article\",\"@id\":\"https:\\\/\\\/blogs.uef.fi\\\/elamerkityksellisesti\\\/2022\\\/09\\\/01\\\/merkityksellisyystiedon-arvo-hyodyntamismahdollisuudet-ja-kaytannon-sovellutuksia-tehostetun-palveluasumisen-organisaatioissa%ef%bf%bc\\\/#article\",\"isPartOf\":{\"@id\":\"https:\\\/\\\/blogs.uef.fi\\\/elamerkityksellisesti\\\/2022\\\/09\\\/01\\\/merkityksellisyystiedon-arvo-hyodyntamismahdollisuudet-ja-kaytannon-sovellutuksia-tehostetun-palveluasumisen-organisaatioissa%ef%bf%bc\\\/\"},\"author\":{\"name\":\"suvims\",\"@id\":\"https:\\\/\\\/blogs.uef.fi\\\/elamerkityksellisesti\\\/#\\\/schema\\\/person\\\/da019b01e38aa73582dde8177f0e7bfe\"},\"headline\":\"Merkityksellisyystiedon arvo, hy\u00f6dynt\u00e4mismahdollisuudet ja k\u00e4yt\u00e4nn\u00f6n sovellutuksia tehostetun palveluasumisen organisaatioissa\ufffc\",\"datePublished\":\"2022-09-01T07:34:00+00:00\",\"mainEntityOfPage\":{\"@id\":\"https:\\\/\\\/blogs.uef.fi\\\/elamerkityksellisesti\\\/2022\\\/09\\\/01\\\/merkityksellisyystiedon-arvo-hyodyntamismahdollisuudet-ja-kaytannon-sovellutuksia-tehostetun-palveluasumisen-organisaatioissa%ef%bf%bc\\\/\"},\"wordCount\":1510,\"commentCount\":0,\"image\":{\"@id\":\"https:\\\/\\\/blogs.uef.fi\\\/elamerkityksellisesti\\\/2022\\\/09\\\/01\\\/merkityksellisyystiedon-arvo-hyodyntamismahdollisuudet-ja-kaytannon-sovellutuksia-tehostetun-palveluasumisen-organisaatioissa%ef%bf%bc\\\/#primaryimage\"},\"thumbnailUrl\":\"https:\\\/\\\/blogs.uef.fi\\\/elamerkityksellisesti\\\/wp-content\\\/uploads\\\/sites\\\/183\\\/2022\\\/08\\\/image-2.png\",\"articleSection\":[\"Uncategorized\"],\"inLanguage\":\"fi\",\"potentialAction\":[{\"@type\":\"CommentAction\",\"name\":\"Comment\",\"target\":[\"https:\\\/\\\/blogs.uef.fi\\\/elamerkityksellisesti\\\/2022\\\/09\\\/01\\\/merkityksellisyystiedon-arvo-hyodyntamismahdollisuudet-ja-kaytannon-sovellutuksia-tehostetun-palveluasumisen-organisaatioissa%ef%bf%bc\\\/#respond\"]}]},{\"@type\":\"WebPage\",\"@id\":\"https:\\\/\\\/blogs.uef.fi\\\/elamerkityksellisesti\\\/2022\\\/09\\\/01\\\/merkityksellisyystiedon-arvo-hyodyntamismahdollisuudet-ja-kaytannon-sovellutuksia-tehostetun-palveluasumisen-organisaatioissa%ef%bf%bc\\\/\",\"url\":\"https:\\\/\\\/blogs.uef.fi\\\/elamerkityksellisesti\\\/2022\\\/09\\\/01\\\/merkityksellisyystiedon-arvo-hyodyntamismahdollisuudet-ja-kaytannon-sovellutuksia-tehostetun-palveluasumisen-organisaatioissa%ef%bf%bc\\\/\",\"name\":\"Merkityksellisyystiedon arvo, hy\u00f6dynt\u00e4mismahdollisuudet ja k\u00e4yt\u00e4nn\u00f6n sovellutuksia tehostetun palveluasumisen organisaatioissa\ufffc - El\u00e4 merkityksellisesti\",\"isPartOf\":{\"@id\":\"https:\\\/\\\/blogs.uef.fi\\\/elamerkityksellisesti\\\/#website\"},\"primaryImageOfPage\":{\"@id\":\"https:\\\/\\\/blogs.uef.fi\\\/elamerkityksellisesti\\\/2022\\\/09\\\/01\\\/merkityksellisyystiedon-arvo-hyodyntamismahdollisuudet-ja-kaytannon-sovellutuksia-tehostetun-palveluasumisen-organisaatioissa%ef%bf%bc\\\/#primaryimage\"},\"image\":{\"@id\":\"https:\\\/\\\/blogs.uef.fi\\\/elamerkityksellisesti\\\/2022\\\/09\\\/01\\\/merkityksellisyystiedon-arvo-hyodyntamismahdollisuudet-ja-kaytannon-sovellutuksia-tehostetun-palveluasumisen-organisaatioissa%ef%bf%bc\\\/#primaryimage\"},\"thumbnailUrl\":\"https:\\\/\\\/blogs.uef.fi\\\/elamerkityksellisesti\\\/wp-content\\\/uploads\\\/sites\\\/183\\\/2022\\\/08\\\/image-2.png\",\"datePublished\":\"2022-09-01T07:34:00+00:00\",\"author\":{\"@id\":\"https:\\\/\\\/blogs.uef.fi\\\/elamerkityksellisesti\\\/#\\\/schema\\\/person\\\/da019b01e38aa73582dde8177f0e7bfe\"},\"breadcrumb\":{\"@id\":\"https:\\\/\\\/blogs.uef.fi\\\/elamerkityksellisesti\\\/2022\\\/09\\\/01\\\/merkityksellisyystiedon-arvo-hyodyntamismahdollisuudet-ja-kaytannon-sovellutuksia-tehostetun-palveluasumisen-organisaatioissa%ef%bf%bc\\\/#breadcrumb\"},\"inLanguage\":\"fi\",\"potentialAction\":[{\"@type\":\"ReadAction\",\"target\":[\"https:\\\/\\\/blogs.uef.fi\\\/elamerkityksellisesti\\\/2022\\\/09\\\/01\\\/merkityksellisyystiedon-arvo-hyodyntamismahdollisuudet-ja-kaytannon-sovellutuksia-tehostetun-palveluasumisen-organisaatioissa%ef%bf%bc\\\/\"]}]},{\"@type\":\"ImageObject\",\"inLanguage\":\"fi\",\"@id\":\"https:\\\/\\\/blogs.uef.fi\\\/elamerkityksellisesti\\\/2022\\\/09\\\/01\\\/merkityksellisyystiedon-arvo-hyodyntamismahdollisuudet-ja-kaytannon-sovellutuksia-tehostetun-palveluasumisen-organisaatioissa%ef%bf%bc\\\/#primaryimage\",\"url\":\"https:\\\/\\\/blogs.uef.fi\\\/elamerkityksellisesti\\\/wp-content\\\/uploads\\\/sites\\\/183\\\/2022\\\/08\\\/image-2.png\",\"contentUrl\":\"https:\\\/\\\/blogs.uef.fi\\\/elamerkityksellisesti\\\/wp-content\\\/uploads\\\/sites\\\/183\\\/2022\\\/08\\\/image-2.png\",\"width\":409,\"height\":272},{\"@type\":\"BreadcrumbList\",\"@id\":\"https:\\\/\\\/blogs.uef.fi\\\/elamerkityksellisesti\\\/2022\\\/09\\\/01\\\/merkityksellisyystiedon-arvo-hyodyntamismahdollisuudet-ja-kaytannon-sovellutuksia-tehostetun-palveluasumisen-organisaatioissa%ef%bf%bc\\\/#breadcrumb\",\"itemListElement\":[{\"@type\":\"ListItem\",\"position\":1,\"name\":\"Home\",\"item\":\"https:\\\/\\\/blogs.uef.fi\\\/elamerkityksellisesti\\\/\"},{\"@type\":\"ListItem\",\"position\":2,\"name\":\"Merkityksellisyystiedon arvo, hy\u00f6dynt\u00e4mismahdollisuudet ja k\u00e4yt\u00e4nn\u00f6n sovellutuksia tehostetun palveluasumisen organisaatioissa\ufffc\"}]},{\"@type\":\"WebSite\",\"@id\":\"https:\\\/\\\/blogs.uef.fi\\\/elamerkityksellisesti\\\/#website\",\"url\":\"https:\\\/\\\/blogs.uef.fi\\\/elamerkityksellisesti\\\/\",\"name\":\"El\u00e4 merkityksellisesti\",\"description\":\"\",\"potentialAction\":[{\"@type\":\"SearchAction\",\"target\":{\"@type\":\"EntryPoint\",\"urlTemplate\":\"https:\\\/\\\/blogs.uef.fi\\\/elamerkityksellisesti\\\/?s={search_term_string}\"},\"query-input\":{\"@type\":\"PropertyValueSpecification\",\"valueRequired\":true,\"valueName\":\"search_term_string\"}}],\"inLanguage\":\"fi\"},{\"@type\":\"Person\",\"@id\":\"https:\\\/\\\/blogs.uef.fi\\\/elamerkityksellisesti\\\/#\\\/schema\\\/person\\\/da019b01e38aa73582dde8177f0e7bfe\",\"name\":\"suvims\",\"image\":{\"@type\":\"ImageObject\",\"inLanguage\":\"fi\",\"@id\":\"https:\\\/\\\/secure.gravatar.com\\\/avatar\\\/2af4b429be7b7076383619d059ae1b4f7c41eb471c5f92c041754581a5ea5c22?s=96&d=mm&r=g\",\"url\":\"https:\\\/\\\/secure.gravatar.com\\\/avatar\\\/2af4b429be7b7076383619d059ae1b4f7c41eb471c5f92c041754581a5ea5c22?s=96&d=mm&r=g\",\"contentUrl\":\"https:\\\/\\\/secure.gravatar.com\\\/avatar\\\/2af4b429be7b7076383619d059ae1b4f7c41eb471c5f92c041754581a5ea5c22?s=96&d=mm&r=g\",\"caption\":\"suvims\"},\"url\":\"https:\\\/\\\/blogs.uef.fi\\\/elamerkityksellisesti\\\/author\\\/suvims\\\/\"}]}<\/script>\n<!-- \/ Yoast SEO plugin. -->","yoast_head_json":{"title":"Merkityksellisyystiedon arvo, hy\u00f6dynt\u00e4mismahdollisuudet ja k\u00e4yt\u00e4nn\u00f6n sovellutuksia tehostetun palveluasumisen organisaatioissa\ufffc - El\u00e4 merkityksellisesti","robots":{"index":"index","follow":"follow","max-snippet":"max-snippet:-1","max-image-preview":"max-image-preview:large","max-video-preview":"max-video-preview:-1"},"canonical":"https:\/\/blogs.uef.fi\/elamerkityksellisesti\/2022\/09\/01\/merkityksellisyystiedon-arvo-hyodyntamismahdollisuudet-ja-kaytannon-sovellutuksia-tehostetun-palveluasumisen-organisaatioissa\ufffc\/","og_locale":"fi_FI","og_type":"article","og_title":"Merkityksellisyystiedon arvo, hy\u00f6dynt\u00e4mismahdollisuudet ja k\u00e4yt\u00e4nn\u00f6n sovellutuksia tehostetun palveluasumisen organisaatioissa\ufffc - El\u00e4 merkityksellisesti","og_description":"Kirjoittaja: Johanna Listola Kirjoitussarjan ensimm\u00e4inen osa hahmotteli yleiskuvaa merkityksellisyystiedon hy\u00f6dynt\u00e4misen mahdollisuuksista ik\u00e4\u00e4ntyvien hyvinvoinnin tukemisessa ja hyvinvointipalvelujen kehitt\u00e4misess\u00e4. Sarjan toinen osio kiinnittyi syvemm\u00e4lle kotona asuvan n\u00e4k\u00f6kulmaan ja etenkin merkityksellisyystiedon hy\u00f6dynt\u00e4mismahdollisuuksiin pitk\u00e4n kotona asumisen, hyv\u00e4n terveyden ja toimintakyvyn tukena. Sarjan kolmas osio pureutuu merkityksellisyystiedon hy\u00f6dynt\u00e4mismahdollisuuksiin ja merkityksellisen el\u00e4m\u00e4n edist\u00e4misen keinoihin tehostetun palveluasumisen piiriss\u00e4. Kun toimintakyky heikkenee ja [&hellip;]","og_url":"https:\/\/blogs.uef.fi\/elamerkityksellisesti\/2022\/09\/01\/merkityksellisyystiedon-arvo-hyodyntamismahdollisuudet-ja-kaytannon-sovellutuksia-tehostetun-palveluasumisen-organisaatioissa\ufffc\/","og_site_name":"El\u00e4 merkityksellisesti","article_published_time":"2022-09-01T07:34:00+00:00","og_image":[{"url":"https:\/\/blogs.uef.fi\/elamerkityksellisesti\/wp-content\/uploads\/sites\/183\/2022\/08\/image-2.png","type":"","width":"","height":""}],"author":"suvims","twitter_card":"summary_large_image","twitter_misc":{"Kirjoittanut":"suvims","Arvioitu lukuaika":"9 minuuttia"},"schema":{"@context":"https:\/\/schema.org","@graph":[{"@type":"Article","@id":"https:\/\/blogs.uef.fi\/elamerkityksellisesti\/2022\/09\/01\/merkityksellisyystiedon-arvo-hyodyntamismahdollisuudet-ja-kaytannon-sovellutuksia-tehostetun-palveluasumisen-organisaatioissa%ef%bf%bc\/#article","isPartOf":{"@id":"https:\/\/blogs.uef.fi\/elamerkityksellisesti\/2022\/09\/01\/merkityksellisyystiedon-arvo-hyodyntamismahdollisuudet-ja-kaytannon-sovellutuksia-tehostetun-palveluasumisen-organisaatioissa%ef%bf%bc\/"},"author":{"name":"suvims","@id":"https:\/\/blogs.uef.fi\/elamerkityksellisesti\/#\/schema\/person\/da019b01e38aa73582dde8177f0e7bfe"},"headline":"Merkityksellisyystiedon arvo, hy\u00f6dynt\u00e4mismahdollisuudet ja k\u00e4yt\u00e4nn\u00f6n sovellutuksia tehostetun palveluasumisen organisaatioissa\ufffc","datePublished":"2022-09-01T07:34:00+00:00","mainEntityOfPage":{"@id":"https:\/\/blogs.uef.fi\/elamerkityksellisesti\/2022\/09\/01\/merkityksellisyystiedon-arvo-hyodyntamismahdollisuudet-ja-kaytannon-sovellutuksia-tehostetun-palveluasumisen-organisaatioissa%ef%bf%bc\/"},"wordCount":1510,"commentCount":0,"image":{"@id":"https:\/\/blogs.uef.fi\/elamerkityksellisesti\/2022\/09\/01\/merkityksellisyystiedon-arvo-hyodyntamismahdollisuudet-ja-kaytannon-sovellutuksia-tehostetun-palveluasumisen-organisaatioissa%ef%bf%bc\/#primaryimage"},"thumbnailUrl":"https:\/\/blogs.uef.fi\/elamerkityksellisesti\/wp-content\/uploads\/sites\/183\/2022\/08\/image-2.png","articleSection":["Uncategorized"],"inLanguage":"fi","potentialAction":[{"@type":"CommentAction","name":"Comment","target":["https:\/\/blogs.uef.fi\/elamerkityksellisesti\/2022\/09\/01\/merkityksellisyystiedon-arvo-hyodyntamismahdollisuudet-ja-kaytannon-sovellutuksia-tehostetun-palveluasumisen-organisaatioissa%ef%bf%bc\/#respond"]}]},{"@type":"WebPage","@id":"https:\/\/blogs.uef.fi\/elamerkityksellisesti\/2022\/09\/01\/merkityksellisyystiedon-arvo-hyodyntamismahdollisuudet-ja-kaytannon-sovellutuksia-tehostetun-palveluasumisen-organisaatioissa%ef%bf%bc\/","url":"https:\/\/blogs.uef.fi\/elamerkityksellisesti\/2022\/09\/01\/merkityksellisyystiedon-arvo-hyodyntamismahdollisuudet-ja-kaytannon-sovellutuksia-tehostetun-palveluasumisen-organisaatioissa%ef%bf%bc\/","name":"Merkityksellisyystiedon arvo, hy\u00f6dynt\u00e4mismahdollisuudet ja k\u00e4yt\u00e4nn\u00f6n sovellutuksia tehostetun palveluasumisen organisaatioissa\ufffc - El\u00e4 merkityksellisesti","isPartOf":{"@id":"https:\/\/blogs.uef.fi\/elamerkityksellisesti\/#website"},"primaryImageOfPage":{"@id":"https:\/\/blogs.uef.fi\/elamerkityksellisesti\/2022\/09\/01\/merkityksellisyystiedon-arvo-hyodyntamismahdollisuudet-ja-kaytannon-sovellutuksia-tehostetun-palveluasumisen-organisaatioissa%ef%bf%bc\/#primaryimage"},"image":{"@id":"https:\/\/blogs.uef.fi\/elamerkityksellisesti\/2022\/09\/01\/merkityksellisyystiedon-arvo-hyodyntamismahdollisuudet-ja-kaytannon-sovellutuksia-tehostetun-palveluasumisen-organisaatioissa%ef%bf%bc\/#primaryimage"},"thumbnailUrl":"https:\/\/blogs.uef.fi\/elamerkityksellisesti\/wp-content\/uploads\/sites\/183\/2022\/08\/image-2.png","datePublished":"2022-09-01T07:34:00+00:00","author":{"@id":"https:\/\/blogs.uef.fi\/elamerkityksellisesti\/#\/schema\/person\/da019b01e38aa73582dde8177f0e7bfe"},"breadcrumb":{"@id":"https:\/\/blogs.uef.fi\/elamerkityksellisesti\/2022\/09\/01\/merkityksellisyystiedon-arvo-hyodyntamismahdollisuudet-ja-kaytannon-sovellutuksia-tehostetun-palveluasumisen-organisaatioissa%ef%bf%bc\/#breadcrumb"},"inLanguage":"fi","potentialAction":[{"@type":"ReadAction","target":["https:\/\/blogs.uef.fi\/elamerkityksellisesti\/2022\/09\/01\/merkityksellisyystiedon-arvo-hyodyntamismahdollisuudet-ja-kaytannon-sovellutuksia-tehostetun-palveluasumisen-organisaatioissa%ef%bf%bc\/"]}]},{"@type":"ImageObject","inLanguage":"fi","@id":"https:\/\/blogs.uef.fi\/elamerkityksellisesti\/2022\/09\/01\/merkityksellisyystiedon-arvo-hyodyntamismahdollisuudet-ja-kaytannon-sovellutuksia-tehostetun-palveluasumisen-organisaatioissa%ef%bf%bc\/#primaryimage","url":"https:\/\/blogs.uef.fi\/elamerkityksellisesti\/wp-content\/uploads\/sites\/183\/2022\/08\/image-2.png","contentUrl":"https:\/\/blogs.uef.fi\/elamerkityksellisesti\/wp-content\/uploads\/sites\/183\/2022\/08\/image-2.png","width":409,"height":272},{"@type":"BreadcrumbList","@id":"https:\/\/blogs.uef.fi\/elamerkityksellisesti\/2022\/09\/01\/merkityksellisyystiedon-arvo-hyodyntamismahdollisuudet-ja-kaytannon-sovellutuksia-tehostetun-palveluasumisen-organisaatioissa%ef%bf%bc\/#breadcrumb","itemListElement":[{"@type":"ListItem","position":1,"name":"Home","item":"https:\/\/blogs.uef.fi\/elamerkityksellisesti\/"},{"@type":"ListItem","position":2,"name":"Merkityksellisyystiedon arvo, hy\u00f6dynt\u00e4mismahdollisuudet ja k\u00e4yt\u00e4nn\u00f6n sovellutuksia tehostetun palveluasumisen organisaatioissa\ufffc"}]},{"@type":"WebSite","@id":"https:\/\/blogs.uef.fi\/elamerkityksellisesti\/#website","url":"https:\/\/blogs.uef.fi\/elamerkityksellisesti\/","name":"El\u00e4 merkityksellisesti","description":"","potentialAction":[{"@type":"SearchAction","target":{"@type":"EntryPoint","urlTemplate":"https:\/\/blogs.uef.fi\/elamerkityksellisesti\/?s={search_term_string}"},"query-input":{"@type":"PropertyValueSpecification","valueRequired":true,"valueName":"search_term_string"}}],"inLanguage":"fi"},{"@type":"Person","@id":"https:\/\/blogs.uef.fi\/elamerkityksellisesti\/#\/schema\/person\/da019b01e38aa73582dde8177f0e7bfe","name":"suvims","image":{"@type":"ImageObject","inLanguage":"fi","@id":"https:\/\/secure.gravatar.com\/avatar\/2af4b429be7b7076383619d059ae1b4f7c41eb471c5f92c041754581a5ea5c22?s=96&d=mm&r=g","url":"https:\/\/secure.gravatar.com\/avatar\/2af4b429be7b7076383619d059ae1b4f7c41eb471c5f92c041754581a5ea5c22?s=96&d=mm&r=g","contentUrl":"https:\/\/secure.gravatar.com\/avatar\/2af4b429be7b7076383619d059ae1b4f7c41eb471c5f92c041754581a5ea5c22?s=96&d=mm&r=g","caption":"suvims"},"url":"https:\/\/blogs.uef.fi\/elamerkityksellisesti\/author\/suvims\/"}]}},"_links":{"self":[{"href":"https:\/\/blogs.uef.fi\/elamerkityksellisesti\/wp-json\/wp\/v2\/posts\/189","targetHints":{"allow":["GET"]}}],"collection":[{"href":"https:\/\/blogs.uef.fi\/elamerkityksellisesti\/wp-json\/wp\/v2\/posts"}],"about":[{"href":"https:\/\/blogs.uef.fi\/elamerkityksellisesti\/wp-json\/wp\/v2\/types\/post"}],"author":[{"embeddable":true,"href":"https:\/\/blogs.uef.fi\/elamerkityksellisesti\/wp-json\/wp\/v2\/users\/565"}],"replies":[{"embeddable":true,"href":"https:\/\/blogs.uef.fi\/elamerkityksellisesti\/wp-json\/wp\/v2\/comments?post=189"}],"version-history":[{"count":2,"href":"https:\/\/blogs.uef.fi\/elamerkityksellisesti\/wp-json\/wp\/v2\/posts\/189\/revisions"}],"predecessor-version":[{"id":210,"href":"https:\/\/blogs.uef.fi\/elamerkityksellisesti\/wp-json\/wp\/v2\/posts\/189\/revisions\/210"}],"wp:attachment":[{"href":"https:\/\/blogs.uef.fi\/elamerkityksellisesti\/wp-json\/wp\/v2\/media?parent=189"}],"wp:term":[{"taxonomy":"category","embeddable":true,"href":"https:\/\/blogs.uef.fi\/elamerkityksellisesti\/wp-json\/wp\/v2\/categories?post=189"},{"taxonomy":"post_tag","embeddable":true,"href":"https:\/\/blogs.uef.fi\/elamerkityksellisesti\/wp-json\/wp\/v2\/tags?post=189"}],"curies":[{"name":"wp","href":"https:\/\/api.w.org\/{rel}","templated":true}]}}