{"id":139,"date":"2022-08-18T15:19:48","date_gmt":"2022-08-18T13:19:48","guid":{"rendered":"https:\/\/blogs.uef.fi\/elamerkityksellisesti\/?p=139"},"modified":"2022-08-18T15:23:26","modified_gmt":"2022-08-18T13:23:26","slug":"merkityksellisyystiedon-hyodyntamisen-mahdollisuudet-terveys-ja-hyvinvointipalvelujen-seka-hoiva-alan-organisaatioiden-kehittamisessa","status":"publish","type":"post","link":"https:\/\/blogs.uef.fi\/elamerkityksellisesti\/2022\/08\/18\/merkityksellisyystiedon-hyodyntamisen-mahdollisuudet-terveys-ja-hyvinvointipalvelujen-seka-hoiva-alan-organisaatioiden-kehittamisessa\/","title":{"rendered":"Merkityksellisyystiedon hy\u00f6dynt\u00e4misen mahdollisuudet terveys- ja hyvinvointipalvelujen sek\u00e4 hoiva-alan organisaatioiden kehitt\u00e4misess\u00e4"},"content":{"rendered":"\n<p><em>Kirjoittaja: Johanna Listola<\/em><\/p>\n\n\n\n<p><a href=\"https:\/\/blogs.uef.fi\/elamerkityksellisesti\/2022\/06\/06\/hello-world\/\"><strong>El\u00e4m\u00e4n merkitysl\u00e4hteet ovat osa ihmisen persoonallisuutta<\/strong><\/a>. Mahdollisuus toteuttaa itse\u00e4\u00e4n, omia tavoitteita ja toiveita ovat keskeisi\u00e4 merkityksellisyyden elementtej\u00e4.<\/p>\n\n\n\n<p><strong>Ik\u00e4\u00e4ntymiseen liittyv\u00e4 toimintakyvyn heikkeneminen<\/strong> haastaa toiminnan, tekemisen ja osallisuuden mahdollisuuksia. Toimintakyky\u00e4 ja osallisuutta voidaan kuitenkin tukea kaikissa el\u00e4m\u00e4nvaiheessa, ja kavenneetkin toimijuuden mahdollisuudet voivat muodostua ik\u00e4\u00e4ntyv\u00e4lle mielekk\u00e4iksi ja merkitykselliseksi.<\/p>\n\n\n\n<p>N\u00e4iss\u00e4 kirjoituksissa pohdin ik\u00e4\u00e4ntyv\u00e4n fyysiseen ja kognitiiviseen toimintakykyyn kietoutuneita toimijuuden ja osallisuuden mahdollisuuksia ik\u00e4\u00e4ntyv\u00e4lle itselleen merkityksellisten asioiden parissa. Yksil\u00f6n toimintakyky vaikuttaa osallistumisen, toimijuuden ja merkityksellisen el\u00e4m\u00e4n mahdollisuuksiin.<\/p>\n\n\n\n<p>Toimintakyky\u00e4 ja t\u00e4t\u00e4 kautta osallisuutta ja merkityksellisyyden kokemuksia voidaan tukea sek\u00e4 omaehtoisen asumisen, ett\u00e4 tehostetun palveluasumisen piiriss\u00e4. <strong>Yksil\u00f6n itselleen merkitykselliseksi kokemia asioita voidaan hy\u00f6dynt\u00e4\u00e4 niin kotona asuvan aktiivisuuteen ja osallisuuteen motivoinnissa, kuin my\u00f6s palveluasumiseen kuuluvassa toimijuudessa, hoivassa ja kuntoutuksessa.<\/strong><\/p>\n\n\n\n<p>Kolmiosaisen blogikirjoitus sarjan  ensimm\u00e4inen osio kokoaa yleiskuvaa merkityksellisyystiedon hy\u00f6dynt\u00e4misen mahdollisuuksista ik\u00e4\u00e4ntyvien hyvinvoinnin tukemisessa ja hyvinvointipalvelujen kehitt\u00e4misess\u00e4. Toinen osio kiinnittyy syvemm\u00e4lle kotona asuvan n\u00e4k\u00f6kulmaan ja kolmas osio l\u00e4hestyy kehitt\u00e4misen mahdollisuuksia tehostetun palveluasumisen piiriss\u00e4. Osiot julkaistaan noin viikon v\u00e4lein toisistaan.<\/p>\n\n\n\n<h2 class=\"wp-block-heading\">Osallisuus ja toimintakyky<\/h2>\n\n\n\n<p><a href=\"https:\/\/thl.fi\/fi\/web\/hyvinvoinnin-ja-terveyden-edistamisen-johtaminen\/osallisuuden-edistaminen\/heikoimmassa-asemassa-olevien-osallisuus\/osallisuuden-osa-alueet-ja-osallisuuden-edistamisen-periaatteet\"><strong>Kokemus osallisuudesta <\/strong>lis\u00e4\u00e4 hyvinvointia, turvallisuutta, uskoa tulevaisuuteen ja omiin mahdollisuuksiin<\/a>. Osallinen ihminen kokee olevansa merkityksellinen osa kokonaisuutta jatuntee kuuluvansa itselle merkitykselliseen ryhm\u00e4\u00e4n tai yhteis\u00f6\u00f6n.Yksil\u00f6 tulee kuulluksi itsen\u00e4\u00e4n ja voi vaikuttaa el\u00e4m\u00e4ns\u00e4 kulkuun ja yhteisiin asioihin. Yhteiskunnassa voidaan edist\u00e4\u00e4 sellaisia olosuhteita ja toimintoja, jotka tukevat yksil\u00f6n toimintakyvyn s\u00e4ilymist\u00e4, kokemusta el\u00e4m\u00e4n merkityksellisyydest\u00e4 sek\u00e4 ik\u00e4\u00e4ntyv\u00e4n mahdollisuuksia vaikuttaa omaan el\u00e4m\u00e4\u00e4ns\u00e4 ja elinymp\u00e4rist\u00f6\u00f6ns\u00e4 ja tuoda osaamistaan n\u00e4kyv\u00e4ksi.<\/p>\n\n\n\n<p><strong>Osallisuuden suhde toimintakykyyn on kaksisuuntainen<\/strong>; osallisuus sek\u00e4 edellytt\u00e4\u00e4 toimintakyky\u00e4, ett\u00e4 tukee toimintakyvyn s\u00e4ilymist\u00e4 ja parantumista. Fyysisen ja kognitiivisen toimintakyvyn muutokset vaikuttavat mahdollisuuksiin toimia osana yhteis\u00f6\u00e4 ja el\u00e4\u00e4 itselleen merkityksellist\u00e4 el\u00e4m\u00e4\u00e4.<\/p>\n\n\n\n<figure class=\"wp-block-image size-full\"><img loading=\"lazy\" decoding=\"async\" width=\"681\" height=\"482\" src=\"https:\/\/blogs.uef.fi\/elamerkityksellisesti\/wp-content\/uploads\/sites\/183\/2022\/08\/image-1.png\" alt=\"\" class=\"wp-image-151\" srcset=\"https:\/\/blogs.uef.fi\/elamerkityksellisesti\/wp-content\/uploads\/sites\/183\/2022\/08\/image-1.png 681w, https:\/\/blogs.uef.fi\/elamerkityksellisesti\/wp-content\/uploads\/sites\/183\/2022\/08\/image-1-300x212.png 300w\" sizes=\"auto, (max-width: 681px) 100vw, 681px\" \/><figcaption><em>Merkityksellisyystiedon hy\u00f6dynt\u00e4misen mahdollisuuksia oman kodin ja tehostetun palveluasumisen piiriss\u00e4.<\/em><\/figcaption><\/figure>\n\n\n\n<h2 class=\"wp-block-heading\"><\/h2>\n\n\n\n<p>Kuvio kokoaa merkityksellisyystiedon hy\u00f6dynt\u00e4misen mahdollisuuksia kehitett\u00e4ess\u00e4 terveys- ja hyvinvointipalveluja ja -j\u00e4rjestelm\u00e4\u00e4 sek\u00e4 tehostetun palveluasumisen organisaatioiden toimintaa. Ymm\u00e4rryksell\u00e4 yksil\u00f6n merkitysl\u00e4hteist\u00e4 voidaan tukea my\u00f6s ik\u00e4\u00e4ntyv\u00e4n yksil\u00f6llist\u00e4 kuntoutusta ja hoivaa.<\/p>\n\n\n\n<p>Merkityksellisyystietoa hy\u00f6dynt\u00e4m\u00e4ll\u00e4 voidaan edist\u00e4\u00e4 asumismuodosta riippumatta yksil\u00f6n hyvinvointia ja toimintakyky\u00e4 tukemalla osallisuutta, aktiivisuutta ja toimijuutta itselle t\u00e4rkeiden asioiden parissa. Merkityksellisyystietoa on mahdollista hy\u00f6dynt\u00e4\u00e4 eri palvelusektoreilla sek\u00e4 moniammatillisen yhteisty\u00f6n pohjana. Ymm\u00e4rrys ik\u00e4\u00e4ntyvien merkitysl\u00e4hteist\u00e4 tuo esiin useita geriatriseen ty\u00f6h\u00f6n liittyvi\u00e4 toiminnan mahdollisuuksia tukien geriatriseen ty\u00f6h\u00f6n liittyv\u00e4\u00e4 ty\u00f6hyvinvointia ja kokemusta ty\u00f6n merkityksellisyydest\u00e4.<\/p>\n\n\n\n<h2 class=\"wp-block-heading\">Toimintakyvyn ja merkityksellisen el\u00e4m\u00e4n tukeminen kotona ja palveluasumisen piiriss\u00e4<\/h2>\n\n\n\n<p><strong>Ik\u00e4\u00e4ntyv\u00e4n kotona selvi\u00e4misen tukeminen<\/strong> on kotiin viet\u00e4vien hoivapalvelujen lis\u00e4ksi ennen kaikkea jo varhaisessa el\u00e4kei\u00e4ss\u00e4 olevalle ja ty\u00f6ik\u00e4iselle mahdollistettavia ennaltaehk\u00e4isevi\u00e4 ja terveytt\u00e4 edist\u00e4vi\u00e4 palveluja. Aktiivisuuteen ja osallisuuteen kannustavilla rakenteilla ja oikea-aikaisilla kuntoutuspalveluilla voidaan tukea osallisuutta, toimijuutta ja min\u00e4pystyvyytt\u00e4 ik\u00e4\u00e4ntyv\u00e4lle itselle merkityksellisten asioiden kautta.<\/p>\n\n\n\n<p><strong>Tehostetun palveluasumisen piiriss\u00e4 osallisuutta voidaan edist\u00e4\u00e4 <\/strong>mahdollisuuksien mukaan kiinnitt\u00e4m\u00e4ll\u00e4 hoivan ja kuntoutuksen toiminnassa huomiota asiakkaan yksil\u00f6llisiin mieltymyksiin ja toiveisiin, kehitt\u00e4en arjen osaamista ja toimijuutta asukkaalle itselleen merkityksellisen toiminnan ohjaamana. Yksil\u00f6n merkitysl\u00e4hteisiin, osallisuuteen ja toimijuuteen perustuva toiminta ulottaa vaikutuksensa parhaimmillaan my\u00f6s geriatrisen hoiva- ja kuntoutusty\u00f6n mielekkyyteen ja ty\u00f6hyvinvointiin.&nbsp;<\/p>\n\n\n\n<p><strong>Tiedolla siit\u00e4, mink\u00e4 ik\u00e4\u00e4ntyv\u00e4 kokee itselleen merkitykselliseksi, voidaan ohjata niin palveluj\u00e4rjestelm\u00e4n ja palvelujen kehitt\u00e4mist\u00e4, kuin my\u00f6s ik\u00e4\u00e4ntyneen aktiivisuuteen motivointia.<\/strong> Sek\u00e4 kodin ett\u00e4 palveluasumisen kontekstissa palvelurakenteita ja toimintamalleja voidaan kehitt\u00e4\u00e4 tiedolla ik\u00e4\u00e4ntyv\u00e4lle itselle merkityksellisist\u00e4 asioista.<\/p>\n\n\n\n<p>K\u00e4sittelen teemaa seuraavissa osioissa yksityiskohtaisemmin ensin ennaltaehk\u00e4isevien, kotona asumista tukevien palvelujen n\u00e4k\u00f6kulmasta, ja t\u00e4m\u00e4n j\u00e4lkeen tehostetun palveluasumisen l\u00e4ht\u00f6kohdista.<\/p>\n\n\n\n<p><\/p>\n\n\n\n<figure class=\"wp-block-image size-large\"><img loading=\"lazy\" decoding=\"async\" width=\"2560\" height=\"2558\" src=\"https:\/\/blogs.uef.fi\/elamerkityksellisesti\/wp-content\/uploads\/sites\/183\/2022\/08\/Johanna-edited-scaled.jpg\" alt=\"\" class=\"wp-image-160\" srcset=\"https:\/\/blogs.uef.fi\/elamerkityksellisesti\/wp-content\/uploads\/sites\/183\/2022\/08\/Johanna-edited-scaled.jpg 2560w, https:\/\/blogs.uef.fi\/elamerkityksellisesti\/wp-content\/uploads\/sites\/183\/2022\/08\/Johanna-edited-300x300.jpg 300w, https:\/\/blogs.uef.fi\/elamerkityksellisesti\/wp-content\/uploads\/sites\/183\/2022\/08\/Johanna-edited-1024x1024.jpg 1024w, https:\/\/blogs.uef.fi\/elamerkityksellisesti\/wp-content\/uploads\/sites\/183\/2022\/08\/Johanna-edited-150x150.jpg 150w, https:\/\/blogs.uef.fi\/elamerkityksellisesti\/wp-content\/uploads\/sites\/183\/2022\/08\/Johanna-edited-768x767.jpg 768w, https:\/\/blogs.uef.fi\/elamerkityksellisesti\/wp-content\/uploads\/sites\/183\/2022\/08\/Johanna-edited-1536x1536.jpg 1536w, https:\/\/blogs.uef.fi\/elamerkityksellisesti\/wp-content\/uploads\/sites\/183\/2022\/08\/Johanna-edited-2048x2046.jpg 2048w, https:\/\/blogs.uef.fi\/elamerkityksellisesti\/wp-content\/uploads\/sites\/183\/2022\/08\/Johanna-edited-100x100.jpg 100w\" sizes=\"auto, (max-width: 2560px) 100vw, 2560px\" \/><figcaption><em>Johanna Listola on toiminut hankkeessa tutkimusavustajana.<\/em> <\/figcaption><\/figure>\n\n\n\n<p><em>Kirjoittaja Johanna Listola on fysioterapeutti ja pian valmistuva yhteiskuntatieteiden maisteri. Fysioterapeuttina Johanna tausta ulottuu ty\u00f6ik\u00e4isist\u00e4 urheilijoihin ja h\u00e4n ty\u00f6skentelee t\u00e4ll\u00e4 hetkell\u00e4 Fysios Mehil\u00e4isess\u00e4 erityisesti geriatrisen fysioterapian parissa. Sosiaali- ja terveyshallintotieteen maisteriopinnoissaan Johanna on tarkastellut sote-palveluj\u00e4rjestelm\u00e4n ja sote-organisaatioiden kehitt\u00e4mist\u00e4 ja johtamista. El\u00e4 merkityksellisesti hankkeen tutkimusavustajana Johanna ker\u00e4si p\u00e4\u00e4kaupunkiseudulta merkitt\u00e4v\u00e4n osan hankkeen haastatteluaineistoista.<\/em><\/p>\n\n\n\n<h2 class=\"wp-block-heading\"><\/h2>\n","protected":false},"excerpt":{"rendered":"<p>Kirjoittaja: Johanna Listola El\u00e4m\u00e4n merkitysl\u00e4hteet ovat osa ihmisen persoonallisuutta. Mahdollisuus toteuttaa itse\u00e4\u00e4n, omia tavoitteita ja toiveita ovat keskeisi\u00e4 merkityksellisyyden elementtej\u00e4. Ik\u00e4\u00e4ntymiseen liittyv\u00e4 toimintakyvyn heikkeneminen haastaa toiminnan, tekemisen ja osallisuuden mahdollisuuksia. Toimintakyky\u00e4 ja osallisuutta voidaan kuitenkin tukea kaikissa el\u00e4m\u00e4nvaiheessa, ja kavenneetkin toimijuuden mahdollisuudet voivat muodostua ik\u00e4\u00e4ntyv\u00e4lle mielekk\u00e4iksi ja merkitykselliseksi. N\u00e4iss\u00e4 kirjoituksissa pohdin ik\u00e4\u00e4ntyv\u00e4n fyysiseen ja kognitiiviseen [&hellip;]<\/p>\n","protected":false},"author":565,"featured_media":0,"comment_status":"open","ping_status":"open","sticky":false,"template":"","format":"standard","meta":{"_acf_changed":false,"footnotes":""},"categories":[1],"tags":[],"class_list":["post-139","post","type-post","status-publish","format-standard","hentry","category-uncategorized"],"acf":[],"yoast_head":"<!-- This site is optimized with the Yoast SEO plugin v27.3 - https:\/\/yoast.com\/product\/yoast-seo-wordpress\/ -->\n<title>Merkityksellisyystiedon hy\u00f6dynt\u00e4misen mahdollisuudet terveys- ja hyvinvointipalvelujen sek\u00e4 hoiva-alan organisaatioiden kehitt\u00e4misess\u00e4 - El\u00e4 merkityksellisesti<\/title>\n<meta name=\"robots\" content=\"index, follow, max-snippet:-1, max-image-preview:large, max-video-preview:-1\" \/>\n<link rel=\"canonical\" href=\"https:\/\/blogs.uef.fi\/elamerkityksellisesti\/2022\/08\/18\/merkityksellisyystiedon-hyodyntamisen-mahdollisuudet-terveys-ja-hyvinvointipalvelujen-seka-hoiva-alan-organisaatioiden-kehittamisessa\/\" \/>\n<meta property=\"og:locale\" content=\"fi_FI\" \/>\n<meta property=\"og:type\" content=\"article\" \/>\n<meta property=\"og:title\" content=\"Merkityksellisyystiedon hy\u00f6dynt\u00e4misen mahdollisuudet terveys- ja hyvinvointipalvelujen sek\u00e4 hoiva-alan organisaatioiden kehitt\u00e4misess\u00e4 - El\u00e4 merkityksellisesti\" \/>\n<meta property=\"og:description\" content=\"Kirjoittaja: Johanna Listola El\u00e4m\u00e4n merkitysl\u00e4hteet ovat osa ihmisen persoonallisuutta. Mahdollisuus toteuttaa itse\u00e4\u00e4n, omia tavoitteita ja toiveita ovat keskeisi\u00e4 merkityksellisyyden elementtej\u00e4. Ik\u00e4\u00e4ntymiseen liittyv\u00e4 toimintakyvyn heikkeneminen haastaa toiminnan, tekemisen ja osallisuuden mahdollisuuksia. Toimintakyky\u00e4 ja osallisuutta voidaan kuitenkin tukea kaikissa el\u00e4m\u00e4nvaiheessa, ja kavenneetkin toimijuuden mahdollisuudet voivat muodostua ik\u00e4\u00e4ntyv\u00e4lle mielekk\u00e4iksi ja merkitykselliseksi. N\u00e4iss\u00e4 kirjoituksissa pohdin ik\u00e4\u00e4ntyv\u00e4n fyysiseen ja kognitiiviseen [&hellip;]\" \/>\n<meta property=\"og:url\" content=\"https:\/\/blogs.uef.fi\/elamerkityksellisesti\/2022\/08\/18\/merkityksellisyystiedon-hyodyntamisen-mahdollisuudet-terveys-ja-hyvinvointipalvelujen-seka-hoiva-alan-organisaatioiden-kehittamisessa\/\" \/>\n<meta property=\"og:site_name\" content=\"El\u00e4 merkityksellisesti\" \/>\n<meta property=\"article:published_time\" content=\"2022-08-18T13:19:48+00:00\" \/>\n<meta property=\"article:modified_time\" content=\"2022-08-18T13:23:26+00:00\" \/>\n<meta property=\"og:image\" content=\"https:\/\/blogs.uef.fi\/elamerkityksellisesti\/wp-content\/uploads\/sites\/183\/2022\/08\/image-1.png\" \/>\n<meta name=\"author\" content=\"suvims\" \/>\n<meta name=\"twitter:card\" content=\"summary_large_image\" \/>\n<meta name=\"twitter:label1\" content=\"Kirjoittanut\" \/>\n\t<meta name=\"twitter:data1\" content=\"suvims\" \/>\n\t<meta name=\"twitter:label2\" content=\"Arvioitu lukuaika\" \/>\n\t<meta name=\"twitter:data2\" content=\"4 minuuttia\" \/>\n<script type=\"application\/ld+json\" class=\"yoast-schema-graph\">{\"@context\":\"https:\\\/\\\/schema.org\",\"@graph\":[{\"@type\":\"Article\",\"@id\":\"https:\\\/\\\/blogs.uef.fi\\\/elamerkityksellisesti\\\/2022\\\/08\\\/18\\\/merkityksellisyystiedon-hyodyntamisen-mahdollisuudet-terveys-ja-hyvinvointipalvelujen-seka-hoiva-alan-organisaatioiden-kehittamisessa\\\/#article\",\"isPartOf\":{\"@id\":\"https:\\\/\\\/blogs.uef.fi\\\/elamerkityksellisesti\\\/2022\\\/08\\\/18\\\/merkityksellisyystiedon-hyodyntamisen-mahdollisuudet-terveys-ja-hyvinvointipalvelujen-seka-hoiva-alan-organisaatioiden-kehittamisessa\\\/\"},\"author\":{\"name\":\"suvims\",\"@id\":\"https:\\\/\\\/blogs.uef.fi\\\/elamerkityksellisesti\\\/#\\\/schema\\\/person\\\/da019b01e38aa73582dde8177f0e7bfe\"},\"headline\":\"Merkityksellisyystiedon hy\u00f6dynt\u00e4misen mahdollisuudet terveys- ja hyvinvointipalvelujen sek\u00e4 hoiva-alan organisaatioiden kehitt\u00e4misess\u00e4\",\"datePublished\":\"2022-08-18T13:19:48+00:00\",\"dateModified\":\"2022-08-18T13:23:26+00:00\",\"mainEntityOfPage\":{\"@id\":\"https:\\\/\\\/blogs.uef.fi\\\/elamerkityksellisesti\\\/2022\\\/08\\\/18\\\/merkityksellisyystiedon-hyodyntamisen-mahdollisuudet-terveys-ja-hyvinvointipalvelujen-seka-hoiva-alan-organisaatioiden-kehittamisessa\\\/\"},\"wordCount\":690,\"commentCount\":0,\"image\":{\"@id\":\"https:\\\/\\\/blogs.uef.fi\\\/elamerkityksellisesti\\\/2022\\\/08\\\/18\\\/merkityksellisyystiedon-hyodyntamisen-mahdollisuudet-terveys-ja-hyvinvointipalvelujen-seka-hoiva-alan-organisaatioiden-kehittamisessa\\\/#primaryimage\"},\"thumbnailUrl\":\"https:\\\/\\\/blogs.uef.fi\\\/elamerkityksellisesti\\\/wp-content\\\/uploads\\\/sites\\\/183\\\/2022\\\/08\\\/image-1.png\",\"articleSection\":[\"Uncategorized\"],\"inLanguage\":\"fi\",\"potentialAction\":[{\"@type\":\"CommentAction\",\"name\":\"Comment\",\"target\":[\"https:\\\/\\\/blogs.uef.fi\\\/elamerkityksellisesti\\\/2022\\\/08\\\/18\\\/merkityksellisyystiedon-hyodyntamisen-mahdollisuudet-terveys-ja-hyvinvointipalvelujen-seka-hoiva-alan-organisaatioiden-kehittamisessa\\\/#respond\"]}]},{\"@type\":\"WebPage\",\"@id\":\"https:\\\/\\\/blogs.uef.fi\\\/elamerkityksellisesti\\\/2022\\\/08\\\/18\\\/merkityksellisyystiedon-hyodyntamisen-mahdollisuudet-terveys-ja-hyvinvointipalvelujen-seka-hoiva-alan-organisaatioiden-kehittamisessa\\\/\",\"url\":\"https:\\\/\\\/blogs.uef.fi\\\/elamerkityksellisesti\\\/2022\\\/08\\\/18\\\/merkityksellisyystiedon-hyodyntamisen-mahdollisuudet-terveys-ja-hyvinvointipalvelujen-seka-hoiva-alan-organisaatioiden-kehittamisessa\\\/\",\"name\":\"Merkityksellisyystiedon hy\u00f6dynt\u00e4misen mahdollisuudet terveys- ja hyvinvointipalvelujen sek\u00e4 hoiva-alan organisaatioiden kehitt\u00e4misess\u00e4 - El\u00e4 merkityksellisesti\",\"isPartOf\":{\"@id\":\"https:\\\/\\\/blogs.uef.fi\\\/elamerkityksellisesti\\\/#website\"},\"primaryImageOfPage\":{\"@id\":\"https:\\\/\\\/blogs.uef.fi\\\/elamerkityksellisesti\\\/2022\\\/08\\\/18\\\/merkityksellisyystiedon-hyodyntamisen-mahdollisuudet-terveys-ja-hyvinvointipalvelujen-seka-hoiva-alan-organisaatioiden-kehittamisessa\\\/#primaryimage\"},\"image\":{\"@id\":\"https:\\\/\\\/blogs.uef.fi\\\/elamerkityksellisesti\\\/2022\\\/08\\\/18\\\/merkityksellisyystiedon-hyodyntamisen-mahdollisuudet-terveys-ja-hyvinvointipalvelujen-seka-hoiva-alan-organisaatioiden-kehittamisessa\\\/#primaryimage\"},\"thumbnailUrl\":\"https:\\\/\\\/blogs.uef.fi\\\/elamerkityksellisesti\\\/wp-content\\\/uploads\\\/sites\\\/183\\\/2022\\\/08\\\/image-1.png\",\"datePublished\":\"2022-08-18T13:19:48+00:00\",\"dateModified\":\"2022-08-18T13:23:26+00:00\",\"author\":{\"@id\":\"https:\\\/\\\/blogs.uef.fi\\\/elamerkityksellisesti\\\/#\\\/schema\\\/person\\\/da019b01e38aa73582dde8177f0e7bfe\"},\"breadcrumb\":{\"@id\":\"https:\\\/\\\/blogs.uef.fi\\\/elamerkityksellisesti\\\/2022\\\/08\\\/18\\\/merkityksellisyystiedon-hyodyntamisen-mahdollisuudet-terveys-ja-hyvinvointipalvelujen-seka-hoiva-alan-organisaatioiden-kehittamisessa\\\/#breadcrumb\"},\"inLanguage\":\"fi\",\"potentialAction\":[{\"@type\":\"ReadAction\",\"target\":[\"https:\\\/\\\/blogs.uef.fi\\\/elamerkityksellisesti\\\/2022\\\/08\\\/18\\\/merkityksellisyystiedon-hyodyntamisen-mahdollisuudet-terveys-ja-hyvinvointipalvelujen-seka-hoiva-alan-organisaatioiden-kehittamisessa\\\/\"]}]},{\"@type\":\"ImageObject\",\"inLanguage\":\"fi\",\"@id\":\"https:\\\/\\\/blogs.uef.fi\\\/elamerkityksellisesti\\\/2022\\\/08\\\/18\\\/merkityksellisyystiedon-hyodyntamisen-mahdollisuudet-terveys-ja-hyvinvointipalvelujen-seka-hoiva-alan-organisaatioiden-kehittamisessa\\\/#primaryimage\",\"url\":\"https:\\\/\\\/blogs.uef.fi\\\/elamerkityksellisesti\\\/wp-content\\\/uploads\\\/sites\\\/183\\\/2022\\\/08\\\/image-1.png\",\"contentUrl\":\"https:\\\/\\\/blogs.uef.fi\\\/elamerkityksellisesti\\\/wp-content\\\/uploads\\\/sites\\\/183\\\/2022\\\/08\\\/image-1.png\",\"width\":681,\"height\":482},{\"@type\":\"BreadcrumbList\",\"@id\":\"https:\\\/\\\/blogs.uef.fi\\\/elamerkityksellisesti\\\/2022\\\/08\\\/18\\\/merkityksellisyystiedon-hyodyntamisen-mahdollisuudet-terveys-ja-hyvinvointipalvelujen-seka-hoiva-alan-organisaatioiden-kehittamisessa\\\/#breadcrumb\",\"itemListElement\":[{\"@type\":\"ListItem\",\"position\":1,\"name\":\"Home\",\"item\":\"https:\\\/\\\/blogs.uef.fi\\\/elamerkityksellisesti\\\/\"},{\"@type\":\"ListItem\",\"position\":2,\"name\":\"Merkityksellisyystiedon hy\u00f6dynt\u00e4misen mahdollisuudet terveys- ja hyvinvointipalvelujen sek\u00e4 hoiva-alan organisaatioiden kehitt\u00e4misess\u00e4\"}]},{\"@type\":\"WebSite\",\"@id\":\"https:\\\/\\\/blogs.uef.fi\\\/elamerkityksellisesti\\\/#website\",\"url\":\"https:\\\/\\\/blogs.uef.fi\\\/elamerkityksellisesti\\\/\",\"name\":\"El\u00e4 merkityksellisesti\",\"description\":\"\",\"potentialAction\":[{\"@type\":\"SearchAction\",\"target\":{\"@type\":\"EntryPoint\",\"urlTemplate\":\"https:\\\/\\\/blogs.uef.fi\\\/elamerkityksellisesti\\\/?s={search_term_string}\"},\"query-input\":{\"@type\":\"PropertyValueSpecification\",\"valueRequired\":true,\"valueName\":\"search_term_string\"}}],\"inLanguage\":\"fi\"},{\"@type\":\"Person\",\"@id\":\"https:\\\/\\\/blogs.uef.fi\\\/elamerkityksellisesti\\\/#\\\/schema\\\/person\\\/da019b01e38aa73582dde8177f0e7bfe\",\"name\":\"suvims\",\"image\":{\"@type\":\"ImageObject\",\"inLanguage\":\"fi\",\"@id\":\"https:\\\/\\\/secure.gravatar.com\\\/avatar\\\/2af4b429be7b7076383619d059ae1b4f7c41eb471c5f92c041754581a5ea5c22?s=96&d=mm&r=g\",\"url\":\"https:\\\/\\\/secure.gravatar.com\\\/avatar\\\/2af4b429be7b7076383619d059ae1b4f7c41eb471c5f92c041754581a5ea5c22?s=96&d=mm&r=g\",\"contentUrl\":\"https:\\\/\\\/secure.gravatar.com\\\/avatar\\\/2af4b429be7b7076383619d059ae1b4f7c41eb471c5f92c041754581a5ea5c22?s=96&d=mm&r=g\",\"caption\":\"suvims\"},\"url\":\"https:\\\/\\\/blogs.uef.fi\\\/elamerkityksellisesti\\\/author\\\/suvims\\\/\"}]}<\/script>\n<!-- \/ Yoast SEO plugin. -->","yoast_head_json":{"title":"Merkityksellisyystiedon hy\u00f6dynt\u00e4misen mahdollisuudet terveys- ja hyvinvointipalvelujen sek\u00e4 hoiva-alan organisaatioiden kehitt\u00e4misess\u00e4 - El\u00e4 merkityksellisesti","robots":{"index":"index","follow":"follow","max-snippet":"max-snippet:-1","max-image-preview":"max-image-preview:large","max-video-preview":"max-video-preview:-1"},"canonical":"https:\/\/blogs.uef.fi\/elamerkityksellisesti\/2022\/08\/18\/merkityksellisyystiedon-hyodyntamisen-mahdollisuudet-terveys-ja-hyvinvointipalvelujen-seka-hoiva-alan-organisaatioiden-kehittamisessa\/","og_locale":"fi_FI","og_type":"article","og_title":"Merkityksellisyystiedon hy\u00f6dynt\u00e4misen mahdollisuudet terveys- ja hyvinvointipalvelujen sek\u00e4 hoiva-alan organisaatioiden kehitt\u00e4misess\u00e4 - El\u00e4 merkityksellisesti","og_description":"Kirjoittaja: Johanna Listola El\u00e4m\u00e4n merkitysl\u00e4hteet ovat osa ihmisen persoonallisuutta. Mahdollisuus toteuttaa itse\u00e4\u00e4n, omia tavoitteita ja toiveita ovat keskeisi\u00e4 merkityksellisyyden elementtej\u00e4. Ik\u00e4\u00e4ntymiseen liittyv\u00e4 toimintakyvyn heikkeneminen haastaa toiminnan, tekemisen ja osallisuuden mahdollisuuksia. Toimintakyky\u00e4 ja osallisuutta voidaan kuitenkin tukea kaikissa el\u00e4m\u00e4nvaiheessa, ja kavenneetkin toimijuuden mahdollisuudet voivat muodostua ik\u00e4\u00e4ntyv\u00e4lle mielekk\u00e4iksi ja merkitykselliseksi. N\u00e4iss\u00e4 kirjoituksissa pohdin ik\u00e4\u00e4ntyv\u00e4n fyysiseen ja kognitiiviseen [&hellip;]","og_url":"https:\/\/blogs.uef.fi\/elamerkityksellisesti\/2022\/08\/18\/merkityksellisyystiedon-hyodyntamisen-mahdollisuudet-terveys-ja-hyvinvointipalvelujen-seka-hoiva-alan-organisaatioiden-kehittamisessa\/","og_site_name":"El\u00e4 merkityksellisesti","article_published_time":"2022-08-18T13:19:48+00:00","article_modified_time":"2022-08-18T13:23:26+00:00","og_image":[{"url":"https:\/\/blogs.uef.fi\/elamerkityksellisesti\/wp-content\/uploads\/sites\/183\/2022\/08\/image-1.png","type":"","width":"","height":""}],"author":"suvims","twitter_card":"summary_large_image","twitter_misc":{"Kirjoittanut":"suvims","Arvioitu lukuaika":"4 minuuttia"},"schema":{"@context":"https:\/\/schema.org","@graph":[{"@type":"Article","@id":"https:\/\/blogs.uef.fi\/elamerkityksellisesti\/2022\/08\/18\/merkityksellisyystiedon-hyodyntamisen-mahdollisuudet-terveys-ja-hyvinvointipalvelujen-seka-hoiva-alan-organisaatioiden-kehittamisessa\/#article","isPartOf":{"@id":"https:\/\/blogs.uef.fi\/elamerkityksellisesti\/2022\/08\/18\/merkityksellisyystiedon-hyodyntamisen-mahdollisuudet-terveys-ja-hyvinvointipalvelujen-seka-hoiva-alan-organisaatioiden-kehittamisessa\/"},"author":{"name":"suvims","@id":"https:\/\/blogs.uef.fi\/elamerkityksellisesti\/#\/schema\/person\/da019b01e38aa73582dde8177f0e7bfe"},"headline":"Merkityksellisyystiedon hy\u00f6dynt\u00e4misen mahdollisuudet terveys- ja hyvinvointipalvelujen sek\u00e4 hoiva-alan organisaatioiden kehitt\u00e4misess\u00e4","datePublished":"2022-08-18T13:19:48+00:00","dateModified":"2022-08-18T13:23:26+00:00","mainEntityOfPage":{"@id":"https:\/\/blogs.uef.fi\/elamerkityksellisesti\/2022\/08\/18\/merkityksellisyystiedon-hyodyntamisen-mahdollisuudet-terveys-ja-hyvinvointipalvelujen-seka-hoiva-alan-organisaatioiden-kehittamisessa\/"},"wordCount":690,"commentCount":0,"image":{"@id":"https:\/\/blogs.uef.fi\/elamerkityksellisesti\/2022\/08\/18\/merkityksellisyystiedon-hyodyntamisen-mahdollisuudet-terveys-ja-hyvinvointipalvelujen-seka-hoiva-alan-organisaatioiden-kehittamisessa\/#primaryimage"},"thumbnailUrl":"https:\/\/blogs.uef.fi\/elamerkityksellisesti\/wp-content\/uploads\/sites\/183\/2022\/08\/image-1.png","articleSection":["Uncategorized"],"inLanguage":"fi","potentialAction":[{"@type":"CommentAction","name":"Comment","target":["https:\/\/blogs.uef.fi\/elamerkityksellisesti\/2022\/08\/18\/merkityksellisyystiedon-hyodyntamisen-mahdollisuudet-terveys-ja-hyvinvointipalvelujen-seka-hoiva-alan-organisaatioiden-kehittamisessa\/#respond"]}]},{"@type":"WebPage","@id":"https:\/\/blogs.uef.fi\/elamerkityksellisesti\/2022\/08\/18\/merkityksellisyystiedon-hyodyntamisen-mahdollisuudet-terveys-ja-hyvinvointipalvelujen-seka-hoiva-alan-organisaatioiden-kehittamisessa\/","url":"https:\/\/blogs.uef.fi\/elamerkityksellisesti\/2022\/08\/18\/merkityksellisyystiedon-hyodyntamisen-mahdollisuudet-terveys-ja-hyvinvointipalvelujen-seka-hoiva-alan-organisaatioiden-kehittamisessa\/","name":"Merkityksellisyystiedon hy\u00f6dynt\u00e4misen mahdollisuudet terveys- ja hyvinvointipalvelujen sek\u00e4 hoiva-alan organisaatioiden kehitt\u00e4misess\u00e4 - El\u00e4 merkityksellisesti","isPartOf":{"@id":"https:\/\/blogs.uef.fi\/elamerkityksellisesti\/#website"},"primaryImageOfPage":{"@id":"https:\/\/blogs.uef.fi\/elamerkityksellisesti\/2022\/08\/18\/merkityksellisyystiedon-hyodyntamisen-mahdollisuudet-terveys-ja-hyvinvointipalvelujen-seka-hoiva-alan-organisaatioiden-kehittamisessa\/#primaryimage"},"image":{"@id":"https:\/\/blogs.uef.fi\/elamerkityksellisesti\/2022\/08\/18\/merkityksellisyystiedon-hyodyntamisen-mahdollisuudet-terveys-ja-hyvinvointipalvelujen-seka-hoiva-alan-organisaatioiden-kehittamisessa\/#primaryimage"},"thumbnailUrl":"https:\/\/blogs.uef.fi\/elamerkityksellisesti\/wp-content\/uploads\/sites\/183\/2022\/08\/image-1.png","datePublished":"2022-08-18T13:19:48+00:00","dateModified":"2022-08-18T13:23:26+00:00","author":{"@id":"https:\/\/blogs.uef.fi\/elamerkityksellisesti\/#\/schema\/person\/da019b01e38aa73582dde8177f0e7bfe"},"breadcrumb":{"@id":"https:\/\/blogs.uef.fi\/elamerkityksellisesti\/2022\/08\/18\/merkityksellisyystiedon-hyodyntamisen-mahdollisuudet-terveys-ja-hyvinvointipalvelujen-seka-hoiva-alan-organisaatioiden-kehittamisessa\/#breadcrumb"},"inLanguage":"fi","potentialAction":[{"@type":"ReadAction","target":["https:\/\/blogs.uef.fi\/elamerkityksellisesti\/2022\/08\/18\/merkityksellisyystiedon-hyodyntamisen-mahdollisuudet-terveys-ja-hyvinvointipalvelujen-seka-hoiva-alan-organisaatioiden-kehittamisessa\/"]}]},{"@type":"ImageObject","inLanguage":"fi","@id":"https:\/\/blogs.uef.fi\/elamerkityksellisesti\/2022\/08\/18\/merkityksellisyystiedon-hyodyntamisen-mahdollisuudet-terveys-ja-hyvinvointipalvelujen-seka-hoiva-alan-organisaatioiden-kehittamisessa\/#primaryimage","url":"https:\/\/blogs.uef.fi\/elamerkityksellisesti\/wp-content\/uploads\/sites\/183\/2022\/08\/image-1.png","contentUrl":"https:\/\/blogs.uef.fi\/elamerkityksellisesti\/wp-content\/uploads\/sites\/183\/2022\/08\/image-1.png","width":681,"height":482},{"@type":"BreadcrumbList","@id":"https:\/\/blogs.uef.fi\/elamerkityksellisesti\/2022\/08\/18\/merkityksellisyystiedon-hyodyntamisen-mahdollisuudet-terveys-ja-hyvinvointipalvelujen-seka-hoiva-alan-organisaatioiden-kehittamisessa\/#breadcrumb","itemListElement":[{"@type":"ListItem","position":1,"name":"Home","item":"https:\/\/blogs.uef.fi\/elamerkityksellisesti\/"},{"@type":"ListItem","position":2,"name":"Merkityksellisyystiedon hy\u00f6dynt\u00e4misen mahdollisuudet terveys- ja hyvinvointipalvelujen sek\u00e4 hoiva-alan organisaatioiden kehitt\u00e4misess\u00e4"}]},{"@type":"WebSite","@id":"https:\/\/blogs.uef.fi\/elamerkityksellisesti\/#website","url":"https:\/\/blogs.uef.fi\/elamerkityksellisesti\/","name":"El\u00e4 merkityksellisesti","description":"","potentialAction":[{"@type":"SearchAction","target":{"@type":"EntryPoint","urlTemplate":"https:\/\/blogs.uef.fi\/elamerkityksellisesti\/?s={search_term_string}"},"query-input":{"@type":"PropertyValueSpecification","valueRequired":true,"valueName":"search_term_string"}}],"inLanguage":"fi"},{"@type":"Person","@id":"https:\/\/blogs.uef.fi\/elamerkityksellisesti\/#\/schema\/person\/da019b01e38aa73582dde8177f0e7bfe","name":"suvims","image":{"@type":"ImageObject","inLanguage":"fi","@id":"https:\/\/secure.gravatar.com\/avatar\/2af4b429be7b7076383619d059ae1b4f7c41eb471c5f92c041754581a5ea5c22?s=96&d=mm&r=g","url":"https:\/\/secure.gravatar.com\/avatar\/2af4b429be7b7076383619d059ae1b4f7c41eb471c5f92c041754581a5ea5c22?s=96&d=mm&r=g","contentUrl":"https:\/\/secure.gravatar.com\/avatar\/2af4b429be7b7076383619d059ae1b4f7c41eb471c5f92c041754581a5ea5c22?s=96&d=mm&r=g","caption":"suvims"},"url":"https:\/\/blogs.uef.fi\/elamerkityksellisesti\/author\/suvims\/"}]}},"_links":{"self":[{"href":"https:\/\/blogs.uef.fi\/elamerkityksellisesti\/wp-json\/wp\/v2\/posts\/139","targetHints":{"allow":["GET"]}}],"collection":[{"href":"https:\/\/blogs.uef.fi\/elamerkityksellisesti\/wp-json\/wp\/v2\/posts"}],"about":[{"href":"https:\/\/blogs.uef.fi\/elamerkityksellisesti\/wp-json\/wp\/v2\/types\/post"}],"author":[{"embeddable":true,"href":"https:\/\/blogs.uef.fi\/elamerkityksellisesti\/wp-json\/wp\/v2\/users\/565"}],"replies":[{"embeddable":true,"href":"https:\/\/blogs.uef.fi\/elamerkityksellisesti\/wp-json\/wp\/v2\/comments?post=139"}],"version-history":[{"count":2,"href":"https:\/\/blogs.uef.fi\/elamerkityksellisesti\/wp-json\/wp\/v2\/posts\/139\/revisions"}],"predecessor-version":[{"id":166,"href":"https:\/\/blogs.uef.fi\/elamerkityksellisesti\/wp-json\/wp\/v2\/posts\/139\/revisions\/166"}],"wp:attachment":[{"href":"https:\/\/blogs.uef.fi\/elamerkityksellisesti\/wp-json\/wp\/v2\/media?parent=139"}],"wp:term":[{"taxonomy":"category","embeddable":true,"href":"https:\/\/blogs.uef.fi\/elamerkityksellisesti\/wp-json\/wp\/v2\/categories?post=139"},{"taxonomy":"post_tag","embeddable":true,"href":"https:\/\/blogs.uef.fi\/elamerkityksellisesti\/wp-json\/wp\/v2\/tags?post=139"}],"curies":[{"name":"wp","href":"https:\/\/api.w.org\/{rel}","templated":true}]}}