{"id":1458,"date":"2021-03-25T13:43:08","date_gmt":"2021-03-25T11:43:08","guid":{"rendered":"https:\/\/blogs.uef.fi\/dequal\/?p=1458"},"modified":"2021-03-25T13:43:08","modified_gmt":"2021-03-25T11:43:08","slug":"nuorisobarometri-2020-ja-moniulotteinen-digitalisaatio","status":"publish","type":"post","link":"https:\/\/blogs.uef.fi\/dequal\/2021\/03\/25\/nuorisobarometri-2020-ja-moniulotteinen-digitalisaatio\/","title":{"rendered":"Nuorisobarometri 2020 ja moniulotteinen digitalisaatio"},"content":{"rendered":"<p><img loading=\"lazy\" decoding=\"async\" class=\"aligncenter size-full wp-image-1461\" src=\"https:\/\/blogs.uef.fi\/dequal\/wp-content\/uploads\/sites\/150\/2021\/03\/Blogiteksti_2_Kristiina_koko-ok.jpg\" alt=\"\" width=\"1200\" height=\"816\" srcset=\"https:\/\/blogs.uef.fi\/dequal\/wp-content\/uploads\/sites\/150\/2021\/03\/Blogiteksti_2_Kristiina_koko-ok.jpg 1200w, https:\/\/blogs.uef.fi\/dequal\/wp-content\/uploads\/sites\/150\/2021\/03\/Blogiteksti_2_Kristiina_koko-ok-300x204.jpg 300w, https:\/\/blogs.uef.fi\/dequal\/wp-content\/uploads\/sites\/150\/2021\/03\/Blogiteksti_2_Kristiina_koko-ok-1024x696.jpg 1024w, https:\/\/blogs.uef.fi\/dequal\/wp-content\/uploads\/sites\/150\/2021\/03\/Blogiteksti_2_Kristiina_koko-ok-768x522.jpg 768w\" sizes=\"auto, (max-width: 1200px) 100vw, 1200px\" \/><\/p>\n<p>Vuoden 2020 Nuorisobarometri julkaistiin 23.3.2021. Nuorisobarometrin teemana on nuorille tarjottavat palvelut, joita tarkastellaan k\u00e4yt\u00f6n, tarpeen ja riitt\u00e4vyyden n\u00e4k\u00f6kulmista. Tutkimus perustuu 1938 puhelinhaastatteluun. Nuorilta kysyttiin sosiaali- ja terveyspalveluiden, TE-palveluiden ja kohdennetun nuorisoty\u00f6n palveluiden lis\u00e4ksi my\u00f6s kulttuuriin, vapaa-aikaan, ja avoimeen nuorisoty\u00f6h\u00f6n liittyvien palveluiden k\u00e4yt\u00f6st\u00e4 (s. 5).<\/p>\n<p>T\u00e4ss\u00e4 blogitekstiss\u00e4 nostan esille Nuorisobarometrissa k\u00e4siteltyj\u00e4 digitalisaatioon liittyvi\u00e4 asioita, jotka tuntuivat mielest\u00e4ni merkityksellisilt\u00e4 DEQUAL-hankkeessa tarkasteltavien digitaalisen eriarvoisuuden ja osallisuuden kysymysten n\u00e4k\u00f6kulmasta. Sivunumerot viittaavat barometriin, jonka tarkemmat tiedot l\u00f6ytyv\u00e4t tekstin lopusta.<\/p>\n<p>Vaikka nuori ik\u00e4 ei itsest\u00e4\u00e4n selv\u00e4sti tarkoita positiivista suhtautumista teknologian k\u00e4ytt\u00f6\u00f6n, barometrin mukaan \u201dyleisilme nuorten suhtautumisesta s\u00e4hk\u00f6isiin palveluihin on verrattain my\u00f6nteinen\u201d, eik\u00e4 sukupuolten v\u00e4lill\u00e4 ole juurikaan eroja (s. 53). Nuorten kokemuksia ja n\u00e4kemyksi\u00e4 s\u00e4hk\u00f6isist\u00e4 sosiaali- ja terveydenhuollon palveluista selvitettiin 17 kysymyksen sarjalla. L\u00e4hes kaikilla barometriin vastanneilla nuorilla oli k\u00e4yt\u00f6ss\u00e4\u00e4n nettiliittym\u00e4 tai \u00e4lypuhelin. S\u00e4hk\u00f6isen asioinnin tunnukset oli 93 prosentilla nuorista, yli 20-vuotiailla jopa 99 prosentilla vastaajista. Enemmist\u00f6 (63 %) kertoi haluavansa k\u00e4ytt\u00e4\u00e4 tarvitsemiaan palveluita mahdollisimman paljon s\u00e4hk\u00f6isesti ja varsin pieni osa vastaajista (15 %) ilmoitti, ettei ollut lainkaan kiinnostunut s\u00e4hk\u00f6isest\u00e4 asioinnista.<\/p>\n<p>Vuorovaikutus on teema, joka usein nousee esille palvelujen digitalisoinnin yhteydess\u00e4. Barometrin vastaajista jopa 62 prosenttia oli sit\u00e4 mielt\u00e4, ettei henkil\u00f6kohtaista tapaamista voi korvata s\u00e4hk\u00f6isell\u00e4 yhteydenotolla. S\u00e4hk\u00f6isten palvelujen lis\u00e4ksi nuoret kaipasivat palvelutilanteisiin my\u00f6s kasvokkaisia kohtaamisia (s. 148). T\u00e4m\u00e4 kuvastaa hyvin sit\u00e4, ettei palvelujen digitalisaatio ole joko\u2212tai-ilmi\u00f6 vaan sek\u00e4\u2212ett\u00e4. Tarvetta on monenlaisille palveluille ja ihmiset k\u00e4ytt\u00e4v\u00e4t sellaisia palveluja, jotka kokevat itselleen sopiviksi ja hy\u00f6dyllisiksi juuri tietyss\u00e4 tilanteessa. Palvelusektorille t\u00e4m\u00e4 asettaa haasteita, ja Susan Eriksson toteaakin omassa n\u00e4k\u00f6kulmakirjoituksessaan, ett\u00e4 \u201ddigitalisoitumisen pakko aiheuttaa nykyisell\u00e4\u00e4n jopa yhteis\u00f6tason ristiriitoja\u201d. Nuorista vastaajista 12 prosenttia koki, ett\u00e4 s\u00e4hk\u00f6isi\u00e4 palveluita on vaikea l\u00f6yt\u00e4\u00e4 ja yht\u00e4 monen mielest\u00e4 ne ovat vaikeita k\u00e4ytt\u00e4\u00e4. 10 prosentin mielest\u00e4 s\u00e4hk\u00f6inen palvelu ei ole saatavilla silloin, kun sit\u00e4 haluaisi k\u00e4ytt\u00e4\u00e4. Yleisempi ep\u00e4ilys liittyi turvallisuuteen. Yli nelj\u00e4nnes vastaajista (26 %) oli huolissaan omien henkil\u00f6kohtaisten tietojensa turvallisuudesta. Mik\u00e4li Nuorisobarometrin haastattelut olisi tehty vasta Psykoterapiakeskus Vastaamon tietomurron j\u00e4lkeen loppuvuodesta 2020, t\u00e4m\u00e4 luku olisi voinut olla viel\u00e4kin suurempi.<\/p>\n<p>DEQUAL-hankkeen keskeisen teeman eli eriarvoistavan digitalisaation kannalta on t\u00e4rke\u00e4 huomata, ett\u00e4 vieraskieliset kokevat s\u00e4hk\u00f6iset palvelut suhteellisen usein vaikeak\u00e4ytt\u00f6isiksi (16 %) tai niiden l\u00f6yt\u00e4misen vaikeaksi (21 %). S\u00e4hk\u00f6isten palveluiden ongelmalliseksi kokemisen riski\u00e4 lis\u00e4\u00e4vi\u00e4 taustatekij\u00f6it\u00e4 olivat lastensuojelutausta, haittaava terveys- tai mielenterveysongelma ja kokemus v\u00e4hemmist\u00f6\u00f6n kuulumisesta (s. 53). Hankaluudet n\u00e4ytt\u00e4isiv\u00e4t kasaantuvan siis jo muutoinkin haasteellisessa el\u00e4m\u00e4ntilanteessa el\u00e4ville nuorille, ja t\u00e4m\u00e4 saattaa johtaa digisyrj\u00e4ytymiseen.<\/p>\n<p>On eritt\u00e4in t\u00e4rke\u00e4 muistaa, etteiv\u00e4t nuoret suinkaan ole heterogeeninen ryhm\u00e4. N\u00e4k\u00f6kulmakirjoituksessaan Susan Eriksson kirjoittaa yhteiskunnan ja kulttuurin digitalisoitumisen mukanaan tuomista hy\u00f6dyist\u00e4 vammaisille nuorille. Koska monille vammaisille nuorille digitaalinen maailma tarjoaa virkistyst\u00e4, osallisuutta, sosiaalisia suhteita ja uusia yhteis\u00f6j\u00e4, mik\u00e4 on puolestaan parantanut vammaisten nuorten el\u00e4m\u00e4nlaatua ja yhdenvertaisuuden kokemusta. Erikson nostaa esille my\u00f6s s\u00e4hk\u00f6isten palveluiden esteett\u00f6myyden ja korostaa, ett\u00e4 yli kolmasosa Nuorisobarometrin vastaajista ei koe s\u00e4hk\u00f6isten palvelujen olevan esteett\u00f6mi\u00e4. Esteett\u00f6myyskysymykset saattavat olla vieraita sellaisille nuorille, joita ne eiv\u00e4t kosketa, sill\u00e4 moni vastaaja ei osaa vastata esteett\u00f6myyskysymykseen (43 %). (s. 147\u2013148.)<\/p>\n<p>Camilla Granholm pohtii omassa n\u00e4k\u00f6kulmakirjoituksessaan digitalisaation ja saavutettavuuden suhdetta julkisten sosiaalipalvelujen n\u00e4k\u00f6kulmasta.\u00a0 H\u00e4n tarkastelee nuorten digitaitoja ja toteaa, ett\u00e4 erityisesti syrj\u00e4ytymisvaarassa olevat ty\u00f6el\u00e4m\u00e4n ja koulutuksen ulkopuolella olevat nuoret ja nuoret aikuiset ovat herkemmin my\u00f6s digitaidoiltaan heikommassa asemassa.\u00a0 Esimerkiksi tekstipohjaiset palvelut ovat ongelmallisia heikon luku- ja kirjoitustaidon omaaville nuorille. T\u00e4rke\u00e4 huomio on kuitenkin se, ett\u00e4 digitaaliset palvelut voivat madaltaa kynnyst\u00e4 ottaa yhteytt\u00e4 ja hakea apua vaikeaan el\u00e4m\u00e4ntilanteeseen (s. 171). Granholm per\u00e4\u00e4nkuuluttaakin kest\u00e4v\u00e4\u00e4 digitaalista muutosta, jossa palvelujen parissa ty\u00f6skenteleville tulisi tarjota jatkuvasti koulutusta ja ohjausta, jotta ty\u00f6ntekij\u00e4t voivat p\u00e4ivitt\u00e4\u00e4 ja yll\u00e4pit\u00e4\u00e4 omaa tietotaitoa ja osaamistaan (s. 172).<\/p>\n<p>Edell\u00e4 esitellyt n\u00e4k\u00f6kulmat osoittavat, ettei digitalisaatio ole yksiselitteisesti hyv\u00e4 tai huono ilmi\u00f6. Tutkittua tietoa sen moninaisista ja monisyist\u00e4 vaikutuksista tarvitaan kuitenkin nuortenkin osalta lis\u00e4\u00e4, samoin rohkeutta tarttua digitalisaation luomiin ep\u00e4kohtiin sek\u00e4 tahtoa korjata ep\u00e4kohtia joko teknologian keinoin tai tarjoamalla s\u00e4hk\u00f6isille palveluille vaihtoehtoja. T\u00e4ll\u00f6in ollaan tarveperustaisten palvelujen \u00e4\u00e4rell\u00e4, joiden suunnittelussa palvelujen kohderyhm\u00e4\u00e4n kuuluvien on hyv\u00e4 olla mukana. Nuorten kokemuksia on syyt\u00e4 kuunnella!<\/p>\n<p>Kristiina Korjonen-Kuusipuro<\/p>\n<p>L\u00e4hteet:<\/p>\n<p>Berg, P\u00e4ivi &amp; Myllyniemi, Sami (toim.) (2021) Palvelu pelaa! Nuorisobarometri 2020. Valtion nuorisoneuvosto Nuorisotutkimusseura\/Nuorisotutkimusverkosto Opetus- ja kulttuuriministeri\u00f6. Saatavilla verkossa osoitteessa: <a href=\"https:\/\/tietoanuorista.fi\/wpcontent\/uploads\/2021\/03\/nuorisobarometri-2020-web.pdf\">https:\/\/tietoanuorista.fi\/wpcontent\/uploads\/2021\/03\/nuorisobarometri-2020-web.pdf<\/a>.<\/p>\n<p>Erikson, Susan. Nuorten tyytyv\u00e4isyys palveluihin vammaisten n\u00e4k\u00f6kulmasta. N\u00e4k\u00f6kulmakirjoitus, emt. 145\u2013150.<\/p>\n<p>Granholm, Camilla. Tekeek\u00f6 palveluiden digitalisaatio julkisista sosiaalipalveluista nuorille helpommin saavutettavia? N\u00e4k\u00f6kulmakirjoitus, emt. 169\u2013176.<\/p>\n","protected":false},"excerpt":{"rendered":"<p>Vuoden 2020 Nuorisobarometri julkaistiin 23.3.2021. Nuorisobarometrin teemana on nuorille tarjottavat palvelut, joita tarkastellaan k\u00e4yt\u00f6n, tarpeen ja riitt\u00e4vyyden n\u00e4k\u00f6kulmista. Tutkimus perustuu 1938 puhelinhaastatteluun. Nuorilta kysyttiin sosiaali- ja terveyspalveluiden, TE-palveluiden ja kohdennetun nuorisoty\u00f6n palveluiden lis\u00e4ksi my\u00f6s kulttuuriin, vapaa-aikaan, ja avoimeen nuorisoty\u00f6h\u00f6n liittyvien palveluiden k\u00e4yt\u00f6st\u00e4 (s. 5). T\u00e4ss\u00e4 blogitekstiss\u00e4 nostan esille Nuorisobarometrissa k\u00e4siteltyj\u00e4 digitalisaatioon liittyvi\u00e4 asioita, jotka tuntuivat [&hellip;]<\/p>\n","protected":false},"author":368,"featured_media":0,"comment_status":"open","ping_status":"closed","sticky":false,"template":"","format":"image","meta":{"_acf_changed":false,"footnotes":""},"categories":[1],"tags":[],"class_list":["post-1458","post","type-post","status-publish","format-image","hentry","category-uncategorized-fi","post_format-post-format-image"],"acf":[],"yoast_head":"<!-- This site is optimized with the Yoast SEO plugin v27.3 - https:\/\/yoast.com\/product\/yoast-seo-wordpress\/ -->\n<title>Nuorisobarometri 2020 ja moniulotteinen digitalisaatio - DEQUAL<\/title>\n<meta name=\"robots\" content=\"index, follow, max-snippet:-1, max-image-preview:large, max-video-preview:-1\" \/>\n<link rel=\"canonical\" href=\"https:\/\/blogs.uef.fi\/dequal\/2021\/03\/25\/nuorisobarometri-2020-ja-moniulotteinen-digitalisaatio\/\" \/>\n<meta property=\"og:locale\" content=\"fi_FI\" \/>\n<meta property=\"og:type\" content=\"article\" \/>\n<meta property=\"og:title\" content=\"Nuorisobarometri 2020 ja moniulotteinen digitalisaatio - DEQUAL\" \/>\n<meta property=\"og:description\" content=\"Vuoden 2020 Nuorisobarometri julkaistiin 23.3.2021. Nuorisobarometrin teemana on nuorille tarjottavat palvelut, joita tarkastellaan k\u00e4yt\u00f6n, tarpeen ja riitt\u00e4vyyden n\u00e4k\u00f6kulmista. Tutkimus perustuu 1938 puhelinhaastatteluun. Nuorilta kysyttiin sosiaali- ja terveyspalveluiden, TE-palveluiden ja kohdennetun nuorisoty\u00f6n palveluiden lis\u00e4ksi my\u00f6s kulttuuriin, vapaa-aikaan, ja avoimeen nuorisoty\u00f6h\u00f6n liittyvien palveluiden k\u00e4yt\u00f6st\u00e4 (s. 5). T\u00e4ss\u00e4 blogitekstiss\u00e4 nostan esille Nuorisobarometrissa k\u00e4siteltyj\u00e4 digitalisaatioon liittyvi\u00e4 asioita, jotka tuntuivat [&hellip;]\" \/>\n<meta property=\"og:url\" content=\"https:\/\/blogs.uef.fi\/dequal\/2021\/03\/25\/nuorisobarometri-2020-ja-moniulotteinen-digitalisaatio\/\" \/>\n<meta property=\"og:site_name\" content=\"DEQUAL\" \/>\n<meta property=\"article:published_time\" content=\"2021-03-25T11:43:08+00:00\" \/>\n<meta property=\"og:image\" content=\"https:\/\/blogs.uef.fi\/dequal\/wp-content\/uploads\/sites\/150\/2021\/03\/Blogiteksti_2_Kristiina_koko-ok.jpg\" \/>\n<meta name=\"author\" content=\"DEQUAL\" \/>\n<meta name=\"twitter:card\" content=\"summary_large_image\" \/>\n<meta name=\"twitter:label1\" content=\"Kirjoittanut\" \/>\n\t<meta name=\"twitter:data1\" content=\"DEQUAL\" \/>\n\t<meta name=\"twitter:label2\" content=\"Arvioitu lukuaika\" \/>\n\t<meta name=\"twitter:data2\" content=\"4 minuuttia\" \/>\n<script type=\"application\/ld+json\" class=\"yoast-schema-graph\">{\"@context\":\"https:\\\/\\\/schema.org\",\"@graph\":[{\"@type\":\"Article\",\"@id\":\"https:\\\/\\\/blogs.uef.fi\\\/dequal\\\/2021\\\/03\\\/25\\\/nuorisobarometri-2020-ja-moniulotteinen-digitalisaatio\\\/#article\",\"isPartOf\":{\"@id\":\"https:\\\/\\\/blogs.uef.fi\\\/dequal\\\/2021\\\/03\\\/25\\\/nuorisobarometri-2020-ja-moniulotteinen-digitalisaatio\\\/\"},\"author\":{\"name\":\"DEQUAL\",\"@id\":\"https:\\\/\\\/blogs.uef.fi\\\/dequal\\\/#\\\/schema\\\/person\\\/d61d932c7572a51d807f95fdf002beeb\"},\"headline\":\"Nuorisobarometri 2020 ja moniulotteinen digitalisaatio\",\"datePublished\":\"2021-03-25T11:43:08+00:00\",\"mainEntityOfPage\":{\"@id\":\"https:\\\/\\\/blogs.uef.fi\\\/dequal\\\/2021\\\/03\\\/25\\\/nuorisobarometri-2020-ja-moniulotteinen-digitalisaatio\\\/\"},\"wordCount\":795,\"commentCount\":0,\"image\":{\"@id\":\"https:\\\/\\\/blogs.uef.fi\\\/dequal\\\/2021\\\/03\\\/25\\\/nuorisobarometri-2020-ja-moniulotteinen-digitalisaatio\\\/#primaryimage\"},\"thumbnailUrl\":\"https:\\\/\\\/blogs.uef.fi\\\/dequal\\\/wp-content\\\/uploads\\\/sites\\\/150\\\/2021\\\/03\\\/Blogiteksti_2_Kristiina_koko-ok.jpg\",\"articleSection\":[\"Uncategorized @fi\"],\"inLanguage\":\"fi\",\"potentialAction\":[{\"@type\":\"CommentAction\",\"name\":\"Comment\",\"target\":[\"https:\\\/\\\/blogs.uef.fi\\\/dequal\\\/2021\\\/03\\\/25\\\/nuorisobarometri-2020-ja-moniulotteinen-digitalisaatio\\\/#respond\"]}]},{\"@type\":\"WebPage\",\"@id\":\"https:\\\/\\\/blogs.uef.fi\\\/dequal\\\/2021\\\/03\\\/25\\\/nuorisobarometri-2020-ja-moniulotteinen-digitalisaatio\\\/\",\"url\":\"https:\\\/\\\/blogs.uef.fi\\\/dequal\\\/2021\\\/03\\\/25\\\/nuorisobarometri-2020-ja-moniulotteinen-digitalisaatio\\\/\",\"name\":\"Nuorisobarometri 2020 ja moniulotteinen digitalisaatio - DEQUAL\",\"isPartOf\":{\"@id\":\"https:\\\/\\\/blogs.uef.fi\\\/dequal\\\/#website\"},\"primaryImageOfPage\":{\"@id\":\"https:\\\/\\\/blogs.uef.fi\\\/dequal\\\/2021\\\/03\\\/25\\\/nuorisobarometri-2020-ja-moniulotteinen-digitalisaatio\\\/#primaryimage\"},\"image\":{\"@id\":\"https:\\\/\\\/blogs.uef.fi\\\/dequal\\\/2021\\\/03\\\/25\\\/nuorisobarometri-2020-ja-moniulotteinen-digitalisaatio\\\/#primaryimage\"},\"thumbnailUrl\":\"https:\\\/\\\/blogs.uef.fi\\\/dequal\\\/wp-content\\\/uploads\\\/sites\\\/150\\\/2021\\\/03\\\/Blogiteksti_2_Kristiina_koko-ok.jpg\",\"datePublished\":\"2021-03-25T11:43:08+00:00\",\"author\":{\"@id\":\"https:\\\/\\\/blogs.uef.fi\\\/dequal\\\/#\\\/schema\\\/person\\\/d61d932c7572a51d807f95fdf002beeb\"},\"breadcrumb\":{\"@id\":\"https:\\\/\\\/blogs.uef.fi\\\/dequal\\\/2021\\\/03\\\/25\\\/nuorisobarometri-2020-ja-moniulotteinen-digitalisaatio\\\/#breadcrumb\"},\"inLanguage\":\"fi\",\"potentialAction\":[{\"@type\":\"ReadAction\",\"target\":[\"https:\\\/\\\/blogs.uef.fi\\\/dequal\\\/2021\\\/03\\\/25\\\/nuorisobarometri-2020-ja-moniulotteinen-digitalisaatio\\\/\"]}]},{\"@type\":\"ImageObject\",\"inLanguage\":\"fi\",\"@id\":\"https:\\\/\\\/blogs.uef.fi\\\/dequal\\\/2021\\\/03\\\/25\\\/nuorisobarometri-2020-ja-moniulotteinen-digitalisaatio\\\/#primaryimage\",\"url\":\"https:\\\/\\\/blogs.uef.fi\\\/dequal\\\/wp-content\\\/uploads\\\/sites\\\/150\\\/2021\\\/03\\\/Blogiteksti_2_Kristiina_koko-ok.jpg\",\"contentUrl\":\"https:\\\/\\\/blogs.uef.fi\\\/dequal\\\/wp-content\\\/uploads\\\/sites\\\/150\\\/2021\\\/03\\\/Blogiteksti_2_Kristiina_koko-ok.jpg\",\"width\":1200,\"height\":816},{\"@type\":\"BreadcrumbList\",\"@id\":\"https:\\\/\\\/blogs.uef.fi\\\/dequal\\\/2021\\\/03\\\/25\\\/nuorisobarometri-2020-ja-moniulotteinen-digitalisaatio\\\/#breadcrumb\",\"itemListElement\":[{\"@type\":\"ListItem\",\"position\":1,\"name\":\"Home\",\"item\":\"https:\\\/\\\/blogs.uef.fi\\\/dequal\\\/\"},{\"@type\":\"ListItem\",\"position\":2,\"name\":\"Nuorisobarometri 2020 ja moniulotteinen digitalisaatio\"}]},{\"@type\":\"WebSite\",\"@id\":\"https:\\\/\\\/blogs.uef.fi\\\/dequal\\\/#website\",\"url\":\"https:\\\/\\\/blogs.uef.fi\\\/dequal\\\/\",\"name\":\"DEQUAL\",\"description\":\"\",\"potentialAction\":[{\"@type\":\"SearchAction\",\"target\":{\"@type\":\"EntryPoint\",\"urlTemplate\":\"https:\\\/\\\/blogs.uef.fi\\\/dequal\\\/?s={search_term_string}\"},\"query-input\":{\"@type\":\"PropertyValueSpecification\",\"valueRequired\":true,\"valueName\":\"search_term_string\"}}],\"inLanguage\":\"fi\"},{\"@type\":\"Person\",\"@id\":\"https:\\\/\\\/blogs.uef.fi\\\/dequal\\\/#\\\/schema\\\/person\\\/d61d932c7572a51d807f95fdf002beeb\",\"name\":\"DEQUAL\",\"image\":{\"@type\":\"ImageObject\",\"inLanguage\":\"fi\",\"@id\":\"https:\\\/\\\/secure.gravatar.com\\\/avatar\\\/c27a3ddb2a9afabf2532e7e3a9de971e35bc77c92898853da5e444853f9dd64e?s=96&d=mm&r=g\",\"url\":\"https:\\\/\\\/secure.gravatar.com\\\/avatar\\\/c27a3ddb2a9afabf2532e7e3a9de971e35bc77c92898853da5e444853f9dd64e?s=96&d=mm&r=g\",\"contentUrl\":\"https:\\\/\\\/secure.gravatar.com\\\/avatar\\\/c27a3ddb2a9afabf2532e7e3a9de971e35bc77c92898853da5e444853f9dd64e?s=96&d=mm&r=g\",\"caption\":\"DEQUAL\"},\"url\":\"https:\\\/\\\/blogs.uef.fi\\\/dequal\\\/author\\\/harinen\\\/\"}]}<\/script>\n<!-- \/ Yoast SEO plugin. -->","yoast_head_json":{"title":"Nuorisobarometri 2020 ja moniulotteinen digitalisaatio - DEQUAL","robots":{"index":"index","follow":"follow","max-snippet":"max-snippet:-1","max-image-preview":"max-image-preview:large","max-video-preview":"max-video-preview:-1"},"canonical":"https:\/\/blogs.uef.fi\/dequal\/2021\/03\/25\/nuorisobarometri-2020-ja-moniulotteinen-digitalisaatio\/","og_locale":"fi_FI","og_type":"article","og_title":"Nuorisobarometri 2020 ja moniulotteinen digitalisaatio - DEQUAL","og_description":"Vuoden 2020 Nuorisobarometri julkaistiin 23.3.2021. Nuorisobarometrin teemana on nuorille tarjottavat palvelut, joita tarkastellaan k\u00e4yt\u00f6n, tarpeen ja riitt\u00e4vyyden n\u00e4k\u00f6kulmista. Tutkimus perustuu 1938 puhelinhaastatteluun. Nuorilta kysyttiin sosiaali- ja terveyspalveluiden, TE-palveluiden ja kohdennetun nuorisoty\u00f6n palveluiden lis\u00e4ksi my\u00f6s kulttuuriin, vapaa-aikaan, ja avoimeen nuorisoty\u00f6h\u00f6n liittyvien palveluiden k\u00e4yt\u00f6st\u00e4 (s. 5). T\u00e4ss\u00e4 blogitekstiss\u00e4 nostan esille Nuorisobarometrissa k\u00e4siteltyj\u00e4 digitalisaatioon liittyvi\u00e4 asioita, jotka tuntuivat [&hellip;]","og_url":"https:\/\/blogs.uef.fi\/dequal\/2021\/03\/25\/nuorisobarometri-2020-ja-moniulotteinen-digitalisaatio\/","og_site_name":"DEQUAL","article_published_time":"2021-03-25T11:43:08+00:00","og_image":[{"url":"https:\/\/blogs.uef.fi\/dequal\/wp-content\/uploads\/sites\/150\/2021\/03\/Blogiteksti_2_Kristiina_koko-ok.jpg","type":"","width":"","height":""}],"author":"DEQUAL","twitter_card":"summary_large_image","twitter_misc":{"Kirjoittanut":"DEQUAL","Arvioitu lukuaika":"4 minuuttia"},"schema":{"@context":"https:\/\/schema.org","@graph":[{"@type":"Article","@id":"https:\/\/blogs.uef.fi\/dequal\/2021\/03\/25\/nuorisobarometri-2020-ja-moniulotteinen-digitalisaatio\/#article","isPartOf":{"@id":"https:\/\/blogs.uef.fi\/dequal\/2021\/03\/25\/nuorisobarometri-2020-ja-moniulotteinen-digitalisaatio\/"},"author":{"name":"DEQUAL","@id":"https:\/\/blogs.uef.fi\/dequal\/#\/schema\/person\/d61d932c7572a51d807f95fdf002beeb"},"headline":"Nuorisobarometri 2020 ja moniulotteinen digitalisaatio","datePublished":"2021-03-25T11:43:08+00:00","mainEntityOfPage":{"@id":"https:\/\/blogs.uef.fi\/dequal\/2021\/03\/25\/nuorisobarometri-2020-ja-moniulotteinen-digitalisaatio\/"},"wordCount":795,"commentCount":0,"image":{"@id":"https:\/\/blogs.uef.fi\/dequal\/2021\/03\/25\/nuorisobarometri-2020-ja-moniulotteinen-digitalisaatio\/#primaryimage"},"thumbnailUrl":"https:\/\/blogs.uef.fi\/dequal\/wp-content\/uploads\/sites\/150\/2021\/03\/Blogiteksti_2_Kristiina_koko-ok.jpg","articleSection":["Uncategorized @fi"],"inLanguage":"fi","potentialAction":[{"@type":"CommentAction","name":"Comment","target":["https:\/\/blogs.uef.fi\/dequal\/2021\/03\/25\/nuorisobarometri-2020-ja-moniulotteinen-digitalisaatio\/#respond"]}]},{"@type":"WebPage","@id":"https:\/\/blogs.uef.fi\/dequal\/2021\/03\/25\/nuorisobarometri-2020-ja-moniulotteinen-digitalisaatio\/","url":"https:\/\/blogs.uef.fi\/dequal\/2021\/03\/25\/nuorisobarometri-2020-ja-moniulotteinen-digitalisaatio\/","name":"Nuorisobarometri 2020 ja moniulotteinen digitalisaatio - DEQUAL","isPartOf":{"@id":"https:\/\/blogs.uef.fi\/dequal\/#website"},"primaryImageOfPage":{"@id":"https:\/\/blogs.uef.fi\/dequal\/2021\/03\/25\/nuorisobarometri-2020-ja-moniulotteinen-digitalisaatio\/#primaryimage"},"image":{"@id":"https:\/\/blogs.uef.fi\/dequal\/2021\/03\/25\/nuorisobarometri-2020-ja-moniulotteinen-digitalisaatio\/#primaryimage"},"thumbnailUrl":"https:\/\/blogs.uef.fi\/dequal\/wp-content\/uploads\/sites\/150\/2021\/03\/Blogiteksti_2_Kristiina_koko-ok.jpg","datePublished":"2021-03-25T11:43:08+00:00","author":{"@id":"https:\/\/blogs.uef.fi\/dequal\/#\/schema\/person\/d61d932c7572a51d807f95fdf002beeb"},"breadcrumb":{"@id":"https:\/\/blogs.uef.fi\/dequal\/2021\/03\/25\/nuorisobarometri-2020-ja-moniulotteinen-digitalisaatio\/#breadcrumb"},"inLanguage":"fi","potentialAction":[{"@type":"ReadAction","target":["https:\/\/blogs.uef.fi\/dequal\/2021\/03\/25\/nuorisobarometri-2020-ja-moniulotteinen-digitalisaatio\/"]}]},{"@type":"ImageObject","inLanguage":"fi","@id":"https:\/\/blogs.uef.fi\/dequal\/2021\/03\/25\/nuorisobarometri-2020-ja-moniulotteinen-digitalisaatio\/#primaryimage","url":"https:\/\/blogs.uef.fi\/dequal\/wp-content\/uploads\/sites\/150\/2021\/03\/Blogiteksti_2_Kristiina_koko-ok.jpg","contentUrl":"https:\/\/blogs.uef.fi\/dequal\/wp-content\/uploads\/sites\/150\/2021\/03\/Blogiteksti_2_Kristiina_koko-ok.jpg","width":1200,"height":816},{"@type":"BreadcrumbList","@id":"https:\/\/blogs.uef.fi\/dequal\/2021\/03\/25\/nuorisobarometri-2020-ja-moniulotteinen-digitalisaatio\/#breadcrumb","itemListElement":[{"@type":"ListItem","position":1,"name":"Home","item":"https:\/\/blogs.uef.fi\/dequal\/"},{"@type":"ListItem","position":2,"name":"Nuorisobarometri 2020 ja moniulotteinen digitalisaatio"}]},{"@type":"WebSite","@id":"https:\/\/blogs.uef.fi\/dequal\/#website","url":"https:\/\/blogs.uef.fi\/dequal\/","name":"DEQUAL","description":"","potentialAction":[{"@type":"SearchAction","target":{"@type":"EntryPoint","urlTemplate":"https:\/\/blogs.uef.fi\/dequal\/?s={search_term_string}"},"query-input":{"@type":"PropertyValueSpecification","valueRequired":true,"valueName":"search_term_string"}}],"inLanguage":"fi"},{"@type":"Person","@id":"https:\/\/blogs.uef.fi\/dequal\/#\/schema\/person\/d61d932c7572a51d807f95fdf002beeb","name":"DEQUAL","image":{"@type":"ImageObject","inLanguage":"fi","@id":"https:\/\/secure.gravatar.com\/avatar\/c27a3ddb2a9afabf2532e7e3a9de971e35bc77c92898853da5e444853f9dd64e?s=96&d=mm&r=g","url":"https:\/\/secure.gravatar.com\/avatar\/c27a3ddb2a9afabf2532e7e3a9de971e35bc77c92898853da5e444853f9dd64e?s=96&d=mm&r=g","contentUrl":"https:\/\/secure.gravatar.com\/avatar\/c27a3ddb2a9afabf2532e7e3a9de971e35bc77c92898853da5e444853f9dd64e?s=96&d=mm&r=g","caption":"DEQUAL"},"url":"https:\/\/blogs.uef.fi\/dequal\/author\/harinen\/"}]}},"_links":{"self":[{"href":"https:\/\/blogs.uef.fi\/dequal\/wp-json\/wp\/v2\/posts\/1458","targetHints":{"allow":["GET"]}}],"collection":[{"href":"https:\/\/blogs.uef.fi\/dequal\/wp-json\/wp\/v2\/posts"}],"about":[{"href":"https:\/\/blogs.uef.fi\/dequal\/wp-json\/wp\/v2\/types\/post"}],"author":[{"embeddable":true,"href":"https:\/\/blogs.uef.fi\/dequal\/wp-json\/wp\/v2\/users\/368"}],"replies":[{"embeddable":true,"href":"https:\/\/blogs.uef.fi\/dequal\/wp-json\/wp\/v2\/comments?post=1458"}],"version-history":[{"count":2,"href":"https:\/\/blogs.uef.fi\/dequal\/wp-json\/wp\/v2\/posts\/1458\/revisions"}],"predecessor-version":[{"id":1476,"href":"https:\/\/blogs.uef.fi\/dequal\/wp-json\/wp\/v2\/posts\/1458\/revisions\/1476"}],"wp:attachment":[{"href":"https:\/\/blogs.uef.fi\/dequal\/wp-json\/wp\/v2\/media?parent=1458"}],"wp:term":[{"taxonomy":"category","embeddable":true,"href":"https:\/\/blogs.uef.fi\/dequal\/wp-json\/wp\/v2\/categories?post=1458"},{"taxonomy":"post_tag","embeddable":true,"href":"https:\/\/blogs.uef.fi\/dequal\/wp-json\/wp\/v2\/tags?post=1458"}],"curies":[{"name":"wp","href":"https:\/\/api.w.org\/{rel}","templated":true}]}}