{"id":5304,"date":"2025-12-10T13:19:09","date_gmt":"2025-12-10T10:19:09","guid":{"rendered":"https:\/\/blogs.uef.fi\/cudis\/?p=5304"},"modified":"2025-12-18T13:30:42","modified_gmt":"2025-12-18T10:30:42","slug":"cudis-hanke-on-paattynyt-tutustu-hankkeen-toimintaan-ja-tuloksiin","status":"publish","type":"post","link":"https:\/\/blogs.uef.fi\/cudis\/2025\/12\/10\/cudis-hanke-on-paattynyt-tutustu-hankkeen-toimintaan-ja-tuloksiin\/?lang=fi","title":{"rendered":"CUDIS-hanke on p\u00e4\u00e4ttynyt &#8211; tutustu hankkeen toimintaan ja tuloksiin\u00a0\u00a0"},"content":{"rendered":"\n<p>CUDIS-hankkeessa (1.7.2023 &#8211; 31.12.2025) kehitettiin tulevaisuuden ty\u00f6el\u00e4m\u00e4taitoja ja vahvistettiin ty\u00f6el\u00e4m\u00e4yhteyksi\u00e4 Pohjois-Karjalassa. Hankkeen p\u00e4\u00e4asialliset kohderyhm\u00e4t olivat yritykset ja humanististen alojen ja tietojenk\u00e4sittelytieteen opiskelijat sek\u00e4 vastavalmistuneet ty\u00f6nhakijat. Hankkeen toiminta keskittyi erityisesti kansainv\u00e4lisyys- ja digitaitoihin, tulevaisuuden ennakointiin ja itsens\u00e4 ty\u00f6llist\u00e4misen valmiuksiin.<\/p>\n\n\n\n<p>Hankkeen toteutuksesta vastasivat It\u00e4-Suomen yliopiston humanistinen osasto ja tietojenk\u00e4sittelytieteen laitos. Hanketta rahoitettiin Euroopan sosiaalirahasto plus (ESR+) Uudistuva ja osaava Suomi 2021\u20132027 -ohjelmasta.<\/p>\n\n\n\n<p>Hankkeen p\u00e4\u00e4t\u00f6stilaisuus pidettiin 13.11.2025 \u2013 <a href=\"https:\/\/www.uef.fi\/fi\/artikkeli\/monialainen-tulevaisuuden-ennakointi-apuna-vaikeidenkin-aikojen-kestamisessa-pohjois-karjalan\">t\u00e4\u00e4lt\u00e4 voit lukea UEFin artikkelin aiheesta.<\/a><\/p>\n\n\n\n<h2 class=\"wp-block-heading\"><strong>Uutta&nbsp;osaamista&nbsp;ja&nbsp;yhteyksi\u00e4&nbsp;ty\u00f6el\u00e4m\u00e4\u00e4n<\/strong>&nbsp;<\/h2>\n\n\n\n<p>CUDIS-hanke j\u00e4rjesti digi- ja kansainv\u00e4lisyysosaamista vahvistavia koulutuksia, ty\u00f6pajoja ja seminaareja sek\u00e4 yritys- ja laboratoriovierailuja ja yrityksille suunnatun kehitt\u00e4mispalvelun. Alla olevasta kaaviosta n\u00e4et tiivistetysti hankkeen keskeisimm\u00e4t toimintamuodot.<\/p>\n\n\n\n<figure data-wp-context=\"{&quot;imageId&quot;:&quot;69f32e7e561c0&quot;}\" data-wp-interactive=\"core\/image\" data-wp-key=\"69f32e7e561c0\" class=\"wp-block-image size-large wp-lightbox-container\"><img loading=\"lazy\" decoding=\"async\" width=\"1024\" height=\"724\" data-wp-class--hide=\"state.isContentHidden\" data-wp-class--show=\"state.isContentVisible\" data-wp-init=\"callbacks.setButtonStyles\" data-wp-on--click=\"actions.showLightbox\" data-wp-on--load=\"callbacks.setButtonStyles\" data-wp-on-window--resize=\"callbacks.setButtonStyles\" src=\"https:\/\/blogs.uef.fi\/cudis\/wp-content\/uploads\/sites\/191\/2025\/12\/CUDIS-tyopaketit-kaaviokuva-1024x724.png\" alt=\"\" class=\"wp-image-5341\" srcset=\"https:\/\/blogs.uef.fi\/cudis\/wp-content\/uploads\/sites\/191\/2025\/12\/CUDIS-tyopaketit-kaaviokuva-1024x724.png 1024w, https:\/\/blogs.uef.fi\/cudis\/wp-content\/uploads\/sites\/191\/2025\/12\/CUDIS-tyopaketit-kaaviokuva-300x212.png 300w, https:\/\/blogs.uef.fi\/cudis\/wp-content\/uploads\/sites\/191\/2025\/12\/CUDIS-tyopaketit-kaaviokuva-768x543.png 768w, https:\/\/blogs.uef.fi\/cudis\/wp-content\/uploads\/sites\/191\/2025\/12\/CUDIS-tyopaketit-kaaviokuva-1536x1086.png 1536w, https:\/\/blogs.uef.fi\/cudis\/wp-content\/uploads\/sites\/191\/2025\/12\/CUDIS-tyopaketit-kaaviokuva.png 2000w\" sizes=\"auto, (max-width: 1024px) 100vw, 1024px\" \/><button\n\t\t\tclass=\"lightbox-trigger\"\n\t\t\ttype=\"button\"\n\t\t\taria-haspopup=\"dialog\"\n\t\t\taria-label=\"Enlarge\"\n\t\t\tdata-wp-init=\"callbacks.initTriggerButton\"\n\t\t\tdata-wp-on--click=\"actions.showLightbox\"\n\t\t\tdata-wp-style--right=\"state.imageButtonRight\"\n\t\t\tdata-wp-style--top=\"state.imageButtonTop\"\n\t\t>\n\t\t\t<svg xmlns=\"http:\/\/www.w3.org\/2000\/svg\" width=\"12\" height=\"12\" fill=\"none\" viewBox=\"0 0 12 12\">\n\t\t\t\t<path fill=\"#fff\" d=\"M2 0a2 2 0 0 0-2 2v2h1.5V2a.5.5 0 0 1 .5-.5h2V0H2Zm2 10.5H2a.5.5 0 0 1-.5-.5V8H0v2a2 2 0 0 0 2 2h2v-1.5ZM8 12v-1.5h2a.5.5 0 0 0 .5-.5V8H12v2a2 2 0 0 1-2 2H8Zm2-12a2 2 0 0 1 2 2v2h-1.5V2a.5.5 0 0 0-.5-.5H8V0h2Z\" \/>\n\t\t\t<\/svg>\n\t\t<\/button><\/figure>\n\n\n\n<p>Hankkeessa j\u00e4rjestettiin etenkin yritysten ja muiden organisaatioiden edustajien tarpeita palvelevia koulutuksia kansainv\u00e4lisyysosaamisesta ja uusista digiteknologioista ty\u00f6el\u00e4m\u00e4ss\u00e4. Koulutuksissa k\u00e4siteltiin esimerkiksi selkokielen hy\u00f6tyj\u00e4 ty\u00f6paikalla ja virtuaalitodellisuuden kommunikaatioty\u00f6kaluja.<\/p>\n\n\n\n<p>Itsens\u00e4 ty\u00f6llist\u00e4miseen keskittyviss\u00e4 koulutuksissa nostettiin opiskelijoiden ja vastavalmistuneiden tiet\u00e4myst\u00e4 erilaisista itsens\u00e4 ty\u00f6llist\u00e4misen muodoista, rahoitusvaihtoehdoista, yritysopinnoista ja yrityskulttuurista Suomessa. Osallistujilla oli mahdollisuus kehitt\u00e4\u00e4 my\u00f6s omia ideoitaan eteenp\u00e4in.<\/p>\n\n\n\n<p><a href=\"https:\/\/blogs.uef.fi\/cudis\/2025\/12\/08\/digi-ja-kansainvalisyyskehittamispalvelun-toteutus-ja-hyvat-kaytannot\/?lang=fi\">Kehitt\u00e4mispalvelussa<\/a> opiskelijatiimit toteuttivat pohjoiskarjalaisille yrityksille kartoitukset niiden digi- ja kansainv\u00e4lisyys valmiuksista ja laativat yksil\u00f6idyt, konkreettisia toimenpiteit\u00e4 sis\u00e4lt\u00e4v\u00e4t kehitt\u00e4missuunnitelmat. Kehitt\u00e4missuunnitelmia yritykset pystyiv\u00e4t hy\u00f6dynt\u00e4m\u00e4\u00e4n esimerkiksi strategiaty\u00f6ss\u00e4 tai p\u00e4ivitt\u00e4isten toimintojen tehostamisessa. Toteutuksen aikana muodostui vahvat yhteydet yritysten sek\u00e4 kansainv\u00e4lisyyteen ett\u00e4 digitalisaation erikoistuneiden opiskelijoiden kesken, mik\u00e4 loi hyv\u00e4n pohjan yhteisty\u00f6lle jatkossa.<\/p>\n\n\n\n<p>CUDIS on the Road -vierailuilla opiskelijat vietiin k\u00e4ym\u00e4\u00e4n erilaisissa yrityksiss\u00e4. Vierailuilla edistettiin etenkin opiskelijoiden tiet\u00e4myst\u00e4 Pohjois-Karjalan yritysel\u00e4m\u00e4st\u00e4, mahdollisista ty\u00f6paikoista sek\u00e4 yhteisty\u00f6mahdollisuuksista jo opiskeluaikana.<\/p>\n\n\n\n<p>CUDIS j\u00e4rjesti opiskelijoille sek\u00e4 organisaatioiden edustajille vierailuja my\u00f6s <a href=\"https:\/\/blogs.uef.fi\/cudis\/2025\/11\/27\/tutustu-ita-suomen-yliopiston-tutkimuslaboratorioihin\/?lang=fi\">It\u00e4-Suomen yliopiston laboratorioihin. <\/a>Tavoitteena oli lis\u00e4t\u00e4 tietoisuutta laboratorioiden laitteistoista ja k\u00e4ytt\u00f6mahdollisuuksista niin opinn\u00e4ytet\u00f6iss\u00e4 ja tutkimuksessa kuin yritysten tukena. Esimerkiksi SenseLabissa voidaan virtuaalitodellisuuden ja muiden apuv\u00e4lineiden avulla tutkia kuluttajak\u00e4ytt\u00e4ytymist\u00e4.<\/p>\n\n\n\n<p>Digi- ja kansainv\u00e4lisyysosaamista ja -taitoja kehitettiin k\u00e4yt\u00e4nn\u00f6nl\u00e4heisell\u00e4 otteella, mist\u00e4 saatiin erityisesti opiskelijoilta hyv\u00e4\u00e4 palautetta. <a href=\"https:\/\/blogs.uef.fi\/cudis\/2025\/12\/05\/cudis-workshop-content-creation-for-digitally-scanned-environments-workshop\/\">Content creation for digitally scanned environments workshop <\/a>opiskelijat p\u00e4\u00e4siv\u00e4t kokeilemaan tilojen skannausta, digitaalisten kaksosten tekoa ja virtuaalisen esittelykierroksen luomista.<\/p>\n\n\n\n<p>Alueen osaamistarpeiden ennakointiin keskityttiin hankkeen j\u00e4rjest\u00e4miss\u00e4 North Karelia Future Skills Forumin tilaisuuksissa. Niiss\u00e4 kartoitettiin ty\u00f6el\u00e4m\u00e4n muutoksia ja maakunnan uusia tarpeita erityisesti kansainv\u00e4listymisen ja digitaalisen teknologian osa-alueilla. Tilaisuuksiin kutsuttiin erityisesti ty\u00f6el\u00e4m\u00e4kehitt\u00e4ji\u00e4 ja yrityksi\u00e4, mutta ne olivat avoimia kaikille kiinnostuneille. Tilaisuudet tarjosivat asiantuntijatietoa, keskustelua ja verkostoitumismahdollisuuksia.<\/p>\n\n\n\n<p>Hankkeen p\u00e4\u00e4ttymisen j\u00e4lkeen alueen kest\u00e4v\u00e4n digiosaamista ja kansainv\u00e4listymist\u00e4 edistet\u00e4\u00e4n It\u00e4-Suomen yliopiston humanistisen osaston ja tietojenk\u00e4sittelytieteen yll\u00e4pit\u00e4m\u00e4n Uuden osaamisen verkoston kautta. Se kokoaa yhteen yritykset, organisaatiot, korkeakouluopiskelijat ja ty\u00f6el\u00e4m\u00e4kehitt\u00e4j\u00e4t. Verkoston toiminnasta tarkemmin alla olevassa kaaviossa tai PDF-muodossa: <a href=\"https:\/\/blogs.uef.fi\/cudis\/wp-content\/uploads\/sites\/191\/2025\/12\/CUDIS-Uuden-osaamisen-verkosto-2.pdf\">Uuden osaamisen verkosto (pdf)<\/a>.<\/p>\n\n\n\n<figure data-wp-context=\"{&quot;imageId&quot;:&quot;69f32e7e570c6&quot;}\" data-wp-interactive=\"core\/image\" data-wp-key=\"69f32e7e570c6\" class=\"wp-block-image size-large wp-lightbox-container\"><img loading=\"lazy\" decoding=\"async\" width=\"1024\" height=\"724\" data-wp-class--hide=\"state.isContentHidden\" data-wp-class--show=\"state.isContentVisible\" data-wp-init=\"callbacks.setButtonStyles\" data-wp-on--click=\"actions.showLightbox\" data-wp-on--load=\"callbacks.setButtonStyles\" data-wp-on-window--resize=\"callbacks.setButtonStyles\" src=\"https:\/\/blogs.uef.fi\/cudis\/wp-content\/uploads\/sites\/191\/2025\/12\/CUDIS-Uuden-osaamisen-verkosto-kaaviokuva-1024x724.png\" alt=\"\" class=\"wp-image-5345\" srcset=\"https:\/\/blogs.uef.fi\/cudis\/wp-content\/uploads\/sites\/191\/2025\/12\/CUDIS-Uuden-osaamisen-verkosto-kaaviokuva-1024x724.png 1024w, https:\/\/blogs.uef.fi\/cudis\/wp-content\/uploads\/sites\/191\/2025\/12\/CUDIS-Uuden-osaamisen-verkosto-kaaviokuva-300x212.png 300w, https:\/\/blogs.uef.fi\/cudis\/wp-content\/uploads\/sites\/191\/2025\/12\/CUDIS-Uuden-osaamisen-verkosto-kaaviokuva-768x543.png 768w, https:\/\/blogs.uef.fi\/cudis\/wp-content\/uploads\/sites\/191\/2025\/12\/CUDIS-Uuden-osaamisen-verkosto-kaaviokuva-1536x1086.png 1536w, https:\/\/blogs.uef.fi\/cudis\/wp-content\/uploads\/sites\/191\/2025\/12\/CUDIS-Uuden-osaamisen-verkosto-kaaviokuva.png 2000w\" sizes=\"auto, (max-width: 1024px) 100vw, 1024px\" \/><button\n\t\t\tclass=\"lightbox-trigger\"\n\t\t\ttype=\"button\"\n\t\t\taria-haspopup=\"dialog\"\n\t\t\taria-label=\"Enlarge\"\n\t\t\tdata-wp-init=\"callbacks.initTriggerButton\"\n\t\t\tdata-wp-on--click=\"actions.showLightbox\"\n\t\t\tdata-wp-style--right=\"state.imageButtonRight\"\n\t\t\tdata-wp-style--top=\"state.imageButtonTop\"\n\t\t>\n\t\t\t<svg xmlns=\"http:\/\/www.w3.org\/2000\/svg\" width=\"12\" height=\"12\" fill=\"none\" viewBox=\"0 0 12 12\">\n\t\t\t\t<path fill=\"#fff\" d=\"M2 0a2 2 0 0 0-2 2v2h1.5V2a.5.5 0 0 1 .5-.5h2V0H2Zm2 10.5H2a.5.5 0 0 1-.5-.5V8H0v2a2 2 0 0 0 2 2h2v-1.5ZM8 12v-1.5h2a.5.5 0 0 0 .5-.5V8H12v2a2 2 0 0 1-2 2H8Zm2-12a2 2 0 0 1 2 2v2h-1.5V2a.5.5 0 0 0-.5-.5H8V0h2Z\" \/>\n\t\t\t<\/svg>\n\t\t<\/button><\/figure>\n\n\n\n<h2 class=\"wp-block-heading\"><strong>Hankkeen&nbsp;tulokset&nbsp;lukuina<\/strong>&nbsp;<\/h2>\n\n\n\n<p>Hankkeen digi- ja kansainv\u00e4lisyysosaamisen koulutustarjonta, kehitt\u00e4mispalvelu ja muut tilaisuudet paransivat Pohjois-Karjalan yritysten ja niiden ty\u00f6ntekij\u00f6iden osaamista. Yritykset saivat palvelujen, tuotteiden ja erityisesti sis\u00e4isten toimintaymp\u00e4rist\u00f6jen kehitt\u00e4miseen ajantasaista asiantuntijatietoa ja uusi menetelmi\u00e4. Niin ik\u00e4\u00e4n hankkeen toiminta vahvisti humanistisen alojen ja tietojenk\u00e4sittelytieteen opiskelijoiden ja vastavalmistuneiden ty\u00f6el\u00e4m\u00e4taitoja ja -verkostoja ty\u00f6llistymisen sujuvoittamiseksi.<\/p>\n\n\n\n<figure class=\"wp-block-image size-large\"><img loading=\"lazy\" decoding=\"async\" width=\"1024\" height=\"538\" src=\"https:\/\/blogs.uef.fi\/cudis\/wp-content\/uploads\/sites\/191\/2025\/12\/cudis_hankkeen_luvut_vaaka-1024x538.jpg\" alt=\"\" class=\"wp-image-5323\" srcset=\"https:\/\/blogs.uef.fi\/cudis\/wp-content\/uploads\/sites\/191\/2025\/12\/cudis_hankkeen_luvut_vaaka-1024x538.jpg 1024w, https:\/\/blogs.uef.fi\/cudis\/wp-content\/uploads\/sites\/191\/2025\/12\/cudis_hankkeen_luvut_vaaka-300x158.jpg 300w, https:\/\/blogs.uef.fi\/cudis\/wp-content\/uploads\/sites\/191\/2025\/12\/cudis_hankkeen_luvut_vaaka-768x403.jpg 768w, https:\/\/blogs.uef.fi\/cudis\/wp-content\/uploads\/sites\/191\/2025\/12\/cudis_hankkeen_luvut_vaaka-1536x806.jpg 1536w, https:\/\/blogs.uef.fi\/cudis\/wp-content\/uploads\/sites\/191\/2025\/12\/cudis_hankkeen_luvut_vaaka-2048x1075.jpg 2048w\" sizes=\"auto, (max-width: 1024px) 100vw, 1024px\" \/><\/figure>\n\n\n\n<p><\/p>\n\n\n\n<p>Teksti: Projektisihteeri Oona J\u00e4rvinen <\/p>\n\n\n\n<p><\/p>\n","protected":false},"excerpt":{"rendered":"<p>CUDIS-hankkeessa (1.7.2023 &#8211; 31.12.2025) kehitettiin tulevaisuuden ty\u00f6el\u00e4m\u00e4taitoja ja vahvistettiin ty\u00f6el\u00e4m\u00e4yhteyksi\u00e4 Pohjois-Karjalassa. Hankkeen p\u00e4\u00e4asialliset kohderyhm\u00e4t olivat yritykset ja humanististen alojen ja tietojenk\u00e4sittelytieteen opiskelijat sek\u00e4 vastavalmistuneet ty\u00f6nhakijat. Hankkeen toiminta keskittyi erityisesti kansainv\u00e4lisyys- ja digitaitoihin, tulevaisuuden ennakointiin ja itsens\u00e4 ty\u00f6llist\u00e4misen valmiuksiin. Hankkeen toteutuksesta vastasivat It\u00e4-Suomen yliopiston humanistinen osasto ja tietojenk\u00e4sittelytieteen laitos. Hanketta rahoitettiin Euroopan sosiaalirahasto plus (ESR+) Uudistuva [&hellip;]<\/p>\n","protected":false},"author":619,"featured_media":5307,"comment_status":"open","ping_status":"open","sticky":false,"template":"","format":"standard","meta":{"_acf_changed":false,"footnotes":""},"categories":[16],"tags":[90,105,89,69,102],"class_list":["post-5304","post","type-post","status-publish","format-standard","has-post-thumbnail","hentry","category-uncategorized-fi","tag-digitalisaatio","tag-hanketulokset","tag-kansainvalistyminen","tag-tyoelama","tag-tyoelamayhteistyo"],"acf":[],"yoast_head":"<!-- This site is optimized with the Yoast SEO plugin v27.3 - https:\/\/yoast.com\/product\/yoast-seo-wordpress\/ -->\n<title>CUDIS-hanke on p\u00e4\u00e4ttynyt - tutustu hankkeen toimintaan ja tuloksiin\u00a0\u00a0 - CUDIS - Cultural Knowledge and Digital Skills in Globalising Working Life<\/title>\n<meta name=\"robots\" content=\"index, follow, max-snippet:-1, max-image-preview:large, max-video-preview:-1\" \/>\n<link rel=\"canonical\" href=\"https:\/\/blogs.uef.fi\/cudis\/2025\/12\/10\/cudis-hanke-on-paattynyt-tutustu-hankkeen-toimintaan-ja-tuloksiin\/?lang=fi\" \/>\n<meta property=\"og:locale\" content=\"en_US\" \/>\n<meta property=\"og:type\" content=\"article\" \/>\n<meta property=\"og:title\" content=\"CUDIS-hanke on p\u00e4\u00e4ttynyt - tutustu hankkeen toimintaan ja tuloksiin\u00a0\u00a0 - CUDIS - Cultural Knowledge and Digital Skills in Globalising Working Life\" \/>\n<meta property=\"og:description\" content=\"CUDIS-hankkeessa (1.7.2023 &#8211; 31.12.2025) kehitettiin tulevaisuuden ty\u00f6el\u00e4m\u00e4taitoja ja vahvistettiin ty\u00f6el\u00e4m\u00e4yhteyksi\u00e4 Pohjois-Karjalassa. Hankkeen p\u00e4\u00e4asialliset kohderyhm\u00e4t olivat yritykset ja humanististen alojen ja tietojenk\u00e4sittelytieteen opiskelijat sek\u00e4 vastavalmistuneet ty\u00f6nhakijat. Hankkeen toiminta keskittyi erityisesti kansainv\u00e4lisyys- ja digitaitoihin, tulevaisuuden ennakointiin ja itsens\u00e4 ty\u00f6llist\u00e4misen valmiuksiin. Hankkeen toteutuksesta vastasivat It\u00e4-Suomen yliopiston humanistinen osasto ja tietojenk\u00e4sittelytieteen laitos. Hanketta rahoitettiin Euroopan sosiaalirahasto plus (ESR+) Uudistuva [&hellip;]\" \/>\n<meta property=\"og:url\" content=\"https:\/\/blogs.uef.fi\/cudis\/2025\/12\/10\/cudis-hanke-on-paattynyt-tutustu-hankkeen-toimintaan-ja-tuloksiin\/?lang=fi\" \/>\n<meta property=\"og:site_name\" content=\"CUDIS - Cultural Knowledge and Digital Skills in Globalising Working Life\" \/>\n<meta property=\"article:published_time\" content=\"2025-12-10T10:19:09+00:00\" \/>\n<meta property=\"article:modified_time\" content=\"2025-12-18T10:30:42+00:00\" \/>\n<meta property=\"og:image\" content=\"https:\/\/blogs.uef.fi\/cudis\/wp-content\/uploads\/sites\/191\/2025\/12\/CUDIS_tulokset-ja-toiminta.jpg\" \/>\n\t<meta property=\"og:image:width\" content=\"2048\" \/>\n\t<meta property=\"og:image:height\" content=\"1365\" \/>\n\t<meta property=\"og:image:type\" content=\"image\/jpeg\" \/>\n<meta name=\"author\" content=\"oonja\" \/>\n<meta name=\"twitter:card\" content=\"summary_large_image\" \/>\n<meta name=\"twitter:label1\" content=\"Written by\" \/>\n\t<meta name=\"twitter:data1\" content=\"oonja\" \/>\n\t<meta name=\"twitter:label2\" content=\"Est. reading time\" \/>\n\t<meta name=\"twitter:data2\" content=\"3 minutes\" \/>\n<script type=\"application\/ld+json\" class=\"yoast-schema-graph\">{\"@context\":\"https:\\\/\\\/schema.org\",\"@graph\":[{\"@type\":\"Article\",\"@id\":\"https:\\\/\\\/blogs.uef.fi\\\/cudis\\\/2025\\\/12\\\/10\\\/cudis-hanke-on-paattynyt-tutustu-hankkeen-toimintaan-ja-tuloksiin\\\/?lang=fi#article\",\"isPartOf\":{\"@id\":\"https:\\\/\\\/blogs.uef.fi\\\/cudis\\\/2025\\\/12\\\/10\\\/cudis-hanke-on-paattynyt-tutustu-hankkeen-toimintaan-ja-tuloksiin\\\/?lang=fi\"},\"author\":{\"name\":\"oonja\",\"@id\":\"https:\\\/\\\/blogs.uef.fi\\\/cudis\\\/#\\\/schema\\\/person\\\/6ee24d7c1b3818feeb346b5e34b91d33\"},\"headline\":\"CUDIS-hanke on p\u00e4\u00e4ttynyt &#8211; tutustu hankkeen toimintaan ja tuloksiin\u00a0\u00a0\",\"datePublished\":\"2025-12-10T10:19:09+00:00\",\"dateModified\":\"2025-12-18T10:30:42+00:00\",\"mainEntityOfPage\":{\"@id\":\"https:\\\/\\\/blogs.uef.fi\\\/cudis\\\/2025\\\/12\\\/10\\\/cudis-hanke-on-paattynyt-tutustu-hankkeen-toimintaan-ja-tuloksiin\\\/?lang=fi\"},\"wordCount\":570,\"commentCount\":0,\"image\":{\"@id\":\"https:\\\/\\\/blogs.uef.fi\\\/cudis\\\/2025\\\/12\\\/10\\\/cudis-hanke-on-paattynyt-tutustu-hankkeen-toimintaan-ja-tuloksiin\\\/?lang=fi#primaryimage\"},\"thumbnailUrl\":\"https:\\\/\\\/blogs.uef.fi\\\/cudis\\\/wp-content\\\/uploads\\\/sites\\\/191\\\/2025\\\/12\\\/CUDIS_tulokset-ja-toiminta.jpg\",\"keywords\":[\"digitalisaatio\",\"hanketulokset\",\"kansainv\u00e4listyminen\",\"ty\u00f6el\u00e4m\u00e4\",\"ty\u00f6el\u00e4m\u00e4yhteisty\u00f6\"],\"articleSection\":[\"Uncategorized @fi\"],\"inLanguage\":\"en-US\",\"potentialAction\":[{\"@type\":\"CommentAction\",\"name\":\"Comment\",\"target\":[\"https:\\\/\\\/blogs.uef.fi\\\/cudis\\\/2025\\\/12\\\/10\\\/cudis-hanke-on-paattynyt-tutustu-hankkeen-toimintaan-ja-tuloksiin\\\/?lang=fi#respond\"]}]},{\"@type\":\"WebPage\",\"@id\":\"https:\\\/\\\/blogs.uef.fi\\\/cudis\\\/2025\\\/12\\\/10\\\/cudis-hanke-on-paattynyt-tutustu-hankkeen-toimintaan-ja-tuloksiin\\\/?lang=fi\",\"url\":\"https:\\\/\\\/blogs.uef.fi\\\/cudis\\\/2025\\\/12\\\/10\\\/cudis-hanke-on-paattynyt-tutustu-hankkeen-toimintaan-ja-tuloksiin\\\/?lang=fi\",\"name\":\"CUDIS-hanke on p\u00e4\u00e4ttynyt - tutustu hankkeen toimintaan ja tuloksiin\u00a0\u00a0 - CUDIS - Cultural Knowledge and Digital Skills in Globalising Working Life\",\"isPartOf\":{\"@id\":\"https:\\\/\\\/blogs.uef.fi\\\/cudis\\\/#website\"},\"primaryImageOfPage\":{\"@id\":\"https:\\\/\\\/blogs.uef.fi\\\/cudis\\\/2025\\\/12\\\/10\\\/cudis-hanke-on-paattynyt-tutustu-hankkeen-toimintaan-ja-tuloksiin\\\/?lang=fi#primaryimage\"},\"image\":{\"@id\":\"https:\\\/\\\/blogs.uef.fi\\\/cudis\\\/2025\\\/12\\\/10\\\/cudis-hanke-on-paattynyt-tutustu-hankkeen-toimintaan-ja-tuloksiin\\\/?lang=fi#primaryimage\"},\"thumbnailUrl\":\"https:\\\/\\\/blogs.uef.fi\\\/cudis\\\/wp-content\\\/uploads\\\/sites\\\/191\\\/2025\\\/12\\\/CUDIS_tulokset-ja-toiminta.jpg\",\"datePublished\":\"2025-12-10T10:19:09+00:00\",\"dateModified\":\"2025-12-18T10:30:42+00:00\",\"author\":{\"@id\":\"https:\\\/\\\/blogs.uef.fi\\\/cudis\\\/#\\\/schema\\\/person\\\/6ee24d7c1b3818feeb346b5e34b91d33\"},\"breadcrumb\":{\"@id\":\"https:\\\/\\\/blogs.uef.fi\\\/cudis\\\/2025\\\/12\\\/10\\\/cudis-hanke-on-paattynyt-tutustu-hankkeen-toimintaan-ja-tuloksiin\\\/?lang=fi#breadcrumb\"},\"inLanguage\":\"en-US\",\"potentialAction\":[{\"@type\":\"ReadAction\",\"target\":[\"https:\\\/\\\/blogs.uef.fi\\\/cudis\\\/2025\\\/12\\\/10\\\/cudis-hanke-on-paattynyt-tutustu-hankkeen-toimintaan-ja-tuloksiin\\\/?lang=fi\"]}]},{\"@type\":\"ImageObject\",\"inLanguage\":\"en-US\",\"@id\":\"https:\\\/\\\/blogs.uef.fi\\\/cudis\\\/2025\\\/12\\\/10\\\/cudis-hanke-on-paattynyt-tutustu-hankkeen-toimintaan-ja-tuloksiin\\\/?lang=fi#primaryimage\",\"url\":\"https:\\\/\\\/blogs.uef.fi\\\/cudis\\\/wp-content\\\/uploads\\\/sites\\\/191\\\/2025\\\/12\\\/CUDIS_tulokset-ja-toiminta.jpg\",\"contentUrl\":\"https:\\\/\\\/blogs.uef.fi\\\/cudis\\\/wp-content\\\/uploads\\\/sites\\\/191\\\/2025\\\/12\\\/CUDIS_tulokset-ja-toiminta.jpg\",\"width\":2048,\"height\":1365},{\"@type\":\"BreadcrumbList\",\"@id\":\"https:\\\/\\\/blogs.uef.fi\\\/cudis\\\/2025\\\/12\\\/10\\\/cudis-hanke-on-paattynyt-tutustu-hankkeen-toimintaan-ja-tuloksiin\\\/?lang=fi#breadcrumb\",\"itemListElement\":[{\"@type\":\"ListItem\",\"position\":1,\"name\":\"Home\",\"item\":\"https:\\\/\\\/blogs.uef.fi\\\/cudis\\\/\"},{\"@type\":\"ListItem\",\"position\":2,\"name\":\"CUDIS-hanke on p\u00e4\u00e4ttynyt &#8211; tutustu hankkeen toimintaan ja tuloksiin\u00a0\u00a0\"}]},{\"@type\":\"WebSite\",\"@id\":\"https:\\\/\\\/blogs.uef.fi\\\/cudis\\\/#website\",\"url\":\"https:\\\/\\\/blogs.uef.fi\\\/cudis\\\/\",\"name\":\"CUDIS - Cultural Knowledge and Digital Skills in Globalising Working Life\",\"description\":\"\",\"potentialAction\":[{\"@type\":\"SearchAction\",\"target\":{\"@type\":\"EntryPoint\",\"urlTemplate\":\"https:\\\/\\\/blogs.uef.fi\\\/cudis\\\/?s={search_term_string}\"},\"query-input\":{\"@type\":\"PropertyValueSpecification\",\"valueRequired\":true,\"valueName\":\"search_term_string\"}}],\"inLanguage\":\"en-US\"},{\"@type\":\"Person\",\"@id\":\"https:\\\/\\\/blogs.uef.fi\\\/cudis\\\/#\\\/schema\\\/person\\\/6ee24d7c1b3818feeb346b5e34b91d33\",\"name\":\"oonja\",\"image\":{\"@type\":\"ImageObject\",\"inLanguage\":\"en-US\",\"@id\":\"https:\\\/\\\/secure.gravatar.com\\\/avatar\\\/0d4c474d98bcfde2214b7c0d97ea979bc8b9555c2311cbc5d81bc65ec051740f?s=96&d=mm&r=g\",\"url\":\"https:\\\/\\\/secure.gravatar.com\\\/avatar\\\/0d4c474d98bcfde2214b7c0d97ea979bc8b9555c2311cbc5d81bc65ec051740f?s=96&d=mm&r=g\",\"contentUrl\":\"https:\\\/\\\/secure.gravatar.com\\\/avatar\\\/0d4c474d98bcfde2214b7c0d97ea979bc8b9555c2311cbc5d81bc65ec051740f?s=96&d=mm&r=g\",\"caption\":\"oonja\"},\"url\":\"https:\\\/\\\/blogs.uef.fi\\\/cudis\\\/author\\\/oonja\\\/\"}]}<\/script>\n<!-- \/ Yoast SEO plugin. -->","yoast_head_json":{"title":"CUDIS-hanke on p\u00e4\u00e4ttynyt - tutustu hankkeen toimintaan ja tuloksiin\u00a0\u00a0 - CUDIS - Cultural Knowledge and Digital Skills in Globalising Working Life","robots":{"index":"index","follow":"follow","max-snippet":"max-snippet:-1","max-image-preview":"max-image-preview:large","max-video-preview":"max-video-preview:-1"},"canonical":"https:\/\/blogs.uef.fi\/cudis\/2025\/12\/10\/cudis-hanke-on-paattynyt-tutustu-hankkeen-toimintaan-ja-tuloksiin\/?lang=fi","og_locale":"en_US","og_type":"article","og_title":"CUDIS-hanke on p\u00e4\u00e4ttynyt - tutustu hankkeen toimintaan ja tuloksiin\u00a0\u00a0 - CUDIS - Cultural Knowledge and Digital Skills in Globalising Working Life","og_description":"CUDIS-hankkeessa (1.7.2023 &#8211; 31.12.2025) kehitettiin tulevaisuuden ty\u00f6el\u00e4m\u00e4taitoja ja vahvistettiin ty\u00f6el\u00e4m\u00e4yhteyksi\u00e4 Pohjois-Karjalassa. Hankkeen p\u00e4\u00e4asialliset kohderyhm\u00e4t olivat yritykset ja humanististen alojen ja tietojenk\u00e4sittelytieteen opiskelijat sek\u00e4 vastavalmistuneet ty\u00f6nhakijat. Hankkeen toiminta keskittyi erityisesti kansainv\u00e4lisyys- ja digitaitoihin, tulevaisuuden ennakointiin ja itsens\u00e4 ty\u00f6llist\u00e4misen valmiuksiin. Hankkeen toteutuksesta vastasivat It\u00e4-Suomen yliopiston humanistinen osasto ja tietojenk\u00e4sittelytieteen laitos. Hanketta rahoitettiin Euroopan sosiaalirahasto plus (ESR+) Uudistuva [&hellip;]","og_url":"https:\/\/blogs.uef.fi\/cudis\/2025\/12\/10\/cudis-hanke-on-paattynyt-tutustu-hankkeen-toimintaan-ja-tuloksiin\/?lang=fi","og_site_name":"CUDIS - Cultural Knowledge and Digital Skills in Globalising Working Life","article_published_time":"2025-12-10T10:19:09+00:00","article_modified_time":"2025-12-18T10:30:42+00:00","og_image":[{"width":2048,"height":1365,"url":"https:\/\/blogs.uef.fi\/cudis\/wp-content\/uploads\/sites\/191\/2025\/12\/CUDIS_tulokset-ja-toiminta.jpg","type":"image\/jpeg"}],"author":"oonja","twitter_card":"summary_large_image","twitter_misc":{"Written by":"oonja","Est. reading time":"3 minutes"},"schema":{"@context":"https:\/\/schema.org","@graph":[{"@type":"Article","@id":"https:\/\/blogs.uef.fi\/cudis\/2025\/12\/10\/cudis-hanke-on-paattynyt-tutustu-hankkeen-toimintaan-ja-tuloksiin\/?lang=fi#article","isPartOf":{"@id":"https:\/\/blogs.uef.fi\/cudis\/2025\/12\/10\/cudis-hanke-on-paattynyt-tutustu-hankkeen-toimintaan-ja-tuloksiin\/?lang=fi"},"author":{"name":"oonja","@id":"https:\/\/blogs.uef.fi\/cudis\/#\/schema\/person\/6ee24d7c1b3818feeb346b5e34b91d33"},"headline":"CUDIS-hanke on p\u00e4\u00e4ttynyt &#8211; tutustu hankkeen toimintaan ja tuloksiin\u00a0\u00a0","datePublished":"2025-12-10T10:19:09+00:00","dateModified":"2025-12-18T10:30:42+00:00","mainEntityOfPage":{"@id":"https:\/\/blogs.uef.fi\/cudis\/2025\/12\/10\/cudis-hanke-on-paattynyt-tutustu-hankkeen-toimintaan-ja-tuloksiin\/?lang=fi"},"wordCount":570,"commentCount":0,"image":{"@id":"https:\/\/blogs.uef.fi\/cudis\/2025\/12\/10\/cudis-hanke-on-paattynyt-tutustu-hankkeen-toimintaan-ja-tuloksiin\/?lang=fi#primaryimage"},"thumbnailUrl":"https:\/\/blogs.uef.fi\/cudis\/wp-content\/uploads\/sites\/191\/2025\/12\/CUDIS_tulokset-ja-toiminta.jpg","keywords":["digitalisaatio","hanketulokset","kansainv\u00e4listyminen","ty\u00f6el\u00e4m\u00e4","ty\u00f6el\u00e4m\u00e4yhteisty\u00f6"],"articleSection":["Uncategorized @fi"],"inLanguage":"en-US","potentialAction":[{"@type":"CommentAction","name":"Comment","target":["https:\/\/blogs.uef.fi\/cudis\/2025\/12\/10\/cudis-hanke-on-paattynyt-tutustu-hankkeen-toimintaan-ja-tuloksiin\/?lang=fi#respond"]}]},{"@type":"WebPage","@id":"https:\/\/blogs.uef.fi\/cudis\/2025\/12\/10\/cudis-hanke-on-paattynyt-tutustu-hankkeen-toimintaan-ja-tuloksiin\/?lang=fi","url":"https:\/\/blogs.uef.fi\/cudis\/2025\/12\/10\/cudis-hanke-on-paattynyt-tutustu-hankkeen-toimintaan-ja-tuloksiin\/?lang=fi","name":"CUDIS-hanke on p\u00e4\u00e4ttynyt - tutustu hankkeen toimintaan ja tuloksiin\u00a0\u00a0 - CUDIS - Cultural Knowledge and Digital Skills in Globalising Working Life","isPartOf":{"@id":"https:\/\/blogs.uef.fi\/cudis\/#website"},"primaryImageOfPage":{"@id":"https:\/\/blogs.uef.fi\/cudis\/2025\/12\/10\/cudis-hanke-on-paattynyt-tutustu-hankkeen-toimintaan-ja-tuloksiin\/?lang=fi#primaryimage"},"image":{"@id":"https:\/\/blogs.uef.fi\/cudis\/2025\/12\/10\/cudis-hanke-on-paattynyt-tutustu-hankkeen-toimintaan-ja-tuloksiin\/?lang=fi#primaryimage"},"thumbnailUrl":"https:\/\/blogs.uef.fi\/cudis\/wp-content\/uploads\/sites\/191\/2025\/12\/CUDIS_tulokset-ja-toiminta.jpg","datePublished":"2025-12-10T10:19:09+00:00","dateModified":"2025-12-18T10:30:42+00:00","author":{"@id":"https:\/\/blogs.uef.fi\/cudis\/#\/schema\/person\/6ee24d7c1b3818feeb346b5e34b91d33"},"breadcrumb":{"@id":"https:\/\/blogs.uef.fi\/cudis\/2025\/12\/10\/cudis-hanke-on-paattynyt-tutustu-hankkeen-toimintaan-ja-tuloksiin\/?lang=fi#breadcrumb"},"inLanguage":"en-US","potentialAction":[{"@type":"ReadAction","target":["https:\/\/blogs.uef.fi\/cudis\/2025\/12\/10\/cudis-hanke-on-paattynyt-tutustu-hankkeen-toimintaan-ja-tuloksiin\/?lang=fi"]}]},{"@type":"ImageObject","inLanguage":"en-US","@id":"https:\/\/blogs.uef.fi\/cudis\/2025\/12\/10\/cudis-hanke-on-paattynyt-tutustu-hankkeen-toimintaan-ja-tuloksiin\/?lang=fi#primaryimage","url":"https:\/\/blogs.uef.fi\/cudis\/wp-content\/uploads\/sites\/191\/2025\/12\/CUDIS_tulokset-ja-toiminta.jpg","contentUrl":"https:\/\/blogs.uef.fi\/cudis\/wp-content\/uploads\/sites\/191\/2025\/12\/CUDIS_tulokset-ja-toiminta.jpg","width":2048,"height":1365},{"@type":"BreadcrumbList","@id":"https:\/\/blogs.uef.fi\/cudis\/2025\/12\/10\/cudis-hanke-on-paattynyt-tutustu-hankkeen-toimintaan-ja-tuloksiin\/?lang=fi#breadcrumb","itemListElement":[{"@type":"ListItem","position":1,"name":"Home","item":"https:\/\/blogs.uef.fi\/cudis\/"},{"@type":"ListItem","position":2,"name":"CUDIS-hanke on p\u00e4\u00e4ttynyt &#8211; tutustu hankkeen toimintaan ja tuloksiin\u00a0\u00a0"}]},{"@type":"WebSite","@id":"https:\/\/blogs.uef.fi\/cudis\/#website","url":"https:\/\/blogs.uef.fi\/cudis\/","name":"CUDIS - Cultural Knowledge and Digital Skills in Globalising Working Life","description":"","potentialAction":[{"@type":"SearchAction","target":{"@type":"EntryPoint","urlTemplate":"https:\/\/blogs.uef.fi\/cudis\/?s={search_term_string}"},"query-input":{"@type":"PropertyValueSpecification","valueRequired":true,"valueName":"search_term_string"}}],"inLanguage":"en-US"},{"@type":"Person","@id":"https:\/\/blogs.uef.fi\/cudis\/#\/schema\/person\/6ee24d7c1b3818feeb346b5e34b91d33","name":"oonja","image":{"@type":"ImageObject","inLanguage":"en-US","@id":"https:\/\/secure.gravatar.com\/avatar\/0d4c474d98bcfde2214b7c0d97ea979bc8b9555c2311cbc5d81bc65ec051740f?s=96&d=mm&r=g","url":"https:\/\/secure.gravatar.com\/avatar\/0d4c474d98bcfde2214b7c0d97ea979bc8b9555c2311cbc5d81bc65ec051740f?s=96&d=mm&r=g","contentUrl":"https:\/\/secure.gravatar.com\/avatar\/0d4c474d98bcfde2214b7c0d97ea979bc8b9555c2311cbc5d81bc65ec051740f?s=96&d=mm&r=g","caption":"oonja"},"url":"https:\/\/blogs.uef.fi\/cudis\/author\/oonja\/"}]}},"_links":{"self":[{"href":"https:\/\/blogs.uef.fi\/cudis\/wp-json\/wp\/v2\/posts\/5304","targetHints":{"allow":["GET"]}}],"collection":[{"href":"https:\/\/blogs.uef.fi\/cudis\/wp-json\/wp\/v2\/posts"}],"about":[{"href":"https:\/\/blogs.uef.fi\/cudis\/wp-json\/wp\/v2\/types\/post"}],"author":[{"embeddable":true,"href":"https:\/\/blogs.uef.fi\/cudis\/wp-json\/wp\/v2\/users\/619"}],"replies":[{"embeddable":true,"href":"https:\/\/blogs.uef.fi\/cudis\/wp-json\/wp\/v2\/comments?post=5304"}],"version-history":[{"count":2,"href":"https:\/\/blogs.uef.fi\/cudis\/wp-json\/wp\/v2\/posts\/5304\/revisions"}],"predecessor-version":[{"id":5373,"href":"https:\/\/blogs.uef.fi\/cudis\/wp-json\/wp\/v2\/posts\/5304\/revisions\/5373"}],"wp:featuredmedia":[{"embeddable":true,"href":"https:\/\/blogs.uef.fi\/cudis\/wp-json\/wp\/v2\/media\/5307"}],"wp:attachment":[{"href":"https:\/\/blogs.uef.fi\/cudis\/wp-json\/wp\/v2\/media?parent=5304"}],"wp:term":[{"taxonomy":"category","embeddable":true,"href":"https:\/\/blogs.uef.fi\/cudis\/wp-json\/wp\/v2\/categories?post=5304"},{"taxonomy":"post_tag","embeddable":true,"href":"https:\/\/blogs.uef.fi\/cudis\/wp-json\/wp\/v2\/tags?post=5304"}],"curies":[{"name":"wp","href":"https:\/\/api.w.org\/{rel}","templated":true}]}}