{"id":5231,"date":"2025-11-27T11:44:56","date_gmt":"2025-11-27T08:44:56","guid":{"rendered":"https:\/\/blogs.uef.fi\/cudis\/?p=5231"},"modified":"2025-11-27T11:44:58","modified_gmt":"2025-11-27T08:44:58","slug":"tutustu-ita-suomen-yliopiston-tutkimuslaboratorioihin","status":"publish","type":"post","link":"https:\/\/blogs.uef.fi\/cudis\/2025\/11\/27\/tutustu-ita-suomen-yliopiston-tutkimuslaboratorioihin\/?lang=fi","title":{"rendered":"Tutustu It\u00e4-Suomen yliopiston tutkimuslaboratorioihin"},"content":{"rendered":"\n<p>It\u00e4-Suomen yliopiston korkeatasoisissa laboratorioissa tehd\u00e4\u00e4n sek\u00e4 perustutkimusta ett\u00e4 kehitt\u00e4mishankkeita yhteisty\u00f6ss\u00e4 yritysten ja organisaatioiden kanssa.<\/p>\n\n\n\n<p>CUDIS-hanke j\u00e4rjesti kaksi laboratoriokierrosta yrityksille ja opiskelijoille vuonna 2025. Vierailuilla kuultiin, miten uudet teknologiat ja tutkimus voivat hy\u00f6dytt\u00e4\u00e4 organisaatiota ja millaisia yhteisty\u00f6mahdollisuuksia on tarjolla. Vierailuilla perehdyttiin laboratorioiden laitteistoihin ja kokeiltiin niit\u00e4 k\u00e4yt\u00e4nn\u00f6ss\u00e4. Vierailimme kuudessa laboratoriossa:<\/p>\n\n\n\n<h2 class=\"wp-block-heading\"><strong>Joensuun kampus<\/strong><\/h2>\n\n\n\n<p class=\"has-text-align-left\"><a href=\"https:\/\/sites.uef.fi\/logoverkosto\/logolab\/\">LogoLab<\/a> on puheentutkimuksen laboratorio, jossa tutkitaan monitieteisesti puheen tuottamista ja prosessointia. LogoLab on osa yhteisty\u00f6verkostoa, jonka toimintaan kuuluu esimerkiksi tuote- ja sovelluskehitysyhteisty\u00f6 sek\u00e4 laitevuokraus. Laboratorion laitteistoon kuuluu muun muassa silm\u00e4nliikekameroita, aivos\u00e4hk\u00f6k\u00e4yr\u00e4n (EEG) mittauslaitteita, suusimulaattoreita ja \u00e4\u00e4nityslaitteistoa. Yhteyshenkil\u00f6: erikoislaboratorioteknikko Petri Pulli, petri.pulli(at)uef.fi.<\/p>\n\n\n\n<figure class=\"wp-block-image aligncenter size-large\"><img loading=\"lazy\" decoding=\"async\" width=\"1024\" height=\"768\" src=\"https:\/\/blogs.uef.fi\/cudis\/wp-content\/uploads\/sites\/191\/2025\/11\/CUDIS_scanning-workshop_LogoLab-1024x768.jpg\" alt=\"\" class=\"wp-image-5242\" srcset=\"https:\/\/blogs.uef.fi\/cudis\/wp-content\/uploads\/sites\/191\/2025\/11\/CUDIS_scanning-workshop_LogoLab-1024x768.jpg 1024w, https:\/\/blogs.uef.fi\/cudis\/wp-content\/uploads\/sites\/191\/2025\/11\/CUDIS_scanning-workshop_LogoLab-300x225.jpg 300w, https:\/\/blogs.uef.fi\/cudis\/wp-content\/uploads\/sites\/191\/2025\/11\/CUDIS_scanning-workshop_LogoLab-768x576.jpg 768w, https:\/\/blogs.uef.fi\/cudis\/wp-content\/uploads\/sites\/191\/2025\/11\/CUDIS_scanning-workshop_LogoLab-1536x1152.jpg 1536w, https:\/\/blogs.uef.fi\/cudis\/wp-content\/uploads\/sites\/191\/2025\/11\/CUDIS_scanning-workshop_LogoLab-2048x1536.jpg 2048w\" sizes=\"auto, (max-width: 1024px) 100vw, 1024px\" \/><figcaption class=\"wp-element-caption\">LogoLab -tutkimusymp\u00e4rist\u00f6<\/figcaption><\/figure>\n\n\n\n<p><a href=\"https:\/\/uefconnect.uef.fi\/senselab\/\">SenseLab<\/a> on moniaistillinen tutkimustila. Laboratoriossa tutkitaan eri menetelmin tuoksujen, \u00e4\u00e4nten ja valaistuksen vaikutuksia kuluttajien k\u00e4ytt\u00e4ytymisess\u00e4. Laboratoriossa on k\u00e4yt\u00f6ss\u00e4 mm. XR- ja VR-teknologiaa ja audiovisuaalisen tallentamisen teknologioita. Yhteyshenkil\u00f6: apulaisprofessori Heli Hallikainen, heli.hallikainen(at)uef.fi.<\/p>\n\n\n\n<figure class=\"wp-block-image aligncenter size-large\"><img loading=\"lazy\" decoding=\"async\" width=\"1024\" height=\"768\" src=\"https:\/\/blogs.uef.fi\/cudis\/wp-content\/uploads\/sites\/191\/2025\/11\/CUDIS_SenseLab_4.9.2025-1024x768.jpg\" alt=\"Large screen displaying an image of a store\" class=\"wp-image-5239\" srcset=\"https:\/\/blogs.uef.fi\/cudis\/wp-content\/uploads\/sites\/191\/2025\/11\/CUDIS_SenseLab_4.9.2025-1024x768.jpg 1024w, https:\/\/blogs.uef.fi\/cudis\/wp-content\/uploads\/sites\/191\/2025\/11\/CUDIS_SenseLab_4.9.2025-300x225.jpg 300w, https:\/\/blogs.uef.fi\/cudis\/wp-content\/uploads\/sites\/191\/2025\/11\/CUDIS_SenseLab_4.9.2025-768x576.jpg 768w, https:\/\/blogs.uef.fi\/cudis\/wp-content\/uploads\/sites\/191\/2025\/11\/CUDIS_SenseLab_4.9.2025-1536x1152.jpg 1536w, https:\/\/blogs.uef.fi\/cudis\/wp-content\/uploads\/sites\/191\/2025\/11\/CUDIS_SenseLab_4.9.2025-2048x1536.jpg 2048w\" sizes=\"auto, (max-width: 1024px) 100vw, 1024px\" \/><figcaption class=\"wp-element-caption\">SenseLabin suurta n\u00e4ytt\u00f6\u00e4 voidaan hy\u00f6dynt\u00e4\u00e4 tilan muuntamisessa esimerkiksi kaupaksi. <\/figcaption><\/figure>\n\n\n\n<p><a href=\"https:\/\/sites.uef.fi\/sm4rtloc\/\">Sm4rt LOC<\/a> on ainutlaatuinen pakohuonetyylinen oppimisen havainnoinnin tila. Sit\u00e4 voi muunnella sopivaksi erilaisiin k\u00e4ytt\u00f6tarkoituksiin, kuten opetukseen, tutkimukseen, ongelmanratkaisuun ja tiimity\u00f6skentelyyn. Tilassa on rekvisiittaa, tieto- ja viestint\u00e4teknisi\u00e4 laitteita. Ne soveltuvat esimerkiksi podcastien tallennukseen, simulaatiotilanteisiin (esim. asiakaspalvelu) ja ryhm\u00e4- ja yksil\u00f6haastattelujen tekemiseen. Yhteyshenkil\u00f6: projektitutkija Iiris Kangasniemi, iiris.kangasniemi(at)uef.fi.<\/p>\n\n\n\n<p><a href=\"https:\/\/sites.uef.fi\/yritystaoppimisymparistoihin\/yhteistyossa\/hankkeet\/studio-360\/\">Studio 360<\/a> on \u00e4\u00e4nimaisemastudio, jossa voidaan tuottaa, testata ja tutkia digitaalisia oppimateriaaleja ja sis\u00e4lt\u00f6j\u00e4 virtuaalitodellisuuden ja 360-\u00e4\u00e4niratkaisujen avulla. Studion laitteistoon kuuluu laadukkaita kaiuttimia, mikrofoneja, tietokoneita ja mikseri. Studio soveltuu esimerkiksi musiikin, podcastien ja videohaastattelujen tekoon. Yhteyshenkil\u00f6: kehitt\u00e4misjohtaja Kari Korhonen, kari.korhonen(at)uef.fi.<\/p>\n\n\n\n<p><strong>XR LAB<\/strong> on erikoistunut virtuaalitodellisuuden sovelluksien ja erilaisten digitaalisten visualisointien tuottamiseen. Laboratorio on varustettu virtuaalitodellisuuden ja lis\u00e4tyn todellisuuden laitteistoilla sek\u00e4 3D-skannaukseen liittyvill\u00e4 kameraj\u00e4rjestelmill\u00e4. Teknologioita, kuten kolmiulotteisten objektien ja ymp\u00e4rist\u00f6jen skannausmenetelmi\u00e4, voidaan hy\u00f6dynt\u00e4\u00e4 esimerkiksi uudenlaisten oppimateriaalien tuottamisessa. Yhteyshenkil\u00f6: koordinaattori Veikko Miettinen, veikko.miettinen(at)uef.fi.<\/p>\n\n\n\n<figure class=\"wp-block-image aligncenter size-large\"><img loading=\"lazy\" decoding=\"async\" width=\"1024\" height=\"683\" src=\"https:\/\/blogs.uef.fi\/cudis\/wp-content\/uploads\/sites\/191\/2025\/11\/CUDIS_XRLAB_VR-glasses-1024x683.jpg\" alt=\"\" class=\"wp-image-5251\" srcset=\"https:\/\/blogs.uef.fi\/cudis\/wp-content\/uploads\/sites\/191\/2025\/11\/CUDIS_XRLAB_VR-glasses-1024x683.jpg 1024w, https:\/\/blogs.uef.fi\/cudis\/wp-content\/uploads\/sites\/191\/2025\/11\/CUDIS_XRLAB_VR-glasses-300x200.jpg 300w, https:\/\/blogs.uef.fi\/cudis\/wp-content\/uploads\/sites\/191\/2025\/11\/CUDIS_XRLAB_VR-glasses-768x512.jpg 768w, https:\/\/blogs.uef.fi\/cudis\/wp-content\/uploads\/sites\/191\/2025\/11\/CUDIS_XRLAB_VR-glasses-1536x1024.jpg 1536w, https:\/\/blogs.uef.fi\/cudis\/wp-content\/uploads\/sites\/191\/2025\/11\/CUDIS_XRLAB_VR-glasses.jpg 2048w\" sizes=\"auto, (max-width: 1024px) 100vw, 1024px\" \/><figcaption class=\"wp-element-caption\">XRLABin laitteistoa.<\/figcaption><\/figure>\n\n\n\n<h2 class=\"wp-block-heading\"><strong>Kuopion kampus<\/strong><\/h2>\n\n\n\n<p><a href=\"https:\/\/sites.uef.fi\/humea\/\">HUMEA<\/a> on monitieteinen tutkimusymp\u00e4rist\u00f6, jossa tutkitaan ja kehitet\u00e4\u00e4n ihmisen fysiologisten, psykologisten ja k\u00e4ytt\u00e4ytymiseen liittyvien ilmi\u00f6iden mittausmenetelmi\u00e4. Laboratoriossa k\u00e4ytet\u00e4\u00e4n mm. silm\u00e4nliiketunnistusta, biosignaalien mittausta ja virtuaalitodellisuutta ihmisen ja teknologian vuorovaikutuksen tutkimukseen.&nbsp; Yhteyshenkil\u00f6: professori Pasi Karjalainen, pasi.karjalainen(at)uef.fi.<\/p>\n\n\n\n<figure class=\"wp-block-image aligncenter size-large is-style-default\"><img loading=\"lazy\" decoding=\"async\" width=\"1024\" height=\"683\" src=\"https:\/\/blogs.uef.fi\/cudis\/wp-content\/uploads\/sites\/191\/2025\/06\/CUDIS-at-HUMEA-laboratory-1024x683.png\" alt=\"\" class=\"wp-image-4937\" srcset=\"https:\/\/blogs.uef.fi\/cudis\/wp-content\/uploads\/sites\/191\/2025\/06\/CUDIS-at-HUMEA-laboratory-1024x683.png 1024w, https:\/\/blogs.uef.fi\/cudis\/wp-content\/uploads\/sites\/191\/2025\/06\/CUDIS-at-HUMEA-laboratory-300x200.png 300w, https:\/\/blogs.uef.fi\/cudis\/wp-content\/uploads\/sites\/191\/2025\/06\/CUDIS-at-HUMEA-laboratory-768x512.png 768w, https:\/\/blogs.uef.fi\/cudis\/wp-content\/uploads\/sites\/191\/2025\/06\/CUDIS-at-HUMEA-laboratory-1536x1024.png 1536w, https:\/\/blogs.uef.fi\/cudis\/wp-content\/uploads\/sites\/191\/2025\/06\/CUDIS-at-HUMEA-laboratory.png 2048w\" sizes=\"auto, (max-width: 1024px) 100vw, 1024px\" \/><figcaption class=\"wp-element-caption\">CUDIS-hanke vierailulla HUMEA-laboratoriossa. <\/figcaption><\/figure>\n\n\n\n<p><a href=\"https:\/\/sites.uef.fi\/star\/smartsleeplab\/\">SmartSleep Lab<\/a> on unen ja terveysteknologian tutkimuslaboratorio, jossa kehitet\u00e4\u00e4n ja testataan uusia mittausmenetelmi\u00e4 unen laadun, fysiologisten signaalien ja vireystilan arviointiin. Laboratoriossa on k\u00e4yt\u00f6ss\u00e4 mm. unen ja muiden fysiologisten signaalien seurantalaitteet sek\u00e4 silm\u00e4nliiketunnistus.&nbsp;Yhteyshenkil\u00f6: apulaisprofessori Samu Kainulainen, samu.kainulainen(at)uef.fi.<\/p>\n\n\n\n<figure class=\"wp-block-image aligncenter size-large\"><img loading=\"lazy\" decoding=\"async\" width=\"1024\" height=\"683\" src=\"https:\/\/blogs.uef.fi\/cudis\/wp-content\/uploads\/sites\/191\/2025\/06\/CUDIS-ESF-at-SmartSleep-Lab-1024x683.png\" alt=\"\" class=\"wp-image-4940\" srcset=\"https:\/\/blogs.uef.fi\/cudis\/wp-content\/uploads\/sites\/191\/2025\/06\/CUDIS-ESF-at-SmartSleep-Lab-1024x683.png 1024w, https:\/\/blogs.uef.fi\/cudis\/wp-content\/uploads\/sites\/191\/2025\/06\/CUDIS-ESF-at-SmartSleep-Lab-300x200.png 300w, https:\/\/blogs.uef.fi\/cudis\/wp-content\/uploads\/sites\/191\/2025\/06\/CUDIS-ESF-at-SmartSleep-Lab-768x512.png 768w, https:\/\/blogs.uef.fi\/cudis\/wp-content\/uploads\/sites\/191\/2025\/06\/CUDIS-ESF-at-SmartSleep-Lab-1536x1024.png 1536w, https:\/\/blogs.uef.fi\/cudis\/wp-content\/uploads\/sites\/191\/2025\/06\/CUDIS-ESF-at-SmartSleep-Lab.png 2048w\" sizes=\"auto, (max-width: 1024px) 100vw, 1024px\" \/><figcaption class=\"wp-element-caption\">CUDIS-hanke vierailulla SmartSleep Labissa. <\/figcaption><\/figure>\n\n\n\n<p>Koonnut: projektip\u00e4\u00e4llikk\u00f6 Anna Logr\u00e9n.<\/p>\n","protected":false},"excerpt":{"rendered":"<p>It\u00e4-Suomen yliopiston korkeatasoisissa laboratorioissa tehd\u00e4\u00e4n sek\u00e4 perustutkimusta ett\u00e4 kehitt\u00e4mishankkeita yhteisty\u00f6ss\u00e4 yritysten ja organisaatioiden kanssa. CUDIS-hanke j\u00e4rjesti kaksi laboratoriokierrosta yrityksille ja opiskelijoille vuonna 2025. Vierailuilla kuultiin, miten uudet teknologiat ja tutkimus voivat hy\u00f6dytt\u00e4\u00e4 organisaatiota ja millaisia yhteisty\u00f6mahdollisuuksia on tarjolla. Vierailuilla perehdyttiin laboratorioiden laitteistoihin ja kokeiltiin niit\u00e4 k\u00e4yt\u00e4nn\u00f6ss\u00e4. Vierailimme kuudessa laboratoriossa: Joensuun kampus LogoLab on puheentutkimuksen laboratorio, [&hellip;]<\/p>\n","protected":false},"author":619,"featured_media":5232,"comment_status":"open","ping_status":"open","sticky":false,"template":"","format":"standard","meta":{"_acf_changed":false,"footnotes":""},"categories":[16],"tags":[],"class_list":["post-5231","post","type-post","status-publish","format-standard","has-post-thumbnail","hentry","category-uncategorized-fi"],"acf":[],"yoast_head":"<!-- This site is optimized with the Yoast SEO plugin v27.3 - https:\/\/yoast.com\/product\/yoast-seo-wordpress\/ -->\n<title>Tutustu It\u00e4-Suomen yliopiston tutkimuslaboratorioihin - CUDIS - Cultural Knowledge and Digital Skills in Globalising Working Life<\/title>\n<meta name=\"robots\" content=\"index, follow, max-snippet:-1, max-image-preview:large, max-video-preview:-1\" \/>\n<link rel=\"canonical\" href=\"https:\/\/blogs.uef.fi\/cudis\/2025\/11\/27\/tutustu-ita-suomen-yliopiston-tutkimuslaboratorioihin\/?lang=fi\" \/>\n<meta property=\"og:locale\" content=\"en_US\" \/>\n<meta property=\"og:type\" content=\"article\" \/>\n<meta property=\"og:title\" content=\"Tutustu It\u00e4-Suomen yliopiston tutkimuslaboratorioihin - CUDIS - Cultural Knowledge and Digital Skills in Globalising Working Life\" \/>\n<meta property=\"og:description\" content=\"It\u00e4-Suomen yliopiston korkeatasoisissa laboratorioissa tehd\u00e4\u00e4n sek\u00e4 perustutkimusta ett\u00e4 kehitt\u00e4mishankkeita yhteisty\u00f6ss\u00e4 yritysten ja organisaatioiden kanssa. CUDIS-hanke j\u00e4rjesti kaksi laboratoriokierrosta yrityksille ja opiskelijoille vuonna 2025. Vierailuilla kuultiin, miten uudet teknologiat ja tutkimus voivat hy\u00f6dytt\u00e4\u00e4 organisaatiota ja millaisia yhteisty\u00f6mahdollisuuksia on tarjolla. Vierailuilla perehdyttiin laboratorioiden laitteistoihin ja kokeiltiin niit\u00e4 k\u00e4yt\u00e4nn\u00f6ss\u00e4. Vierailimme kuudessa laboratoriossa: Joensuun kampus LogoLab on puheentutkimuksen laboratorio, [&hellip;]\" \/>\n<meta property=\"og:url\" content=\"https:\/\/blogs.uef.fi\/cudis\/2025\/11\/27\/tutustu-ita-suomen-yliopiston-tutkimuslaboratorioihin\/?lang=fi\" \/>\n<meta property=\"og:site_name\" content=\"CUDIS - Cultural Knowledge and Digital Skills in Globalising Working Life\" \/>\n<meta property=\"article:published_time\" content=\"2025-11-27T08:44:56+00:00\" \/>\n<meta property=\"article:modified_time\" content=\"2025-11-27T08:44:58+00:00\" \/>\n<meta property=\"og:image\" content=\"https:\/\/blogs.uef.fi\/cudis\/wp-content\/uploads\/sites\/191\/2025\/11\/CUDIS_laboratoriovierailut_2025.jpg\" \/>\n\t<meta property=\"og:image:width\" content=\"2048\" \/>\n\t<meta property=\"og:image:height\" content=\"1365\" \/>\n\t<meta property=\"og:image:type\" content=\"image\/jpeg\" \/>\n<meta name=\"author\" content=\"oonja\" \/>\n<meta name=\"twitter:card\" content=\"summary_large_image\" \/>\n<meta name=\"twitter:label1\" content=\"Written by\" \/>\n\t<meta name=\"twitter:data1\" content=\"oonja\" \/>\n\t<meta name=\"twitter:label2\" content=\"Est. reading time\" \/>\n\t<meta name=\"twitter:data2\" content=\"3 minutes\" \/>\n<script type=\"application\/ld+json\" class=\"yoast-schema-graph\">{\"@context\":\"https:\\\/\\\/schema.org\",\"@graph\":[{\"@type\":\"Article\",\"@id\":\"https:\\\/\\\/blogs.uef.fi\\\/cudis\\\/2025\\\/11\\\/27\\\/tutustu-ita-suomen-yliopiston-tutkimuslaboratorioihin\\\/?lang=fi#article\",\"isPartOf\":{\"@id\":\"https:\\\/\\\/blogs.uef.fi\\\/cudis\\\/2025\\\/11\\\/27\\\/tutustu-ita-suomen-yliopiston-tutkimuslaboratorioihin\\\/?lang=fi\"},\"author\":{\"name\":\"oonja\",\"@id\":\"https:\\\/\\\/blogs.uef.fi\\\/cudis\\\/#\\\/schema\\\/person\\\/6ee24d7c1b3818feeb346b5e34b91d33\"},\"headline\":\"Tutustu It\u00e4-Suomen yliopiston tutkimuslaboratorioihin\",\"datePublished\":\"2025-11-27T08:44:56+00:00\",\"dateModified\":\"2025-11-27T08:44:58+00:00\",\"mainEntityOfPage\":{\"@id\":\"https:\\\/\\\/blogs.uef.fi\\\/cudis\\\/2025\\\/11\\\/27\\\/tutustu-ita-suomen-yliopiston-tutkimuslaboratorioihin\\\/?lang=fi\"},\"wordCount\":432,\"commentCount\":0,\"image\":{\"@id\":\"https:\\\/\\\/blogs.uef.fi\\\/cudis\\\/2025\\\/11\\\/27\\\/tutustu-ita-suomen-yliopiston-tutkimuslaboratorioihin\\\/?lang=fi#primaryimage\"},\"thumbnailUrl\":\"https:\\\/\\\/blogs.uef.fi\\\/cudis\\\/wp-content\\\/uploads\\\/sites\\\/191\\\/2025\\\/11\\\/CUDIS_laboratoriovierailut_2025.jpg\",\"articleSection\":[\"Uncategorized @fi\"],\"inLanguage\":\"en-US\",\"potentialAction\":[{\"@type\":\"CommentAction\",\"name\":\"Comment\",\"target\":[\"https:\\\/\\\/blogs.uef.fi\\\/cudis\\\/2025\\\/11\\\/27\\\/tutustu-ita-suomen-yliopiston-tutkimuslaboratorioihin\\\/?lang=fi#respond\"]}]},{\"@type\":\"WebPage\",\"@id\":\"https:\\\/\\\/blogs.uef.fi\\\/cudis\\\/2025\\\/11\\\/27\\\/tutustu-ita-suomen-yliopiston-tutkimuslaboratorioihin\\\/?lang=fi\",\"url\":\"https:\\\/\\\/blogs.uef.fi\\\/cudis\\\/2025\\\/11\\\/27\\\/tutustu-ita-suomen-yliopiston-tutkimuslaboratorioihin\\\/?lang=fi\",\"name\":\"Tutustu It\u00e4-Suomen yliopiston tutkimuslaboratorioihin - CUDIS - Cultural Knowledge and Digital Skills in Globalising Working Life\",\"isPartOf\":{\"@id\":\"https:\\\/\\\/blogs.uef.fi\\\/cudis\\\/#website\"},\"primaryImageOfPage\":{\"@id\":\"https:\\\/\\\/blogs.uef.fi\\\/cudis\\\/2025\\\/11\\\/27\\\/tutustu-ita-suomen-yliopiston-tutkimuslaboratorioihin\\\/?lang=fi#primaryimage\"},\"image\":{\"@id\":\"https:\\\/\\\/blogs.uef.fi\\\/cudis\\\/2025\\\/11\\\/27\\\/tutustu-ita-suomen-yliopiston-tutkimuslaboratorioihin\\\/?lang=fi#primaryimage\"},\"thumbnailUrl\":\"https:\\\/\\\/blogs.uef.fi\\\/cudis\\\/wp-content\\\/uploads\\\/sites\\\/191\\\/2025\\\/11\\\/CUDIS_laboratoriovierailut_2025.jpg\",\"datePublished\":\"2025-11-27T08:44:56+00:00\",\"dateModified\":\"2025-11-27T08:44:58+00:00\",\"author\":{\"@id\":\"https:\\\/\\\/blogs.uef.fi\\\/cudis\\\/#\\\/schema\\\/person\\\/6ee24d7c1b3818feeb346b5e34b91d33\"},\"breadcrumb\":{\"@id\":\"https:\\\/\\\/blogs.uef.fi\\\/cudis\\\/2025\\\/11\\\/27\\\/tutustu-ita-suomen-yliopiston-tutkimuslaboratorioihin\\\/?lang=fi#breadcrumb\"},\"inLanguage\":\"en-US\",\"potentialAction\":[{\"@type\":\"ReadAction\",\"target\":[\"https:\\\/\\\/blogs.uef.fi\\\/cudis\\\/2025\\\/11\\\/27\\\/tutustu-ita-suomen-yliopiston-tutkimuslaboratorioihin\\\/?lang=fi\"]}]},{\"@type\":\"ImageObject\",\"inLanguage\":\"en-US\",\"@id\":\"https:\\\/\\\/blogs.uef.fi\\\/cudis\\\/2025\\\/11\\\/27\\\/tutustu-ita-suomen-yliopiston-tutkimuslaboratorioihin\\\/?lang=fi#primaryimage\",\"url\":\"https:\\\/\\\/blogs.uef.fi\\\/cudis\\\/wp-content\\\/uploads\\\/sites\\\/191\\\/2025\\\/11\\\/CUDIS_laboratoriovierailut_2025.jpg\",\"contentUrl\":\"https:\\\/\\\/blogs.uef.fi\\\/cudis\\\/wp-content\\\/uploads\\\/sites\\\/191\\\/2025\\\/11\\\/CUDIS_laboratoriovierailut_2025.jpg\",\"width\":2048,\"height\":1365},{\"@type\":\"BreadcrumbList\",\"@id\":\"https:\\\/\\\/blogs.uef.fi\\\/cudis\\\/2025\\\/11\\\/27\\\/tutustu-ita-suomen-yliopiston-tutkimuslaboratorioihin\\\/?lang=fi#breadcrumb\",\"itemListElement\":[{\"@type\":\"ListItem\",\"position\":1,\"name\":\"Home\",\"item\":\"https:\\\/\\\/blogs.uef.fi\\\/cudis\\\/\"},{\"@type\":\"ListItem\",\"position\":2,\"name\":\"Tutustu It\u00e4-Suomen yliopiston tutkimuslaboratorioihin\"}]},{\"@type\":\"WebSite\",\"@id\":\"https:\\\/\\\/blogs.uef.fi\\\/cudis\\\/#website\",\"url\":\"https:\\\/\\\/blogs.uef.fi\\\/cudis\\\/\",\"name\":\"CUDIS - Cultural Knowledge and Digital Skills in Globalising Working Life\",\"description\":\"\",\"potentialAction\":[{\"@type\":\"SearchAction\",\"target\":{\"@type\":\"EntryPoint\",\"urlTemplate\":\"https:\\\/\\\/blogs.uef.fi\\\/cudis\\\/?s={search_term_string}\"},\"query-input\":{\"@type\":\"PropertyValueSpecification\",\"valueRequired\":true,\"valueName\":\"search_term_string\"}}],\"inLanguage\":\"en-US\"},{\"@type\":\"Person\",\"@id\":\"https:\\\/\\\/blogs.uef.fi\\\/cudis\\\/#\\\/schema\\\/person\\\/6ee24d7c1b3818feeb346b5e34b91d33\",\"name\":\"oonja\",\"image\":{\"@type\":\"ImageObject\",\"inLanguage\":\"en-US\",\"@id\":\"https:\\\/\\\/secure.gravatar.com\\\/avatar\\\/0d4c474d98bcfde2214b7c0d97ea979bc8b9555c2311cbc5d81bc65ec051740f?s=96&d=mm&r=g\",\"url\":\"https:\\\/\\\/secure.gravatar.com\\\/avatar\\\/0d4c474d98bcfde2214b7c0d97ea979bc8b9555c2311cbc5d81bc65ec051740f?s=96&d=mm&r=g\",\"contentUrl\":\"https:\\\/\\\/secure.gravatar.com\\\/avatar\\\/0d4c474d98bcfde2214b7c0d97ea979bc8b9555c2311cbc5d81bc65ec051740f?s=96&d=mm&r=g\",\"caption\":\"oonja\"},\"url\":\"https:\\\/\\\/blogs.uef.fi\\\/cudis\\\/author\\\/oonja\\\/\"}]}<\/script>\n<!-- \/ Yoast SEO plugin. -->","yoast_head_json":{"title":"Tutustu It\u00e4-Suomen yliopiston tutkimuslaboratorioihin - CUDIS - Cultural Knowledge and Digital Skills in Globalising Working Life","robots":{"index":"index","follow":"follow","max-snippet":"max-snippet:-1","max-image-preview":"max-image-preview:large","max-video-preview":"max-video-preview:-1"},"canonical":"https:\/\/blogs.uef.fi\/cudis\/2025\/11\/27\/tutustu-ita-suomen-yliopiston-tutkimuslaboratorioihin\/?lang=fi","og_locale":"en_US","og_type":"article","og_title":"Tutustu It\u00e4-Suomen yliopiston tutkimuslaboratorioihin - CUDIS - Cultural Knowledge and Digital Skills in Globalising Working Life","og_description":"It\u00e4-Suomen yliopiston korkeatasoisissa laboratorioissa tehd\u00e4\u00e4n sek\u00e4 perustutkimusta ett\u00e4 kehitt\u00e4mishankkeita yhteisty\u00f6ss\u00e4 yritysten ja organisaatioiden kanssa. CUDIS-hanke j\u00e4rjesti kaksi laboratoriokierrosta yrityksille ja opiskelijoille vuonna 2025. Vierailuilla kuultiin, miten uudet teknologiat ja tutkimus voivat hy\u00f6dytt\u00e4\u00e4 organisaatiota ja millaisia yhteisty\u00f6mahdollisuuksia on tarjolla. Vierailuilla perehdyttiin laboratorioiden laitteistoihin ja kokeiltiin niit\u00e4 k\u00e4yt\u00e4nn\u00f6ss\u00e4. Vierailimme kuudessa laboratoriossa: Joensuun kampus LogoLab on puheentutkimuksen laboratorio, [&hellip;]","og_url":"https:\/\/blogs.uef.fi\/cudis\/2025\/11\/27\/tutustu-ita-suomen-yliopiston-tutkimuslaboratorioihin\/?lang=fi","og_site_name":"CUDIS - Cultural Knowledge and Digital Skills in Globalising Working Life","article_published_time":"2025-11-27T08:44:56+00:00","article_modified_time":"2025-11-27T08:44:58+00:00","og_image":[{"width":2048,"height":1365,"url":"https:\/\/blogs.uef.fi\/cudis\/wp-content\/uploads\/sites\/191\/2025\/11\/CUDIS_laboratoriovierailut_2025.jpg","type":"image\/jpeg"}],"author":"oonja","twitter_card":"summary_large_image","twitter_misc":{"Written by":"oonja","Est. reading time":"3 minutes"},"schema":{"@context":"https:\/\/schema.org","@graph":[{"@type":"Article","@id":"https:\/\/blogs.uef.fi\/cudis\/2025\/11\/27\/tutustu-ita-suomen-yliopiston-tutkimuslaboratorioihin\/?lang=fi#article","isPartOf":{"@id":"https:\/\/blogs.uef.fi\/cudis\/2025\/11\/27\/tutustu-ita-suomen-yliopiston-tutkimuslaboratorioihin\/?lang=fi"},"author":{"name":"oonja","@id":"https:\/\/blogs.uef.fi\/cudis\/#\/schema\/person\/6ee24d7c1b3818feeb346b5e34b91d33"},"headline":"Tutustu It\u00e4-Suomen yliopiston tutkimuslaboratorioihin","datePublished":"2025-11-27T08:44:56+00:00","dateModified":"2025-11-27T08:44:58+00:00","mainEntityOfPage":{"@id":"https:\/\/blogs.uef.fi\/cudis\/2025\/11\/27\/tutustu-ita-suomen-yliopiston-tutkimuslaboratorioihin\/?lang=fi"},"wordCount":432,"commentCount":0,"image":{"@id":"https:\/\/blogs.uef.fi\/cudis\/2025\/11\/27\/tutustu-ita-suomen-yliopiston-tutkimuslaboratorioihin\/?lang=fi#primaryimage"},"thumbnailUrl":"https:\/\/blogs.uef.fi\/cudis\/wp-content\/uploads\/sites\/191\/2025\/11\/CUDIS_laboratoriovierailut_2025.jpg","articleSection":["Uncategorized @fi"],"inLanguage":"en-US","potentialAction":[{"@type":"CommentAction","name":"Comment","target":["https:\/\/blogs.uef.fi\/cudis\/2025\/11\/27\/tutustu-ita-suomen-yliopiston-tutkimuslaboratorioihin\/?lang=fi#respond"]}]},{"@type":"WebPage","@id":"https:\/\/blogs.uef.fi\/cudis\/2025\/11\/27\/tutustu-ita-suomen-yliopiston-tutkimuslaboratorioihin\/?lang=fi","url":"https:\/\/blogs.uef.fi\/cudis\/2025\/11\/27\/tutustu-ita-suomen-yliopiston-tutkimuslaboratorioihin\/?lang=fi","name":"Tutustu It\u00e4-Suomen yliopiston tutkimuslaboratorioihin - CUDIS - Cultural Knowledge and Digital Skills in Globalising Working Life","isPartOf":{"@id":"https:\/\/blogs.uef.fi\/cudis\/#website"},"primaryImageOfPage":{"@id":"https:\/\/blogs.uef.fi\/cudis\/2025\/11\/27\/tutustu-ita-suomen-yliopiston-tutkimuslaboratorioihin\/?lang=fi#primaryimage"},"image":{"@id":"https:\/\/blogs.uef.fi\/cudis\/2025\/11\/27\/tutustu-ita-suomen-yliopiston-tutkimuslaboratorioihin\/?lang=fi#primaryimage"},"thumbnailUrl":"https:\/\/blogs.uef.fi\/cudis\/wp-content\/uploads\/sites\/191\/2025\/11\/CUDIS_laboratoriovierailut_2025.jpg","datePublished":"2025-11-27T08:44:56+00:00","dateModified":"2025-11-27T08:44:58+00:00","author":{"@id":"https:\/\/blogs.uef.fi\/cudis\/#\/schema\/person\/6ee24d7c1b3818feeb346b5e34b91d33"},"breadcrumb":{"@id":"https:\/\/blogs.uef.fi\/cudis\/2025\/11\/27\/tutustu-ita-suomen-yliopiston-tutkimuslaboratorioihin\/?lang=fi#breadcrumb"},"inLanguage":"en-US","potentialAction":[{"@type":"ReadAction","target":["https:\/\/blogs.uef.fi\/cudis\/2025\/11\/27\/tutustu-ita-suomen-yliopiston-tutkimuslaboratorioihin\/?lang=fi"]}]},{"@type":"ImageObject","inLanguage":"en-US","@id":"https:\/\/blogs.uef.fi\/cudis\/2025\/11\/27\/tutustu-ita-suomen-yliopiston-tutkimuslaboratorioihin\/?lang=fi#primaryimage","url":"https:\/\/blogs.uef.fi\/cudis\/wp-content\/uploads\/sites\/191\/2025\/11\/CUDIS_laboratoriovierailut_2025.jpg","contentUrl":"https:\/\/blogs.uef.fi\/cudis\/wp-content\/uploads\/sites\/191\/2025\/11\/CUDIS_laboratoriovierailut_2025.jpg","width":2048,"height":1365},{"@type":"BreadcrumbList","@id":"https:\/\/blogs.uef.fi\/cudis\/2025\/11\/27\/tutustu-ita-suomen-yliopiston-tutkimuslaboratorioihin\/?lang=fi#breadcrumb","itemListElement":[{"@type":"ListItem","position":1,"name":"Home","item":"https:\/\/blogs.uef.fi\/cudis\/"},{"@type":"ListItem","position":2,"name":"Tutustu It\u00e4-Suomen yliopiston tutkimuslaboratorioihin"}]},{"@type":"WebSite","@id":"https:\/\/blogs.uef.fi\/cudis\/#website","url":"https:\/\/blogs.uef.fi\/cudis\/","name":"CUDIS - Cultural Knowledge and Digital Skills in Globalising Working Life","description":"","potentialAction":[{"@type":"SearchAction","target":{"@type":"EntryPoint","urlTemplate":"https:\/\/blogs.uef.fi\/cudis\/?s={search_term_string}"},"query-input":{"@type":"PropertyValueSpecification","valueRequired":true,"valueName":"search_term_string"}}],"inLanguage":"en-US"},{"@type":"Person","@id":"https:\/\/blogs.uef.fi\/cudis\/#\/schema\/person\/6ee24d7c1b3818feeb346b5e34b91d33","name":"oonja","image":{"@type":"ImageObject","inLanguage":"en-US","@id":"https:\/\/secure.gravatar.com\/avatar\/0d4c474d98bcfde2214b7c0d97ea979bc8b9555c2311cbc5d81bc65ec051740f?s=96&d=mm&r=g","url":"https:\/\/secure.gravatar.com\/avatar\/0d4c474d98bcfde2214b7c0d97ea979bc8b9555c2311cbc5d81bc65ec051740f?s=96&d=mm&r=g","contentUrl":"https:\/\/secure.gravatar.com\/avatar\/0d4c474d98bcfde2214b7c0d97ea979bc8b9555c2311cbc5d81bc65ec051740f?s=96&d=mm&r=g","caption":"oonja"},"url":"https:\/\/blogs.uef.fi\/cudis\/author\/oonja\/"}]}},"_links":{"self":[{"href":"https:\/\/blogs.uef.fi\/cudis\/wp-json\/wp\/v2\/posts\/5231","targetHints":{"allow":["GET"]}}],"collection":[{"href":"https:\/\/blogs.uef.fi\/cudis\/wp-json\/wp\/v2\/posts"}],"about":[{"href":"https:\/\/blogs.uef.fi\/cudis\/wp-json\/wp\/v2\/types\/post"}],"author":[{"embeddable":true,"href":"https:\/\/blogs.uef.fi\/cudis\/wp-json\/wp\/v2\/users\/619"}],"replies":[{"embeddable":true,"href":"https:\/\/blogs.uef.fi\/cudis\/wp-json\/wp\/v2\/comments?post=5231"}],"version-history":[{"count":2,"href":"https:\/\/blogs.uef.fi\/cudis\/wp-json\/wp\/v2\/posts\/5231\/revisions"}],"predecessor-version":[{"id":5253,"href":"https:\/\/blogs.uef.fi\/cudis\/wp-json\/wp\/v2\/posts\/5231\/revisions\/5253"}],"wp:featuredmedia":[{"embeddable":true,"href":"https:\/\/blogs.uef.fi\/cudis\/wp-json\/wp\/v2\/media\/5232"}],"wp:attachment":[{"href":"https:\/\/blogs.uef.fi\/cudis\/wp-json\/wp\/v2\/media?parent=5231"}],"wp:term":[{"taxonomy":"category","embeddable":true,"href":"https:\/\/blogs.uef.fi\/cudis\/wp-json\/wp\/v2\/categories?post=5231"},{"taxonomy":"post_tag","embeddable":true,"href":"https:\/\/blogs.uef.fi\/cudis\/wp-json\/wp\/v2\/tags?post=5231"}],"curies":[{"name":"wp","href":"https:\/\/api.w.org\/{rel}","templated":true}]}}