{"id":5014,"date":"2025-08-22T09:18:50","date_gmt":"2025-08-22T06:18:50","guid":{"rendered":"https:\/\/blogs.uef.fi\/cudis\/?p=5014"},"modified":"2025-08-22T09:19:49","modified_gmt":"2025-08-22T06:19:49","slug":"vastuullisia-ratkaisuja-pohjois-karjalan-kansainvalistymiseen","status":"publish","type":"post","link":"https:\/\/blogs.uef.fi\/cudis\/2025\/08\/22\/vastuullisia-ratkaisuja-pohjois-karjalan-kansainvalistymiseen\/?lang=fi","title":{"rendered":"Vastuullisia ratkaisuja Pohjois-Karjalan kansainv\u00e4listymiseen"},"content":{"rendered":"\n<p>It\u00e4-Suomen yliopiston CUDIS-hanke (ESR+) ja Pohjois-Karjalan maakuntaliitto j\u00e4rjestiv\u00e4t North Karelia Future Skills Forumin kev\u00e4tseminaarin Kansainv\u00e4listyv\u00e4n Pohjois-Karjalan vastuulliset ratkaisut 24.4.2025 Joensuun Tiedepuistolla. Tapahtuma oli suunnattu alueen yrityksille ja alukehitt\u00e4jille. Tapahtumassa pureuduttiin kansainv\u00e4listen osaajien vastuulliseen alueelliseen sitouttamiseen:<\/p>\n\n\n\n<ul class=\"wp-block-list\">\n<li>Pohjois-Karjala kansainv\u00e4listyy \u2013 alueen houkuttelevuus kansainv\u00e4lisille ty\u00f6ntekij\u00f6ille ja heid\u00e4n perheilleen.<\/li>\n\n\n\n<li>Uusien pohjoiskarjalaisten kotoutuminen ja kest\u00e4v\u00e4t ty\u00f6el\u00e4m\u00e4yhteydet.<\/li>\n\n\n\n<li>Kulttuurinen muutos ja ty\u00f6el\u00e4m\u00e4n vaatimukset.<\/li>\n<\/ul>\n\n\n\n<p>Tapahtumassa alustivat aluekehitysjohtaja Eira Varis (Pohjois-Karjalan maakuntaliitto), professori Risto Turunen (It\u00e4-Suomen yliopisto), kehitt\u00e4misp\u00e4\u00e4llikk\u00f6 Liisa Porento (Pohjois-Karjalan kauppakamari), Prodcut Marketing Director Thomas Mathews (Abloy oy), markkinointi- ja viestint\u00e4p\u00e4\u00e4llikk\u00f6 Nea Kolmonen (Youpret oy), monikulttuurisuusty\u00f6n koordinaattori Katri Silvonen (Pohjois-Karjalan sosiaaliturvayhdistys ry) ja varapuheenjohtaja Sami Tanskanen (Joensuun monikulttuurisuusyhdistys&nbsp; ry) sek\u00e4 kaksi opiskelijaa CUDIS-hankkeen j\u00e4rjest\u00e4m\u00e4st\u00e4 Would you stay in North Karelia? -ty\u00f6pajasta. Tapahtumaan osallistui kaikkiaan noin 40 henkil\u00f6\u00e4.<\/p>\n\n\n\n<p>Alla on muistio, johon on koottu seminaarin tulokset ja toimenpide-ehdotukset maakunnan kansainv\u00e4listymisedellytysten vahvistamiseen.<\/p>\n\n\n\n<p><a href=\"https:\/\/blogs.uef.fi\/cudis\/wp-content\/uploads\/sites\/191\/2025\/08\/Koonti-Kansainvalistyvan-Pohjois-Karjalan-vastuulliset-ratkaisut-24.4.2025.pdf\">Koonti Kansainv\u00e4listyv\u00e4n Pohjois-Karjalan vastuulliset ratkaisut 24.4.2025<\/a> (pdf)<\/p>\n","protected":false},"excerpt":{"rendered":"<p>It\u00e4-Suomen yliopiston CUDIS-hanke (ESR+) ja Pohjois-Karjalan maakuntaliitto j\u00e4rjestiv\u00e4t North Karelia Future Skills Forumin kev\u00e4tseminaarin Kansainv\u00e4listyv\u00e4n Pohjois-Karjalan vastuulliset ratkaisut 24.4.2025 Joensuun Tiedepuistolla. Tapahtuma oli suunnattu alueen yrityksille ja alukehitt\u00e4jille. Tapahtumassa pureuduttiin kansainv\u00e4listen osaajien vastuulliseen alueelliseen sitouttamiseen: Tapahtumassa alustivat aluekehitysjohtaja Eira Varis (Pohjois-Karjalan maakuntaliitto), professori Risto Turunen (It\u00e4-Suomen yliopisto), kehitt\u00e4misp\u00e4\u00e4llikk\u00f6 Liisa Porento (Pohjois-Karjalan kauppakamari), Prodcut Marketing Director [&hellip;]<\/p>\n","protected":false},"author":619,"featured_media":5023,"comment_status":"open","ping_status":"open","sticky":false,"template":"","format":"standard","meta":{"_acf_changed":false,"footnotes":""},"categories":[1],"tags":[],"class_list":["post-5014","post","type-post","status-publish","format-standard","has-post-thumbnail","hentry","category-uncategorized"],"acf":[],"yoast_head":"<!-- This site is optimized with the Yoast SEO plugin v27.3 - https:\/\/yoast.com\/product\/yoast-seo-wordpress\/ -->\n<title>Vastuullisia ratkaisuja Pohjois-Karjalan kansainv\u00e4listymiseen - CUDIS - Cultural Knowledge and Digital Skills in Globalising Working Life<\/title>\n<meta name=\"robots\" content=\"index, follow, max-snippet:-1, max-image-preview:large, max-video-preview:-1\" \/>\n<link rel=\"canonical\" href=\"https:\/\/blogs.uef.fi\/cudis\/2025\/08\/22\/vastuullisia-ratkaisuja-pohjois-karjalan-kansainvalistymiseen\/?lang=fi\" \/>\n<meta property=\"og:locale\" content=\"en_US\" \/>\n<meta property=\"og:type\" content=\"article\" \/>\n<meta property=\"og:title\" content=\"Vastuullisia ratkaisuja Pohjois-Karjalan kansainv\u00e4listymiseen - CUDIS - Cultural Knowledge and Digital Skills in Globalising Working Life\" \/>\n<meta property=\"og:description\" content=\"It\u00e4-Suomen yliopiston CUDIS-hanke (ESR+) ja Pohjois-Karjalan maakuntaliitto j\u00e4rjestiv\u00e4t North Karelia Future Skills Forumin kev\u00e4tseminaarin Kansainv\u00e4listyv\u00e4n Pohjois-Karjalan vastuulliset ratkaisut 24.4.2025 Joensuun Tiedepuistolla. Tapahtuma oli suunnattu alueen yrityksille ja alukehitt\u00e4jille. Tapahtumassa pureuduttiin kansainv\u00e4listen osaajien vastuulliseen alueelliseen sitouttamiseen: Tapahtumassa alustivat aluekehitysjohtaja Eira Varis (Pohjois-Karjalan maakuntaliitto), professori Risto Turunen (It\u00e4-Suomen yliopisto), kehitt\u00e4misp\u00e4\u00e4llikk\u00f6 Liisa Porento (Pohjois-Karjalan kauppakamari), Prodcut Marketing Director [&hellip;]\" \/>\n<meta property=\"og:url\" content=\"https:\/\/blogs.uef.fi\/cudis\/2025\/08\/22\/vastuullisia-ratkaisuja-pohjois-karjalan-kansainvalistymiseen\/?lang=fi\" \/>\n<meta property=\"og:site_name\" content=\"CUDIS - Cultural Knowledge and Digital Skills in Globalising Working Life\" \/>\n<meta property=\"article:published_time\" content=\"2025-08-22T06:18:50+00:00\" \/>\n<meta property=\"article:modified_time\" content=\"2025-08-22T06:19:49+00:00\" \/>\n<meta property=\"og:image\" content=\"https:\/\/blogs.uef.fi\/cudis\/wp-content\/uploads\/sites\/191\/2025\/08\/CUDIS-kevatseminaari-24.4.2025.jpg\" \/>\n\t<meta property=\"og:image:width\" content=\"1640\" \/>\n\t<meta property=\"og:image:height\" content=\"924\" \/>\n\t<meta property=\"og:image:type\" content=\"image\/jpeg\" \/>\n<meta name=\"author\" content=\"oonja\" \/>\n<meta name=\"twitter:card\" content=\"summary_large_image\" \/>\n<meta name=\"twitter:label1\" content=\"Written by\" \/>\n\t<meta name=\"twitter:data1\" content=\"oonja\" \/>\n\t<meta name=\"twitter:label2\" content=\"Est. reading time\" \/>\n\t<meta name=\"twitter:data2\" content=\"1 minute\" \/>\n<script type=\"application\/ld+json\" class=\"yoast-schema-graph\">{\"@context\":\"https:\\\/\\\/schema.org\",\"@graph\":[{\"@type\":\"Article\",\"@id\":\"https:\\\/\\\/blogs.uef.fi\\\/cudis\\\/2025\\\/08\\\/22\\\/vastuullisia-ratkaisuja-pohjois-karjalan-kansainvalistymiseen\\\/?lang=fi#article\",\"isPartOf\":{\"@id\":\"https:\\\/\\\/blogs.uef.fi\\\/cudis\\\/2025\\\/08\\\/22\\\/vastuullisia-ratkaisuja-pohjois-karjalan-kansainvalistymiseen\\\/?lang=fi\"},\"author\":{\"name\":\"oonja\",\"@id\":\"https:\\\/\\\/blogs.uef.fi\\\/cudis\\\/#\\\/schema\\\/person\\\/6ee24d7c1b3818feeb346b5e34b91d33\"},\"headline\":\"Vastuullisia ratkaisuja Pohjois-Karjalan kansainv\u00e4listymiseen\",\"datePublished\":\"2025-08-22T06:18:50+00:00\",\"dateModified\":\"2025-08-22T06:19:49+00:00\",\"mainEntityOfPage\":{\"@id\":\"https:\\\/\\\/blogs.uef.fi\\\/cudis\\\/2025\\\/08\\\/22\\\/vastuullisia-ratkaisuja-pohjois-karjalan-kansainvalistymiseen\\\/?lang=fi\"},\"wordCount\":175,\"commentCount\":0,\"image\":{\"@id\":\"https:\\\/\\\/blogs.uef.fi\\\/cudis\\\/2025\\\/08\\\/22\\\/vastuullisia-ratkaisuja-pohjois-karjalan-kansainvalistymiseen\\\/?lang=fi#primaryimage\"},\"thumbnailUrl\":\"https:\\\/\\\/blogs.uef.fi\\\/cudis\\\/wp-content\\\/uploads\\\/sites\\\/191\\\/2025\\\/08\\\/CUDIS-kevatseminaari-24.4.2025.jpg\",\"inLanguage\":\"en-US\",\"potentialAction\":[{\"@type\":\"CommentAction\",\"name\":\"Comment\",\"target\":[\"https:\\\/\\\/blogs.uef.fi\\\/cudis\\\/2025\\\/08\\\/22\\\/vastuullisia-ratkaisuja-pohjois-karjalan-kansainvalistymiseen\\\/?lang=fi#respond\"]}]},{\"@type\":\"WebPage\",\"@id\":\"https:\\\/\\\/blogs.uef.fi\\\/cudis\\\/2025\\\/08\\\/22\\\/vastuullisia-ratkaisuja-pohjois-karjalan-kansainvalistymiseen\\\/?lang=fi\",\"url\":\"https:\\\/\\\/blogs.uef.fi\\\/cudis\\\/2025\\\/08\\\/22\\\/vastuullisia-ratkaisuja-pohjois-karjalan-kansainvalistymiseen\\\/?lang=fi\",\"name\":\"Vastuullisia ratkaisuja Pohjois-Karjalan kansainv\u00e4listymiseen - CUDIS - Cultural Knowledge and Digital Skills in Globalising Working Life\",\"isPartOf\":{\"@id\":\"https:\\\/\\\/blogs.uef.fi\\\/cudis\\\/#website\"},\"primaryImageOfPage\":{\"@id\":\"https:\\\/\\\/blogs.uef.fi\\\/cudis\\\/2025\\\/08\\\/22\\\/vastuullisia-ratkaisuja-pohjois-karjalan-kansainvalistymiseen\\\/?lang=fi#primaryimage\"},\"image\":{\"@id\":\"https:\\\/\\\/blogs.uef.fi\\\/cudis\\\/2025\\\/08\\\/22\\\/vastuullisia-ratkaisuja-pohjois-karjalan-kansainvalistymiseen\\\/?lang=fi#primaryimage\"},\"thumbnailUrl\":\"https:\\\/\\\/blogs.uef.fi\\\/cudis\\\/wp-content\\\/uploads\\\/sites\\\/191\\\/2025\\\/08\\\/CUDIS-kevatseminaari-24.4.2025.jpg\",\"datePublished\":\"2025-08-22T06:18:50+00:00\",\"dateModified\":\"2025-08-22T06:19:49+00:00\",\"author\":{\"@id\":\"https:\\\/\\\/blogs.uef.fi\\\/cudis\\\/#\\\/schema\\\/person\\\/6ee24d7c1b3818feeb346b5e34b91d33\"},\"breadcrumb\":{\"@id\":\"https:\\\/\\\/blogs.uef.fi\\\/cudis\\\/2025\\\/08\\\/22\\\/vastuullisia-ratkaisuja-pohjois-karjalan-kansainvalistymiseen\\\/?lang=fi#breadcrumb\"},\"inLanguage\":\"en-US\",\"potentialAction\":[{\"@type\":\"ReadAction\",\"target\":[\"https:\\\/\\\/blogs.uef.fi\\\/cudis\\\/2025\\\/08\\\/22\\\/vastuullisia-ratkaisuja-pohjois-karjalan-kansainvalistymiseen\\\/?lang=fi\"]}]},{\"@type\":\"ImageObject\",\"inLanguage\":\"en-US\",\"@id\":\"https:\\\/\\\/blogs.uef.fi\\\/cudis\\\/2025\\\/08\\\/22\\\/vastuullisia-ratkaisuja-pohjois-karjalan-kansainvalistymiseen\\\/?lang=fi#primaryimage\",\"url\":\"https:\\\/\\\/blogs.uef.fi\\\/cudis\\\/wp-content\\\/uploads\\\/sites\\\/191\\\/2025\\\/08\\\/CUDIS-kevatseminaari-24.4.2025.jpg\",\"contentUrl\":\"https:\\\/\\\/blogs.uef.fi\\\/cudis\\\/wp-content\\\/uploads\\\/sites\\\/191\\\/2025\\\/08\\\/CUDIS-kevatseminaari-24.4.2025.jpg\",\"width\":1640,\"height\":924},{\"@type\":\"BreadcrumbList\",\"@id\":\"https:\\\/\\\/blogs.uef.fi\\\/cudis\\\/2025\\\/08\\\/22\\\/vastuullisia-ratkaisuja-pohjois-karjalan-kansainvalistymiseen\\\/?lang=fi#breadcrumb\",\"itemListElement\":[{\"@type\":\"ListItem\",\"position\":1,\"name\":\"Home\",\"item\":\"https:\\\/\\\/blogs.uef.fi\\\/cudis\\\/\"},{\"@type\":\"ListItem\",\"position\":2,\"name\":\"Vastuullisia ratkaisuja Pohjois-Karjalan kansainv\u00e4listymiseen\"}]},{\"@type\":\"WebSite\",\"@id\":\"https:\\\/\\\/blogs.uef.fi\\\/cudis\\\/#website\",\"url\":\"https:\\\/\\\/blogs.uef.fi\\\/cudis\\\/\",\"name\":\"CUDIS - Cultural Knowledge and Digital Skills in Globalising Working Life\",\"description\":\"\",\"potentialAction\":[{\"@type\":\"SearchAction\",\"target\":{\"@type\":\"EntryPoint\",\"urlTemplate\":\"https:\\\/\\\/blogs.uef.fi\\\/cudis\\\/?s={search_term_string}\"},\"query-input\":{\"@type\":\"PropertyValueSpecification\",\"valueRequired\":true,\"valueName\":\"search_term_string\"}}],\"inLanguage\":\"en-US\"},{\"@type\":\"Person\",\"@id\":\"https:\\\/\\\/blogs.uef.fi\\\/cudis\\\/#\\\/schema\\\/person\\\/6ee24d7c1b3818feeb346b5e34b91d33\",\"name\":\"oonja\",\"image\":{\"@type\":\"ImageObject\",\"inLanguage\":\"en-US\",\"@id\":\"https:\\\/\\\/secure.gravatar.com\\\/avatar\\\/0d4c474d98bcfde2214b7c0d97ea979bc8b9555c2311cbc5d81bc65ec051740f?s=96&d=mm&r=g\",\"url\":\"https:\\\/\\\/secure.gravatar.com\\\/avatar\\\/0d4c474d98bcfde2214b7c0d97ea979bc8b9555c2311cbc5d81bc65ec051740f?s=96&d=mm&r=g\",\"contentUrl\":\"https:\\\/\\\/secure.gravatar.com\\\/avatar\\\/0d4c474d98bcfde2214b7c0d97ea979bc8b9555c2311cbc5d81bc65ec051740f?s=96&d=mm&r=g\",\"caption\":\"oonja\"},\"url\":\"https:\\\/\\\/blogs.uef.fi\\\/cudis\\\/author\\\/oonja\\\/\"}]}<\/script>\n<!-- \/ Yoast SEO plugin. -->","yoast_head_json":{"title":"Vastuullisia ratkaisuja Pohjois-Karjalan kansainv\u00e4listymiseen - CUDIS - Cultural Knowledge and Digital Skills in Globalising Working Life","robots":{"index":"index","follow":"follow","max-snippet":"max-snippet:-1","max-image-preview":"max-image-preview:large","max-video-preview":"max-video-preview:-1"},"canonical":"https:\/\/blogs.uef.fi\/cudis\/2025\/08\/22\/vastuullisia-ratkaisuja-pohjois-karjalan-kansainvalistymiseen\/?lang=fi","og_locale":"en_US","og_type":"article","og_title":"Vastuullisia ratkaisuja Pohjois-Karjalan kansainv\u00e4listymiseen - CUDIS - Cultural Knowledge and Digital Skills in Globalising Working Life","og_description":"It\u00e4-Suomen yliopiston CUDIS-hanke (ESR+) ja Pohjois-Karjalan maakuntaliitto j\u00e4rjestiv\u00e4t North Karelia Future Skills Forumin kev\u00e4tseminaarin Kansainv\u00e4listyv\u00e4n Pohjois-Karjalan vastuulliset ratkaisut 24.4.2025 Joensuun Tiedepuistolla. Tapahtuma oli suunnattu alueen yrityksille ja alukehitt\u00e4jille. Tapahtumassa pureuduttiin kansainv\u00e4listen osaajien vastuulliseen alueelliseen sitouttamiseen: Tapahtumassa alustivat aluekehitysjohtaja Eira Varis (Pohjois-Karjalan maakuntaliitto), professori Risto Turunen (It\u00e4-Suomen yliopisto), kehitt\u00e4misp\u00e4\u00e4llikk\u00f6 Liisa Porento (Pohjois-Karjalan kauppakamari), Prodcut Marketing Director [&hellip;]","og_url":"https:\/\/blogs.uef.fi\/cudis\/2025\/08\/22\/vastuullisia-ratkaisuja-pohjois-karjalan-kansainvalistymiseen\/?lang=fi","og_site_name":"CUDIS - Cultural Knowledge and Digital Skills in Globalising Working Life","article_published_time":"2025-08-22T06:18:50+00:00","article_modified_time":"2025-08-22T06:19:49+00:00","og_image":[{"width":1640,"height":924,"url":"https:\/\/blogs.uef.fi\/cudis\/wp-content\/uploads\/sites\/191\/2025\/08\/CUDIS-kevatseminaari-24.4.2025.jpg","type":"image\/jpeg"}],"author":"oonja","twitter_card":"summary_large_image","twitter_misc":{"Written by":"oonja","Est. reading time":"1 minute"},"schema":{"@context":"https:\/\/schema.org","@graph":[{"@type":"Article","@id":"https:\/\/blogs.uef.fi\/cudis\/2025\/08\/22\/vastuullisia-ratkaisuja-pohjois-karjalan-kansainvalistymiseen\/?lang=fi#article","isPartOf":{"@id":"https:\/\/blogs.uef.fi\/cudis\/2025\/08\/22\/vastuullisia-ratkaisuja-pohjois-karjalan-kansainvalistymiseen\/?lang=fi"},"author":{"name":"oonja","@id":"https:\/\/blogs.uef.fi\/cudis\/#\/schema\/person\/6ee24d7c1b3818feeb346b5e34b91d33"},"headline":"Vastuullisia ratkaisuja Pohjois-Karjalan kansainv\u00e4listymiseen","datePublished":"2025-08-22T06:18:50+00:00","dateModified":"2025-08-22T06:19:49+00:00","mainEntityOfPage":{"@id":"https:\/\/blogs.uef.fi\/cudis\/2025\/08\/22\/vastuullisia-ratkaisuja-pohjois-karjalan-kansainvalistymiseen\/?lang=fi"},"wordCount":175,"commentCount":0,"image":{"@id":"https:\/\/blogs.uef.fi\/cudis\/2025\/08\/22\/vastuullisia-ratkaisuja-pohjois-karjalan-kansainvalistymiseen\/?lang=fi#primaryimage"},"thumbnailUrl":"https:\/\/blogs.uef.fi\/cudis\/wp-content\/uploads\/sites\/191\/2025\/08\/CUDIS-kevatseminaari-24.4.2025.jpg","inLanguage":"en-US","potentialAction":[{"@type":"CommentAction","name":"Comment","target":["https:\/\/blogs.uef.fi\/cudis\/2025\/08\/22\/vastuullisia-ratkaisuja-pohjois-karjalan-kansainvalistymiseen\/?lang=fi#respond"]}]},{"@type":"WebPage","@id":"https:\/\/blogs.uef.fi\/cudis\/2025\/08\/22\/vastuullisia-ratkaisuja-pohjois-karjalan-kansainvalistymiseen\/?lang=fi","url":"https:\/\/blogs.uef.fi\/cudis\/2025\/08\/22\/vastuullisia-ratkaisuja-pohjois-karjalan-kansainvalistymiseen\/?lang=fi","name":"Vastuullisia ratkaisuja Pohjois-Karjalan kansainv\u00e4listymiseen - CUDIS - Cultural Knowledge and Digital Skills in Globalising Working Life","isPartOf":{"@id":"https:\/\/blogs.uef.fi\/cudis\/#website"},"primaryImageOfPage":{"@id":"https:\/\/blogs.uef.fi\/cudis\/2025\/08\/22\/vastuullisia-ratkaisuja-pohjois-karjalan-kansainvalistymiseen\/?lang=fi#primaryimage"},"image":{"@id":"https:\/\/blogs.uef.fi\/cudis\/2025\/08\/22\/vastuullisia-ratkaisuja-pohjois-karjalan-kansainvalistymiseen\/?lang=fi#primaryimage"},"thumbnailUrl":"https:\/\/blogs.uef.fi\/cudis\/wp-content\/uploads\/sites\/191\/2025\/08\/CUDIS-kevatseminaari-24.4.2025.jpg","datePublished":"2025-08-22T06:18:50+00:00","dateModified":"2025-08-22T06:19:49+00:00","author":{"@id":"https:\/\/blogs.uef.fi\/cudis\/#\/schema\/person\/6ee24d7c1b3818feeb346b5e34b91d33"},"breadcrumb":{"@id":"https:\/\/blogs.uef.fi\/cudis\/2025\/08\/22\/vastuullisia-ratkaisuja-pohjois-karjalan-kansainvalistymiseen\/?lang=fi#breadcrumb"},"inLanguage":"en-US","potentialAction":[{"@type":"ReadAction","target":["https:\/\/blogs.uef.fi\/cudis\/2025\/08\/22\/vastuullisia-ratkaisuja-pohjois-karjalan-kansainvalistymiseen\/?lang=fi"]}]},{"@type":"ImageObject","inLanguage":"en-US","@id":"https:\/\/blogs.uef.fi\/cudis\/2025\/08\/22\/vastuullisia-ratkaisuja-pohjois-karjalan-kansainvalistymiseen\/?lang=fi#primaryimage","url":"https:\/\/blogs.uef.fi\/cudis\/wp-content\/uploads\/sites\/191\/2025\/08\/CUDIS-kevatseminaari-24.4.2025.jpg","contentUrl":"https:\/\/blogs.uef.fi\/cudis\/wp-content\/uploads\/sites\/191\/2025\/08\/CUDIS-kevatseminaari-24.4.2025.jpg","width":1640,"height":924},{"@type":"BreadcrumbList","@id":"https:\/\/blogs.uef.fi\/cudis\/2025\/08\/22\/vastuullisia-ratkaisuja-pohjois-karjalan-kansainvalistymiseen\/?lang=fi#breadcrumb","itemListElement":[{"@type":"ListItem","position":1,"name":"Home","item":"https:\/\/blogs.uef.fi\/cudis\/"},{"@type":"ListItem","position":2,"name":"Vastuullisia ratkaisuja Pohjois-Karjalan kansainv\u00e4listymiseen"}]},{"@type":"WebSite","@id":"https:\/\/blogs.uef.fi\/cudis\/#website","url":"https:\/\/blogs.uef.fi\/cudis\/","name":"CUDIS - Cultural Knowledge and Digital Skills in Globalising Working Life","description":"","potentialAction":[{"@type":"SearchAction","target":{"@type":"EntryPoint","urlTemplate":"https:\/\/blogs.uef.fi\/cudis\/?s={search_term_string}"},"query-input":{"@type":"PropertyValueSpecification","valueRequired":true,"valueName":"search_term_string"}}],"inLanguage":"en-US"},{"@type":"Person","@id":"https:\/\/blogs.uef.fi\/cudis\/#\/schema\/person\/6ee24d7c1b3818feeb346b5e34b91d33","name":"oonja","image":{"@type":"ImageObject","inLanguage":"en-US","@id":"https:\/\/secure.gravatar.com\/avatar\/0d4c474d98bcfde2214b7c0d97ea979bc8b9555c2311cbc5d81bc65ec051740f?s=96&d=mm&r=g","url":"https:\/\/secure.gravatar.com\/avatar\/0d4c474d98bcfde2214b7c0d97ea979bc8b9555c2311cbc5d81bc65ec051740f?s=96&d=mm&r=g","contentUrl":"https:\/\/secure.gravatar.com\/avatar\/0d4c474d98bcfde2214b7c0d97ea979bc8b9555c2311cbc5d81bc65ec051740f?s=96&d=mm&r=g","caption":"oonja"},"url":"https:\/\/blogs.uef.fi\/cudis\/author\/oonja\/"}]}},"_links":{"self":[{"href":"https:\/\/blogs.uef.fi\/cudis\/wp-json\/wp\/v2\/posts\/5014","targetHints":{"allow":["GET"]}}],"collection":[{"href":"https:\/\/blogs.uef.fi\/cudis\/wp-json\/wp\/v2\/posts"}],"about":[{"href":"https:\/\/blogs.uef.fi\/cudis\/wp-json\/wp\/v2\/types\/post"}],"author":[{"embeddable":true,"href":"https:\/\/blogs.uef.fi\/cudis\/wp-json\/wp\/v2\/users\/619"}],"replies":[{"embeddable":true,"href":"https:\/\/blogs.uef.fi\/cudis\/wp-json\/wp\/v2\/comments?post=5014"}],"version-history":[{"count":2,"href":"https:\/\/blogs.uef.fi\/cudis\/wp-json\/wp\/v2\/posts\/5014\/revisions"}],"predecessor-version":[{"id":5020,"href":"https:\/\/blogs.uef.fi\/cudis\/wp-json\/wp\/v2\/posts\/5014\/revisions\/5020"}],"wp:featuredmedia":[{"embeddable":true,"href":"https:\/\/blogs.uef.fi\/cudis\/wp-json\/wp\/v2\/media\/5023"}],"wp:attachment":[{"href":"https:\/\/blogs.uef.fi\/cudis\/wp-json\/wp\/v2\/media?parent=5014"}],"wp:term":[{"taxonomy":"category","embeddable":true,"href":"https:\/\/blogs.uef.fi\/cudis\/wp-json\/wp\/v2\/categories?post=5014"},{"taxonomy":"post_tag","embeddable":true,"href":"https:\/\/blogs.uef.fi\/cudis\/wp-json\/wp\/v2\/tags?post=5014"}],"curies":[{"name":"wp","href":"https:\/\/api.w.org\/{rel}","templated":true}]}}