{"id":4255,"date":"2024-11-19T10:29:13","date_gmt":"2024-11-19T07:29:13","guid":{"rendered":"https:\/\/blogs.uef.fi\/cudis\/?p=4255"},"modified":"2025-02-18T12:27:05","modified_gmt":"2025-02-18T09:27:05","slug":"opiskelijat-cudis-on-the-road-kiertueella","status":"publish","type":"post","link":"https:\/\/blogs.uef.fi\/cudis\/2024\/11\/19\/opiskelijat-cudis-on-the-road-kiertueella\/?lang=fi","title":{"rendered":"Opiskelijat CUDIS on the Road -kiertueella"},"content":{"rendered":"\n<p>Kirjallisuuden opiskelijat Kristiina Janhunen ja Henna Ehrukainen osallistuivat CUDIS on the -Road -kiertueelle lokakuussa 2024. Kohteina olivat Pohjois-Karjalan maakunnassa toimivat Nature Line Cutlery oy ja Valamon luostari. Miten reissu sujui? T\u00e4ss\u00e4 jutussa Kristiina ja Henna kertovat, mit\u00e4 uutta he oppivat, ja mit\u00e4 hy\u00f6dyllist\u00e4 tietoa matkalta tarttui mukaan.<\/p>\n\n\n\n<h2 class=\"wp-block-heading\"><strong>Ekologisia innovaatioita Nature Line Cutlery oy:ss\u00e4<\/strong><\/h2>\n\n\n\n<figure class=\"wp-block-image size-large is-resized\"><img loading=\"lazy\" decoding=\"async\" width=\"1024\" height=\"683\" src=\"https:\/\/blogs.uef.fi\/cudis\/wp-content\/uploads\/sites\/191\/2024\/11\/Nature-Line-Cutlery_CUDIS-on-the-Road-1024x683.jpg\" alt=\"Nature Line Cutleryn puukuiduista valmistettuja aterimia. \" class=\"wp-image-4282\" style=\"width:810px;height:auto\" srcset=\"https:\/\/blogs.uef.fi\/cudis\/wp-content\/uploads\/sites\/191\/2024\/11\/Nature-Line-Cutlery_CUDIS-on-the-Road-1024x683.jpg 1024w, https:\/\/blogs.uef.fi\/cudis\/wp-content\/uploads\/sites\/191\/2024\/11\/Nature-Line-Cutlery_CUDIS-on-the-Road-300x200.jpg 300w, https:\/\/blogs.uef.fi\/cudis\/wp-content\/uploads\/sites\/191\/2024\/11\/Nature-Line-Cutlery_CUDIS-on-the-Road-768x512.jpg 768w, https:\/\/blogs.uef.fi\/cudis\/wp-content\/uploads\/sites\/191\/2024\/11\/Nature-Line-Cutlery_CUDIS-on-the-Road-1536x1024.jpg 1536w, https:\/\/blogs.uef.fi\/cudis\/wp-content\/uploads\/sites\/191\/2024\/11\/Nature-Line-Cutlery_CUDIS-on-the-Road.jpg 2048w\" sizes=\"auto, (max-width: 1024px) 100vw, 1024px\" \/><figcaption class=\"wp-element-caption\">Kuva: Nature Line Cutleryn tuotteita.<\/figcaption><\/figure>\n\n\n\n<p>Suuntasimme p\u00e4iv\u00e4n aluksi Outokumpuun, jossa sijaitsee ekologisia puukuituaterimia valmistava Nature Line Cutlery oy. Yrityksen toimintaa esitteli meille Jarno Saarinen. Keskustelimme aluksi Saarisen kanssa yritystoiminnasta, jonka j\u00e4lkeen osallistuimme tehdaskierrokselle. Outokummun lis\u00e4ksi yrityksell\u00e4 on markkinoinnin toimipiste Vantaalla. Idea biokomposiittien k\u00e4ytt\u00f6\u00f6n l\u00e4hti Saarisen mukaan liikkeelle vuonna 2018. Nykyinen yritysmuoto perustettiin vuonna 2020.<\/p>\n\n\n\n<p>Ymp\u00e4rist\u00f6yst\u00e4v\u00e4llisist\u00e4 aterimista on olemassa eri malleja, jotka sopivat eri tilaisuuksiin, arkeen ja juhlaan. Aterimet valmistetaan puuteollisuuden j\u00e4temateriaaleista. N\u00e4it\u00e4 materiaaleja ovat puun ymp\u00e4rys ja rungon ylij\u00e4\u00e4m\u00e4. Tuotteissa k\u00e4ytet\u00e4\u00e4n my\u00f6s selluloosateollisuudesta tulevaa m\u00e4nty\u00f6ljy\u00e4. Jopa 99,8 prosenttia ruokailuv\u00e4lineiden materiaalista on siis puuta. Erityist\u00e4 on se, ett\u00e4 ruokailuv\u00e4lineiden valmistusprosessissa hiilijalanj\u00e4lki on alhainen. Raaka-aineiden tuottajana toimii nykyisin ruotsalainen Wood Composite Sweden.<\/p>\n\n\n\n<p>Puolet Nature Line Cutleryn tuotoista tulee Suomesta ja puolet ulkomailta. Yrityksen valmistamia haarukoita, veitsi\u00e4 ja lusikoita voi l\u00f6yt\u00e4\u00e4 esimerkiksi UEF:in kahviloista. Nature Line Cutlery oy:n tuotteita myyd\u00e4\u00e4n yli 20 maassa. Tuotteita menee runsaasti Keski-Eurooppaan, erityisesti Sveitsiin. Lis\u00e4ksi asiakkaita on muun muassa Keniassa, Intiassa ja Kreikassa.<\/p>\n\n\n\n<p>Kansainv\u00e4listyminen on yritykselle todella t\u00e4rke\u00e4\u00e4, ja ty\u00f6ntekij\u00f6it\u00e4 onkin useasta maasta. Tehtaalla ty\u00f6kieli on suomi ja Vantaan toimistolla englanti. Yrityksen keskeisimpi\u00e4 arvoja ovat elintarviketurvallisuus ja ekologisuus. N\u00e4en, ett\u00e4 yrityksen arvomaailma on t\u00e4rke\u00e4 muuttuvassa maailmassa.&nbsp;&nbsp;&nbsp;&nbsp;<\/p>\n\n\n\n<p>Ymp\u00e4rist\u00f6yst\u00e4v\u00e4llisyytt\u00e4 arvostetaan maailmalla enemm\u00e4n, jolloin ymp\u00e4rist\u00f6yst\u00e4v\u00e4llisi\u00e4 vaihtoehtoja suositaan mielell\u00e4\u00e4n. Myynnin kasvuun on vaikuttanut osaltaan SUP-direktiivi, joka on rajoittanut kertak\u00e4ytt\u00f6isten muovituotteiden myynti\u00e4 Euroopassa. Kyseisen direktiivin mukaan kertak\u00e4ytt\u00f6isten muovista valmistettujen ruokailuv\u00e4lineiden myynti on kielletty\u00e4 elokuusta 2021 alkaen. K\u00e4yt\u00e4nn\u00f6ss\u00e4 kaupat saavat myyd\u00e4 varastonsa loppuun, mutta uusien myyntierien on koostuttava ekologisemmista korvaavista tuotteista. T\u00e4st\u00e4 esimerkkin\u00e4 toimii Nature Line Cutlery oy:n valmistamat ruokailuv\u00e4lineet.<\/p>\n\n\n\n<p>Pohdimme vierailun aikana millaisia t\u00f6it\u00e4 ja mahdollisuuksia Nature Line Cutlery oy:ll\u00e4 olisi tarjota humanisteille. Saimme kuulla, ett\u00e4 yrityksess\u00e4 on tehty yksi kest\u00e4v\u00e4\u00e4 kehityst\u00e4 k\u00e4sittelev\u00e4 opinn\u00e4ytety\u00f6. Uusille opinn\u00e4ytteille on siten tilaa, koska ne voivat antaa hy\u00f6dyllist\u00e4 tietoa yrityksen toiminnan kehitt\u00e4miseen. Ty\u00f6el\u00e4m\u00e4n saralla humanististen alojen asiantuntijoita voitaisiin hy\u00f6dynt\u00e4\u00e4 varsinkin yrityksen markkinointiteht\u00e4viss\u00e4. Esimerkiksi keskustelujen aikana pohdimme yhdess\u00e4, kuinka aterimien uusiok\u00e4ytt\u00f6mahdollisuuksista voisi viesti\u00e4 asiakkaille aiempaa selke\u00e4mmin, jotta aterimia k\u00e4ytett\u00e4isiin useammin.&nbsp;<\/p>\n\n\n\n<p>Vierailu Nature Line Cutlery oy:ss\u00e4 oli hyvin antoisa. Halusin osallistua vierailulle, jotta saisin enemm\u00e4n tietoa yritysmaailmasta. Oli hienoa n\u00e4hd\u00e4, kuinka mielenkiintoista keskustelua ekologisuudesta syntyi vierailun aikana. Humanististen alojen osaajia todella tarvitaan markkinoinnin ja kansainv\u00e4listymisen kasvattamisessa.<\/p>\n\n\n\n<p><strong>Kirjoittaja<\/strong>: Kristiina Janhunen, kirjallisuuden p\u00e4\u00e4aineopiskelija<strong><br><\/strong><\/p>\n\n\n\n<h2 class=\"wp-block-heading\"><strong>Historian ja nykyp\u00e4iv\u00e4n kohtaamisia Valamon luostarissa<\/strong><\/h2>\n\n\n\n<figure class=\"wp-block-image size-large is-resized is-style-default\"><img loading=\"lazy\" decoding=\"async\" width=\"1024\" height=\"683\" src=\"https:\/\/blogs.uef.fi\/cudis\/wp-content\/uploads\/sites\/191\/2024\/11\/Valamon-luostari_CUDIS-on-the-Road-1024x683.jpg\" alt=\"Opiskelijaryhm\u00e4 Valamon luostarin pihalla.\" class=\"wp-image-4288\" style=\"width:810px;height:auto\" srcset=\"https:\/\/blogs.uef.fi\/cudis\/wp-content\/uploads\/sites\/191\/2024\/11\/Valamon-luostari_CUDIS-on-the-Road-1024x683.jpg 1024w, https:\/\/blogs.uef.fi\/cudis\/wp-content\/uploads\/sites\/191\/2024\/11\/Valamon-luostari_CUDIS-on-the-Road-300x200.jpg 300w, https:\/\/blogs.uef.fi\/cudis\/wp-content\/uploads\/sites\/191\/2024\/11\/Valamon-luostari_CUDIS-on-the-Road-768x512.jpg 768w, https:\/\/blogs.uef.fi\/cudis\/wp-content\/uploads\/sites\/191\/2024\/11\/Valamon-luostari_CUDIS-on-the-Road-1536x1024.jpg 1536w, https:\/\/blogs.uef.fi\/cudis\/wp-content\/uploads\/sites\/191\/2024\/11\/Valamon-luostari_CUDIS-on-the-Road.jpg 2048w\" sizes=\"auto, (max-width: 1024px) 100vw, 1024px\" \/><figcaption class=\"wp-element-caption\">Kuva: Opiskelijaryhm\u00e4 Valamon luostarissa. <\/figcaption><\/figure>\n\n\n\n<p>P\u00e4iv\u00e4n toinen vierailukohteemme oli Valamon luostari Hein\u00e4vedell\u00e4. Valamon luostari kuuluu Suomen ortodoksiseen kirkkoon. Se on nyky\u00e4\u00e4n noin kahdenkymmenen veljest\u00f6n j\u00e4senen koti, Suomen merkitt\u00e4vin ortodoksisen kulttuurin keskus ja suosittu matkailukohde.<\/p>\n\n\n\n<p>Vierailumme aikana luostarin nykyinen johtaja, arkkimandriitta Mikael, esitteli meille kivikirkkoa ja kertoi sen historiasta sek\u00e4 ortodoksisuudesta yleisesti. Keskustelimme my\u00f6s luostarin yritystoiminnasta.<\/p>\n\n\n\n<p>Luostarin historia ulottuu 1100-luvulle saakka: perim\u00e4tiedon mukaan se on perustettu viimeist\u00e4\u00e4n 1300-luvulla, ja sen ensimm\u00e4inen koti sijaitsi Valamon saarella Laatokalla. Valamon perustajina pidet\u00e4\u00e4n kahta saarella kilvoitellutta pyh\u00e4\u00e4, Sergei ja Herman Valamolaista. Luostarin historiaan mahtuu monenlaisia vaiheita, aina 1700-luvun uudelleenrakennuksesta kulta-aikaan ja lopulta evakuointiin toisen maailmansodan seurauksena vuonna 1940. Tuolloin 200-henkinen veljest\u00f6 siirsi kotinsa Laatokan Karjalasta Hein\u00e4veden Papinniemelle. Vuosikymmenten aikana veljest\u00f6 ik\u00e4\u00e4ntyi ja pieneni, mutta 1970-luvulla luostarinm\u00e4elle rakennettiin nykyinen kivinen p\u00e4\u00e4kirkko, ja veljest\u00f6\u00f6n liittyi uusia j\u00e4seni\u00e4.<\/p>\n\n\n\n<p>Hengellisen ohjauksen lis\u00e4ksi Valamon luostari tarjoaa majoitus- ja ravintolapalveluita sek\u00e4 koulutuksia Valamon opistossa. Kursseihin kuuluu esimerkiksi ikonimaalauskurssi, jossa on mahdollisuus edet\u00e4 aina alkeista mestaritasolle saakka. N\u00e4iden toimialojen lis\u00e4ksi luostari saa tuloja matkamuistomyym\u00e4l\u00e4st\u00e4, mets\u00e4omaisuudesta sek\u00e4 juomateollisuudesta. Valamon Viinitila ja Tislaamo oy on erillinen yritys, josta luostari omistaa suuren osan.<\/p>\n\n\n\n<p>Luostarissa asuvan ja ty\u00f6skentelev\u00e4n veljest\u00f6n lis\u00e4ksi se ty\u00f6llist\u00e4\u00e4 my\u00f6s muita ty\u00f6ntekij\u00f6it\u00e4. Heit\u00e4 on paitsi Suomesta my\u00f6s Virosta ja Ven\u00e4j\u00e4lt\u00e4. Kasvava matkailu on lis\u00e4nnyt tarvetta esimerkiksi saksan- ja ranskantaitoisille ty\u00f6ntekij\u00f6ille. Ty\u00f6ntekij\u00f6ilt\u00e4 edellytet\u00e4\u00e4n suomen ja englannin kielen taitoa. Vapaaehtoisty\u00f6ntekij\u00f6ilt\u00e4 ei vaadita suomen osaamista.<\/p>\n\n\n\n<p>Luostarin vilkkain vierailukausi on kes\u00e4ll\u00e4, kun taas talvella majoitus- ja ravintolapalveluissa on rauhallisempaa. Luostari pyrkii jatkuvasti kehitt\u00e4m\u00e4\u00e4n uusia toimintamuotoja, ja veljest\u00f6n j\u00e4seni\u00e4 kannustetaan ty\u00f6skentelem\u00e4\u00e4n luostarin hyv\u00e4ksi. He voivat kuitenkin halutessaan ty\u00f6skennell\u00e4 my\u00f6s muualla.<\/p>\n\n\n\n<p>Valamon luostarin markkinointia pyrit\u00e4\u00e4n kehitt\u00e4m\u00e4\u00e4n, mik\u00e4 kuitenkin vaatii hienovaraista otetta luostarin erityisluonteen vuoksi. Sosiaalisen median kehitt\u00e4minen on my\u00f6s ajankohtaista \u2013 esimerkiksi Instagramista halutaan tehd\u00e4 aktiivisempi kanava, jonka tavoitteena on edist\u00e4\u00e4 ihmisten hyvinvointia ja tuoda luostaritoimintaa tutuksi ihmisille.<\/p>\n\n\n\n<p>Millaisissa ty\u00f6teht\u00e4viss\u00e4 humanistit voisivat luostarissa toimia? He voisivat ty\u00f6skennell\u00e4 erityisesti luostarin markkinoinnin puolella. Humanistiopiskelijoillekin luostarissa on mahdollisuuksia, sill\u00e4 organisaatio on avoin erilaisille opinn\u00e4ytety\u00f6ehdotuksille. Esimerkiksi vanhoissa arkistoissa riitt\u00e4\u00e4 perehdytt\u00e4v\u00e4\u00e4. N\u00e4iden aineistojen digitointi on parhaillaan k\u00e4ynniss\u00e4.<\/p>\n\n\n\n<p>Luostarivierailun my\u00f6t\u00e4 k\u00e4sitys vuosisatoja vanhan luostaritoiminnan yhdistymisest\u00e4 nykyp\u00e4iv\u00e4\u00e4n syveni. Oli mielenkiintoista huomata, miten Valamon luostarin kaltainen paikka on valmis markkinoimaan itse\u00e4\u00e4n eri sosiaalisen median kanavissa.<\/p>\n\n\n\n<p><strong>Kirjoittaja<\/strong>: Henna Ehrukainen, kirjallisuuden p\u00e4\u00e4aineopiskelija<\/p>\n\n\n\n<p><em>\u201dCUDIS-hankkeen j\u00e4rjest\u00e4m\u00e4 vierailu oli mielest\u00e4mme kiinnostava tilaisuus tutustua Pohjois-Karjalassa toimiviin yrityksiin. Suosittelemme muitakin opiskelijoita osallistumaan hankkeen tarjoamiin mahdollisuuksiin verkostoitua ty\u00f6el\u00e4m\u00e4n edustajien kanssa. N\u00e4m\u00e4 ovat opintojen aikana ainutlaatuisia tilaisuuksia, joista hy\u00f6tyy kuka tahansa opiskelija.\u201d <\/em>\u2013 Kristiina &amp; Henna<\/p>\n\n\n\n<p>L\u00e4hteet:<\/p>\n\n\n\n<p><a href=\"https:\/\/valamo.fi\/\">Valamon luostari<\/a><\/p>\n\n\n\n<p><a href=\"https:\/\/natureline.fi\/\">Nature Line Cutlery Oy<\/a><\/p>\n\n\n\n<p><a href=\"https:\/\/tukes.fi\/tuotteet-ja-palvelut\/kertakayttoiset-muovituotteet-sup\">SUP-direktiivi<\/a><\/p>\n","protected":false},"excerpt":{"rendered":"<p>Kirjallisuuden opiskelijat Kristiina Janhunen ja Henna Ehrukainen osallistuivat CUDIS on the -Road -kiertueelle lokakuussa 2024. Kohteina olivat Pohjois-Karjalan maakunnassa toimivat Nature Line Cutlery oy ja Valamon luostari. Miten reissu sujui? T\u00e4ss\u00e4 jutussa Kristiina ja Henna kertovat, mit\u00e4 uutta he oppivat, ja mit\u00e4 hy\u00f6dyllist\u00e4 tietoa matkalta tarttui mukaan. Ekologisia innovaatioita Nature Line Cutlery oy:ss\u00e4 Suuntasimme p\u00e4iv\u00e4n [&hellip;]<\/p>\n","protected":false},"author":619,"featured_media":4276,"comment_status":"open","ping_status":"open","sticky":false,"template":"","format":"standard","meta":{"_acf_changed":false,"footnotes":""},"categories":[16],"tags":[],"class_list":["post-4255","post","type-post","status-publish","format-standard","has-post-thumbnail","hentry","category-uncategorized-fi"],"acf":[],"yoast_head":"<!-- This site is optimized with the Yoast SEO plugin v27.3 - https:\/\/yoast.com\/product\/yoast-seo-wordpress\/ -->\n<title>Opiskelijat CUDIS on the Road -kiertueella - CUDIS - Cultural Knowledge and Digital Skills in Globalising Working Life<\/title>\n<meta name=\"robots\" content=\"index, follow, max-snippet:-1, max-image-preview:large, max-video-preview:-1\" \/>\n<link rel=\"canonical\" href=\"https:\/\/blogs.uef.fi\/cudis\/2024\/11\/19\/opiskelijat-cudis-on-the-road-kiertueella\/?lang=fi\" \/>\n<meta property=\"og:locale\" content=\"en_US\" \/>\n<meta property=\"og:type\" content=\"article\" \/>\n<meta property=\"og:title\" content=\"Opiskelijat CUDIS on the Road -kiertueella - CUDIS - Cultural Knowledge and Digital Skills in Globalising Working Life\" \/>\n<meta property=\"og:description\" content=\"Kirjallisuuden opiskelijat Kristiina Janhunen ja Henna Ehrukainen osallistuivat CUDIS on the -Road -kiertueelle lokakuussa 2024. Kohteina olivat Pohjois-Karjalan maakunnassa toimivat Nature Line Cutlery oy ja Valamon luostari. Miten reissu sujui? T\u00e4ss\u00e4 jutussa Kristiina ja Henna kertovat, mit\u00e4 uutta he oppivat, ja mit\u00e4 hy\u00f6dyllist\u00e4 tietoa matkalta tarttui mukaan. Ekologisia innovaatioita Nature Line Cutlery oy:ss\u00e4 Suuntasimme p\u00e4iv\u00e4n [&hellip;]\" \/>\n<meta property=\"og:url\" content=\"https:\/\/blogs.uef.fi\/cudis\/2024\/11\/19\/opiskelijat-cudis-on-the-road-kiertueella\/?lang=fi\" \/>\n<meta property=\"og:site_name\" content=\"CUDIS - Cultural Knowledge and Digital Skills in Globalising Working Life\" \/>\n<meta property=\"article:published_time\" content=\"2024-11-19T07:29:13+00:00\" \/>\n<meta property=\"article:modified_time\" content=\"2025-02-18T09:27:05+00:00\" \/>\n<meta property=\"og:image\" content=\"https:\/\/blogs.uef.fi\/cudis\/wp-content\/uploads\/sites\/191\/2024\/11\/Valamon-luostari-ja-Nature-Line-Cutlery.jpg\" \/>\n\t<meta property=\"og:image:width\" content=\"2048\" \/>\n\t<meta property=\"og:image:height\" content=\"1365\" \/>\n\t<meta property=\"og:image:type\" content=\"image\/jpeg\" \/>\n<meta name=\"author\" content=\"oonja\" \/>\n<meta name=\"twitter:card\" content=\"summary_large_image\" \/>\n<meta name=\"twitter:label1\" content=\"Written by\" \/>\n\t<meta name=\"twitter:data1\" content=\"oonja\" \/>\n\t<meta name=\"twitter:label2\" content=\"Est. reading time\" \/>\n\t<meta name=\"twitter:data2\" content=\"5 minutes\" \/>\n<script type=\"application\/ld+json\" class=\"yoast-schema-graph\">{\"@context\":\"https:\\\/\\\/schema.org\",\"@graph\":[{\"@type\":\"Article\",\"@id\":\"https:\\\/\\\/blogs.uef.fi\\\/cudis\\\/2024\\\/11\\\/19\\\/opiskelijat-cudis-on-the-road-kiertueella\\\/?lang=fi#article\",\"isPartOf\":{\"@id\":\"https:\\\/\\\/blogs.uef.fi\\\/cudis\\\/2024\\\/11\\\/19\\\/opiskelijat-cudis-on-the-road-kiertueella\\\/?lang=fi\"},\"author\":{\"name\":\"oonja\",\"@id\":\"https:\\\/\\\/blogs.uef.fi\\\/cudis\\\/#\\\/schema\\\/person\\\/6ee24d7c1b3818feeb346b5e34b91d33\"},\"headline\":\"Opiskelijat CUDIS on the Road -kiertueella\",\"datePublished\":\"2024-11-19T07:29:13+00:00\",\"dateModified\":\"2025-02-18T09:27:05+00:00\",\"mainEntityOfPage\":{\"@id\":\"https:\\\/\\\/blogs.uef.fi\\\/cudis\\\/2024\\\/11\\\/19\\\/opiskelijat-cudis-on-the-road-kiertueella\\\/?lang=fi\"},\"wordCount\":975,\"commentCount\":0,\"image\":{\"@id\":\"https:\\\/\\\/blogs.uef.fi\\\/cudis\\\/2024\\\/11\\\/19\\\/opiskelijat-cudis-on-the-road-kiertueella\\\/?lang=fi#primaryimage\"},\"thumbnailUrl\":\"https:\\\/\\\/blogs.uef.fi\\\/cudis\\\/wp-content\\\/uploads\\\/sites\\\/191\\\/2024\\\/11\\\/Valamon-luostari-ja-Nature-Line-Cutlery.jpg\",\"articleSection\":[\"Uncategorized @fi\"],\"inLanguage\":\"en-US\",\"potentialAction\":[{\"@type\":\"CommentAction\",\"name\":\"Comment\",\"target\":[\"https:\\\/\\\/blogs.uef.fi\\\/cudis\\\/2024\\\/11\\\/19\\\/opiskelijat-cudis-on-the-road-kiertueella\\\/?lang=fi#respond\"]}]},{\"@type\":\"WebPage\",\"@id\":\"https:\\\/\\\/blogs.uef.fi\\\/cudis\\\/2024\\\/11\\\/19\\\/opiskelijat-cudis-on-the-road-kiertueella\\\/?lang=fi\",\"url\":\"https:\\\/\\\/blogs.uef.fi\\\/cudis\\\/2024\\\/11\\\/19\\\/opiskelijat-cudis-on-the-road-kiertueella\\\/?lang=fi\",\"name\":\"Opiskelijat CUDIS on the Road -kiertueella - CUDIS - Cultural Knowledge and Digital Skills in Globalising Working Life\",\"isPartOf\":{\"@id\":\"https:\\\/\\\/blogs.uef.fi\\\/cudis\\\/#website\"},\"primaryImageOfPage\":{\"@id\":\"https:\\\/\\\/blogs.uef.fi\\\/cudis\\\/2024\\\/11\\\/19\\\/opiskelijat-cudis-on-the-road-kiertueella\\\/?lang=fi#primaryimage\"},\"image\":{\"@id\":\"https:\\\/\\\/blogs.uef.fi\\\/cudis\\\/2024\\\/11\\\/19\\\/opiskelijat-cudis-on-the-road-kiertueella\\\/?lang=fi#primaryimage\"},\"thumbnailUrl\":\"https:\\\/\\\/blogs.uef.fi\\\/cudis\\\/wp-content\\\/uploads\\\/sites\\\/191\\\/2024\\\/11\\\/Valamon-luostari-ja-Nature-Line-Cutlery.jpg\",\"datePublished\":\"2024-11-19T07:29:13+00:00\",\"dateModified\":\"2025-02-18T09:27:05+00:00\",\"author\":{\"@id\":\"https:\\\/\\\/blogs.uef.fi\\\/cudis\\\/#\\\/schema\\\/person\\\/6ee24d7c1b3818feeb346b5e34b91d33\"},\"breadcrumb\":{\"@id\":\"https:\\\/\\\/blogs.uef.fi\\\/cudis\\\/2024\\\/11\\\/19\\\/opiskelijat-cudis-on-the-road-kiertueella\\\/?lang=fi#breadcrumb\"},\"inLanguage\":\"en-US\",\"potentialAction\":[{\"@type\":\"ReadAction\",\"target\":[\"https:\\\/\\\/blogs.uef.fi\\\/cudis\\\/2024\\\/11\\\/19\\\/opiskelijat-cudis-on-the-road-kiertueella\\\/?lang=fi\"]}]},{\"@type\":\"ImageObject\",\"inLanguage\":\"en-US\",\"@id\":\"https:\\\/\\\/blogs.uef.fi\\\/cudis\\\/2024\\\/11\\\/19\\\/opiskelijat-cudis-on-the-road-kiertueella\\\/?lang=fi#primaryimage\",\"url\":\"https:\\\/\\\/blogs.uef.fi\\\/cudis\\\/wp-content\\\/uploads\\\/sites\\\/191\\\/2024\\\/11\\\/Valamon-luostari-ja-Nature-Line-Cutlery.jpg\",\"contentUrl\":\"https:\\\/\\\/blogs.uef.fi\\\/cudis\\\/wp-content\\\/uploads\\\/sites\\\/191\\\/2024\\\/11\\\/Valamon-luostari-ja-Nature-Line-Cutlery.jpg\",\"width\":2048,\"height\":1365},{\"@type\":\"BreadcrumbList\",\"@id\":\"https:\\\/\\\/blogs.uef.fi\\\/cudis\\\/2024\\\/11\\\/19\\\/opiskelijat-cudis-on-the-road-kiertueella\\\/?lang=fi#breadcrumb\",\"itemListElement\":[{\"@type\":\"ListItem\",\"position\":1,\"name\":\"Home\",\"item\":\"https:\\\/\\\/blogs.uef.fi\\\/cudis\\\/\"},{\"@type\":\"ListItem\",\"position\":2,\"name\":\"Opiskelijat CUDIS on the Road -kiertueella\"}]},{\"@type\":\"WebSite\",\"@id\":\"https:\\\/\\\/blogs.uef.fi\\\/cudis\\\/#website\",\"url\":\"https:\\\/\\\/blogs.uef.fi\\\/cudis\\\/\",\"name\":\"CUDIS - Cultural Knowledge and Digital Skills in Globalising Working Life\",\"description\":\"\",\"potentialAction\":[{\"@type\":\"SearchAction\",\"target\":{\"@type\":\"EntryPoint\",\"urlTemplate\":\"https:\\\/\\\/blogs.uef.fi\\\/cudis\\\/?s={search_term_string}\"},\"query-input\":{\"@type\":\"PropertyValueSpecification\",\"valueRequired\":true,\"valueName\":\"search_term_string\"}}],\"inLanguage\":\"en-US\"},{\"@type\":\"Person\",\"@id\":\"https:\\\/\\\/blogs.uef.fi\\\/cudis\\\/#\\\/schema\\\/person\\\/6ee24d7c1b3818feeb346b5e34b91d33\",\"name\":\"oonja\",\"image\":{\"@type\":\"ImageObject\",\"inLanguage\":\"en-US\",\"@id\":\"https:\\\/\\\/secure.gravatar.com\\\/avatar\\\/0d4c474d98bcfde2214b7c0d97ea979bc8b9555c2311cbc5d81bc65ec051740f?s=96&d=mm&r=g\",\"url\":\"https:\\\/\\\/secure.gravatar.com\\\/avatar\\\/0d4c474d98bcfde2214b7c0d97ea979bc8b9555c2311cbc5d81bc65ec051740f?s=96&d=mm&r=g\",\"contentUrl\":\"https:\\\/\\\/secure.gravatar.com\\\/avatar\\\/0d4c474d98bcfde2214b7c0d97ea979bc8b9555c2311cbc5d81bc65ec051740f?s=96&d=mm&r=g\",\"caption\":\"oonja\"},\"url\":\"https:\\\/\\\/blogs.uef.fi\\\/cudis\\\/author\\\/oonja\\\/\"}]}<\/script>\n<!-- \/ Yoast SEO plugin. -->","yoast_head_json":{"title":"Opiskelijat CUDIS on the Road -kiertueella - CUDIS - Cultural Knowledge and Digital Skills in Globalising Working Life","robots":{"index":"index","follow":"follow","max-snippet":"max-snippet:-1","max-image-preview":"max-image-preview:large","max-video-preview":"max-video-preview:-1"},"canonical":"https:\/\/blogs.uef.fi\/cudis\/2024\/11\/19\/opiskelijat-cudis-on-the-road-kiertueella\/?lang=fi","og_locale":"en_US","og_type":"article","og_title":"Opiskelijat CUDIS on the Road -kiertueella - CUDIS - Cultural Knowledge and Digital Skills in Globalising Working Life","og_description":"Kirjallisuuden opiskelijat Kristiina Janhunen ja Henna Ehrukainen osallistuivat CUDIS on the -Road -kiertueelle lokakuussa 2024. Kohteina olivat Pohjois-Karjalan maakunnassa toimivat Nature Line Cutlery oy ja Valamon luostari. Miten reissu sujui? T\u00e4ss\u00e4 jutussa Kristiina ja Henna kertovat, mit\u00e4 uutta he oppivat, ja mit\u00e4 hy\u00f6dyllist\u00e4 tietoa matkalta tarttui mukaan. Ekologisia innovaatioita Nature Line Cutlery oy:ss\u00e4 Suuntasimme p\u00e4iv\u00e4n [&hellip;]","og_url":"https:\/\/blogs.uef.fi\/cudis\/2024\/11\/19\/opiskelijat-cudis-on-the-road-kiertueella\/?lang=fi","og_site_name":"CUDIS - Cultural Knowledge and Digital Skills in Globalising Working Life","article_published_time":"2024-11-19T07:29:13+00:00","article_modified_time":"2025-02-18T09:27:05+00:00","og_image":[{"width":2048,"height":1365,"url":"https:\/\/blogs.uef.fi\/cudis\/wp-content\/uploads\/sites\/191\/2024\/11\/Valamon-luostari-ja-Nature-Line-Cutlery.jpg","type":"image\/jpeg"}],"author":"oonja","twitter_card":"summary_large_image","twitter_misc":{"Written by":"oonja","Est. reading time":"5 minutes"},"schema":{"@context":"https:\/\/schema.org","@graph":[{"@type":"Article","@id":"https:\/\/blogs.uef.fi\/cudis\/2024\/11\/19\/opiskelijat-cudis-on-the-road-kiertueella\/?lang=fi#article","isPartOf":{"@id":"https:\/\/blogs.uef.fi\/cudis\/2024\/11\/19\/opiskelijat-cudis-on-the-road-kiertueella\/?lang=fi"},"author":{"name":"oonja","@id":"https:\/\/blogs.uef.fi\/cudis\/#\/schema\/person\/6ee24d7c1b3818feeb346b5e34b91d33"},"headline":"Opiskelijat CUDIS on the Road -kiertueella","datePublished":"2024-11-19T07:29:13+00:00","dateModified":"2025-02-18T09:27:05+00:00","mainEntityOfPage":{"@id":"https:\/\/blogs.uef.fi\/cudis\/2024\/11\/19\/opiskelijat-cudis-on-the-road-kiertueella\/?lang=fi"},"wordCount":975,"commentCount":0,"image":{"@id":"https:\/\/blogs.uef.fi\/cudis\/2024\/11\/19\/opiskelijat-cudis-on-the-road-kiertueella\/?lang=fi#primaryimage"},"thumbnailUrl":"https:\/\/blogs.uef.fi\/cudis\/wp-content\/uploads\/sites\/191\/2024\/11\/Valamon-luostari-ja-Nature-Line-Cutlery.jpg","articleSection":["Uncategorized @fi"],"inLanguage":"en-US","potentialAction":[{"@type":"CommentAction","name":"Comment","target":["https:\/\/blogs.uef.fi\/cudis\/2024\/11\/19\/opiskelijat-cudis-on-the-road-kiertueella\/?lang=fi#respond"]}]},{"@type":"WebPage","@id":"https:\/\/blogs.uef.fi\/cudis\/2024\/11\/19\/opiskelijat-cudis-on-the-road-kiertueella\/?lang=fi","url":"https:\/\/blogs.uef.fi\/cudis\/2024\/11\/19\/opiskelijat-cudis-on-the-road-kiertueella\/?lang=fi","name":"Opiskelijat CUDIS on the Road -kiertueella - CUDIS - Cultural Knowledge and Digital Skills in Globalising Working Life","isPartOf":{"@id":"https:\/\/blogs.uef.fi\/cudis\/#website"},"primaryImageOfPage":{"@id":"https:\/\/blogs.uef.fi\/cudis\/2024\/11\/19\/opiskelijat-cudis-on-the-road-kiertueella\/?lang=fi#primaryimage"},"image":{"@id":"https:\/\/blogs.uef.fi\/cudis\/2024\/11\/19\/opiskelijat-cudis-on-the-road-kiertueella\/?lang=fi#primaryimage"},"thumbnailUrl":"https:\/\/blogs.uef.fi\/cudis\/wp-content\/uploads\/sites\/191\/2024\/11\/Valamon-luostari-ja-Nature-Line-Cutlery.jpg","datePublished":"2024-11-19T07:29:13+00:00","dateModified":"2025-02-18T09:27:05+00:00","author":{"@id":"https:\/\/blogs.uef.fi\/cudis\/#\/schema\/person\/6ee24d7c1b3818feeb346b5e34b91d33"},"breadcrumb":{"@id":"https:\/\/blogs.uef.fi\/cudis\/2024\/11\/19\/opiskelijat-cudis-on-the-road-kiertueella\/?lang=fi#breadcrumb"},"inLanguage":"en-US","potentialAction":[{"@type":"ReadAction","target":["https:\/\/blogs.uef.fi\/cudis\/2024\/11\/19\/opiskelijat-cudis-on-the-road-kiertueella\/?lang=fi"]}]},{"@type":"ImageObject","inLanguage":"en-US","@id":"https:\/\/blogs.uef.fi\/cudis\/2024\/11\/19\/opiskelijat-cudis-on-the-road-kiertueella\/?lang=fi#primaryimage","url":"https:\/\/blogs.uef.fi\/cudis\/wp-content\/uploads\/sites\/191\/2024\/11\/Valamon-luostari-ja-Nature-Line-Cutlery.jpg","contentUrl":"https:\/\/blogs.uef.fi\/cudis\/wp-content\/uploads\/sites\/191\/2024\/11\/Valamon-luostari-ja-Nature-Line-Cutlery.jpg","width":2048,"height":1365},{"@type":"BreadcrumbList","@id":"https:\/\/blogs.uef.fi\/cudis\/2024\/11\/19\/opiskelijat-cudis-on-the-road-kiertueella\/?lang=fi#breadcrumb","itemListElement":[{"@type":"ListItem","position":1,"name":"Home","item":"https:\/\/blogs.uef.fi\/cudis\/"},{"@type":"ListItem","position":2,"name":"Opiskelijat CUDIS on the Road -kiertueella"}]},{"@type":"WebSite","@id":"https:\/\/blogs.uef.fi\/cudis\/#website","url":"https:\/\/blogs.uef.fi\/cudis\/","name":"CUDIS - Cultural Knowledge and Digital Skills in Globalising Working Life","description":"","potentialAction":[{"@type":"SearchAction","target":{"@type":"EntryPoint","urlTemplate":"https:\/\/blogs.uef.fi\/cudis\/?s={search_term_string}"},"query-input":{"@type":"PropertyValueSpecification","valueRequired":true,"valueName":"search_term_string"}}],"inLanguage":"en-US"},{"@type":"Person","@id":"https:\/\/blogs.uef.fi\/cudis\/#\/schema\/person\/6ee24d7c1b3818feeb346b5e34b91d33","name":"oonja","image":{"@type":"ImageObject","inLanguage":"en-US","@id":"https:\/\/secure.gravatar.com\/avatar\/0d4c474d98bcfde2214b7c0d97ea979bc8b9555c2311cbc5d81bc65ec051740f?s=96&d=mm&r=g","url":"https:\/\/secure.gravatar.com\/avatar\/0d4c474d98bcfde2214b7c0d97ea979bc8b9555c2311cbc5d81bc65ec051740f?s=96&d=mm&r=g","contentUrl":"https:\/\/secure.gravatar.com\/avatar\/0d4c474d98bcfde2214b7c0d97ea979bc8b9555c2311cbc5d81bc65ec051740f?s=96&d=mm&r=g","caption":"oonja"},"url":"https:\/\/blogs.uef.fi\/cudis\/author\/oonja\/"}]}},"_links":{"self":[{"href":"https:\/\/blogs.uef.fi\/cudis\/wp-json\/wp\/v2\/posts\/4255","targetHints":{"allow":["GET"]}}],"collection":[{"href":"https:\/\/blogs.uef.fi\/cudis\/wp-json\/wp\/v2\/posts"}],"about":[{"href":"https:\/\/blogs.uef.fi\/cudis\/wp-json\/wp\/v2\/types\/post"}],"author":[{"embeddable":true,"href":"https:\/\/blogs.uef.fi\/cudis\/wp-json\/wp\/v2\/users\/619"}],"replies":[{"embeddable":true,"href":"https:\/\/blogs.uef.fi\/cudis\/wp-json\/wp\/v2\/comments?post=4255"}],"version-history":[{"count":1,"href":"https:\/\/blogs.uef.fi\/cudis\/wp-json\/wp\/v2\/posts\/4255\/revisions"}],"predecessor-version":[{"id":4306,"href":"https:\/\/blogs.uef.fi\/cudis\/wp-json\/wp\/v2\/posts\/4255\/revisions\/4306"}],"wp:featuredmedia":[{"embeddable":true,"href":"https:\/\/blogs.uef.fi\/cudis\/wp-json\/wp\/v2\/media\/4276"}],"wp:attachment":[{"href":"https:\/\/blogs.uef.fi\/cudis\/wp-json\/wp\/v2\/media?parent=4255"}],"wp:term":[{"taxonomy":"category","embeddable":true,"href":"https:\/\/blogs.uef.fi\/cudis\/wp-json\/wp\/v2\/categories?post=4255"},{"taxonomy":"post_tag","embeddable":true,"href":"https:\/\/blogs.uef.fi\/cudis\/wp-json\/wp\/v2\/tags?post=4255"}],"curies":[{"name":"wp","href":"https:\/\/api.w.org\/{rel}","templated":true}]}}